{"id":1279231,"date":"2026-09-04T02:45:12","date_gmt":"2026-09-04T02:45:12","guid":{"rendered":"https:\/\/www.europesays.com\/de\/1279231\/"},"modified":"2026-09-04T02:45:12","modified_gmt":"2026-09-04T02:45:12","slug":"wie-fans-attentaeter-feiern-und-welche-gefahren-das-birgt-baden-wuerttemberg","status":"publish","type":"post","link":"https:\/\/www.europesays.com\/de\/1279231\/","title":{"rendered":"Wie Fans Attent\u00e4ter feiern &#8211; und welche Gefahren das birgt &#8211; Baden-W\u00fcrttemberg"},"content":{"rendered":"<p>Stuttgart (dpa) &#8211; Ob Amokl\u00e4ufe in Schulen, rassistische oder antisemitische Attentate: Im Grunde kann man die Uhr danach stellen, wann solche Vorf\u00e4lle im Netz debattiert werden. Da gibt es nicht nur Entsetzen oder Anteilnahme f\u00fcr Opfer und Hinterbliebene. Eine sogenannte Fanszene feiert die T\u00e4ter. Die Landesanstalt f\u00fcr Kommunikation Baden-W\u00fcrttemberg (LFK) hat sich das Ph\u00e4nomen im Rahmen einer Schwerpunktanalyse genauer angeschaut.<\/p>\n<p>Was ist die \u00abAttent\u00e4ter-Fanszene\u00bb?<\/p>\n<p>Auf<\/p>\n","protected":false},"excerpt":{"rendered":"Stuttgart (dpa) &#8211; Ob Amokl\u00e4ufe in Schulen, rassistische oder antisemitische Attentate: Im Grunde kann man die Uhr danach&hellip;\n","protected":false},"author":2,"featured_media":1279232,"comment_status":"","ping_status":"","sticky":false,"template":"","format":"standard","meta":{"footnotes":"","_share_on_mastodon":"0"},"categories":[1830],"tags":[1634,3364,29,73285,30,1724,198,1584,1441,7490],"class_list":["post-1279231","post","type-post","status-publish","format-standard","has-post-thumbnail","category-stuttgart","tag-baden-wuerttemberg","tag-de","tag-deutschland","tag-fragen-und-antworten","tag-germany","tag-gesellschaft","tag-internet","tag-kriminalitaet","tag-stuttgart","tag-vermischtes"],"share_on_mastodon":{"url":"https:\/\/pubeurope.com\/@de\/117210482349800921","error":""},"_links":{"self":[{"href":"https:\/\/www.europesays.com\/de\/wp-json\/wp\/v2\/posts\/1279231","targetHints":{"allow":["GET"]}}],"collection":[{"href":"https:\/\/www.europesays.com\/de\/wp-json\/wp\/v2\/posts"}],"about":[{"href":"https:\/\/www.europesays.com\/de\/wp-json\/wp\/v2\/types\/post"}],"author":[{"embeddable":true,"href":"https:\/\/www.europesays.com\/de\/wp-json\/wp\/v2\/users\/2"}],"replies":[{"embeddable":true,"href":"https:\/\/www.europesays.com\/de\/wp-json\/wp\/v2\/comments?post=1279231"}],"version-history":[{"count":0,"href":"https:\/\/www.europesays.com\/de\/wp-json\/wp\/v2\/posts\/1279231\/revisions"}],"wp:featuredmedia":[{"embeddable":true,"href":"https:\/\/www.europesays.com\/de\/wp-json\/wp\/v2\/media\/1279232"}],"wp:attachment":[{"href":"https:\/\/www.europesays.com\/de\/wp-json\/wp\/v2\/media?parent=1279231"}],"wp:term":[{"taxonomy":"category","embeddable":true,"href":"https:\/\/www.europesays.com\/de\/wp-json\/wp\/v2\/categories?post=1279231"},{"taxonomy":"post_tag","embeddable":true,"href":"https:\/\/www.europesays.com\/de\/wp-json\/wp\/v2\/tags?post=1279231"}],"curies":[{"name":"wp","href":"https:\/\/api.w.org\/{rel}","templated":true}]}}