{"id":1279244,"date":"2026-09-04T02:53:50","date_gmt":"2026-09-04T02:53:50","guid":{"rendered":"https:\/\/www.europesays.com\/de\/1279244\/"},"modified":"2026-09-04T02:53:50","modified_gmt":"2026-09-04T02:53:50","slug":"brandsaetze-in-muenchen-was-wir-wissen-und-was-nicht","status":"publish","type":"post","link":"https:\/\/www.europesays.com\/de\/1279244\/","title":{"rendered":"Brands\u00e4tze in M\u00fcnchen: Was wir wissen und was nicht"},"content":{"rendered":"<p id=\"absatz1\" class=\"em_text\">In der Nacht zum Donnerstag werden mehrere Brands\u00e4tze auf eine Baustelle in M\u00fcnchen geworfen. Zwei Verd\u00e4chtige werden sp\u00e4ter an einer Tankstelle festgenommen. Das Bayerische Landeskriminalamt (LKA) vermutet einen Anschlagsversuch gegen ein Unternehmen aus dem R\u00fcstungsbereich und ermittelt wegen eines politischen Hintergrunds. Ein \u00dcberblick, was zu dem Vorfall mittlerweile bekannt ist &#8211; und was noch nicht:<\/p>\n<p>Was wir wissen<\/p>\n<ul>\n<li>\nOrt und Zeit: In M\u00fcnchen gibt es in der Nacht eine Brandattacke auf eine Baustelle in unmittelbarer N\u00e4he zu B\u00fcrogeb\u00e4uden von R\u00fcstungsunternehmen und nicht weit vom M\u00fcnchner Ostbahnhof entfernt. Gegen Mitternacht sollen aus einem Auto heraus mehrere Brands\u00e4tze auf die Baustelle geworfen worden sein, wie ein Zeuge laut Polizei beobachtet.<\/li>\n<li>\nDetails der Brandattacke: Mindestens einer der Brands\u00e4tze l\u00f6st ein Feuer aus, das von Polizeikr\u00e4ften gel\u00f6scht wird. Spezialkr\u00e4fte entsch\u00e4rfen einen weiteren Brandsatz.<\/li>\n<li>\nSch\u00e4den: Gr\u00f6\u00dfere Sch\u00e4den entstehen nach Angaben der Polizei nicht.<\/li>\n<li>\nFestnahmen: Nach einer Fahndung werden an einer Tankstelle eine 28-j\u00e4hrige Frau und ein 38-j\u00e4hriger Mann festgenommen. Bei ihnen handelt es sich dem Bayerischen Landeskriminalamt (LKA) zufolge um zwei Bulgaren.<\/li>\n<li>\nZiel der Attacke: Nach LKA-Angaben galt der Angriff einem Unternehmen aus dem R\u00fcstungsbereich. Bayerns Innenminister Joachim Herrmann (CSU) spricht von \u201eBrandanschl\u00e4gen\u201d, deren Ziel \u201eGeb\u00e4ude oder Baustellen\u201d gewesen seien, \u201edie unmittelbar R\u00fcstungs- und Sicherheitsfirmen in M\u00fcnchen zuzurechnen sind\u201d.<\/li>\n<\/ul>\n<ul>\n<li>\nWer ermittelt: Die bei der Generalstaatsanwaltschaft M\u00fcnchen angesiedelte Bayerische Zentralstelle zur Bek\u00e4mpfung von Extremismus und Terrorismus (ZET) hat die Ermittlungen \u00fcbernommen. Auch das LKA ermittelt, weil ein politischer Hintergrund vermutet wird.<\/li>\n<li>\nForderung an die Bundesregierung: Bayerns Wirtschaftsminister Hubert Aiwanger (Freie W\u00e4hler) fordert einen besseren Schutz f\u00fcr deutsche Unternehmen und Infrastruktur. Von der Bundesregierung erwartet er \u201ezeitnah mehr Rechtssicherheit f\u00fcr ausgew\u00e4hlte Unternehmen, etwa im Bereich der Drohnenabwehr im Falle von Angriffen auf ihre Einrichtungen\u201d.<\/li>\n<\/ul>\n<p>Was wir nicht wissen<\/p>\n<ul>\n<li>\nBetroffenes Unternehmen: Welches R\u00fcstungsunternehmen Ziel der Attacke war, ist bislang unklar. Das LKA nennt den Namen nicht. Ob es sich um einen gezielten Anschlag auf eine der ans\u00e4ssigen Firmen handelt, ist laut Generalstaatsanwaltschaft Gegenstand der Ermittlungen.<\/li>\n<li>\nPolitischer Hintergrund: Ob es sich tats\u00e4chlich um einen Anschlagsversuch gegen ein R\u00fcstungsunternehmen handelt, ist nicht abschlie\u00dfend gekl\u00e4rt. Das LKA vermutet dies und ermittelt in diese Richtung. Unklar ist in dem Fall auch, ob der Vorfall etwa mit dem Ukraine-Krieg und mit den deutschen Milit\u00e4rhilfen f\u00fcr das von Russland angegriffene Land zusammenh\u00e4ngt.<\/li>\n<\/ul>\n<ul>\n<li>\nT\u00e4ter und m\u00f6gliche Hinterm\u00e4nner: Wie genau die beiden festgenommenen Personen mit der Tat in Verbindung stehen, ist bislang unklar. Nach Angaben eines LKA-Sprechers haben sie sich bisher nicht ge\u00e4u\u00dfert. Unklar ist auch, ob es Hinterm\u00e4nner oder Unterst\u00fctzer gibt.<\/li>\n<li>\nDetails zu den Brands\u00e4tzen: Die genaue Anzahl der verwendeten Brands\u00e4tze, ihre Bauart sowie weitere Details zur Tatvorbereitung sind nicht bekannt.<\/li>\n<\/ul>\n","protected":false},"excerpt":{"rendered":"In der Nacht zum Donnerstag werden mehrere Brands\u00e4tze auf eine Baustelle in M\u00fcnchen geworfen. Zwei Verd\u00e4chtige werden sp\u00e4ter&hellip;\n","protected":false},"author":2,"featured_media":1279245,"comment_status":"","ping_status":"","sticky":false,"template":"","format":"standard","meta":{"footnotes":"","_share_on_mastodon":"0"},"categories":[1827],"tags":[513,2461,772,12941,90226,1173,29,987,30,14936,1584,3824,48942,119710,1268,121,10934],"class_list":["post-1279244","post","type-post","status-publish","format-standard","has-post-thumbnail","category-muenchen","tag-auto","tag-baustelle","tag-bayern","tag-brandanschlag","tag-brandsatz","tag-bundesregierung","tag-deutschland","tag-feuer","tag-germany","tag-innere-sicherheit","tag-kriminalitaet","tag-lka","tag-lka-bayern","tag-meta_dpa_regiolinegeo_bayern","tag-muenchen","tag-polizei","tag-tankstelle"],"share_on_mastodon":{"url":"https:\/\/pubeurope.com\/@de\/117210517749697417","error":""},"_links":{"self":[{"href":"https:\/\/www.europesays.com\/de\/wp-json\/wp\/v2\/posts\/1279244","targetHints":{"allow":["GET"]}}],"collection":[{"href":"https:\/\/www.europesays.com\/de\/wp-json\/wp\/v2\/posts"}],"about":[{"href":"https:\/\/www.europesays.com\/de\/wp-json\/wp\/v2\/types\/post"}],"author":[{"embeddable":true,"href":"https:\/\/www.europesays.com\/de\/wp-json\/wp\/v2\/users\/2"}],"replies":[{"embeddable":true,"href":"https:\/\/www.europesays.com\/de\/wp-json\/wp\/v2\/comments?post=1279244"}],"version-history":[{"count":0,"href":"https:\/\/www.europesays.com\/de\/wp-json\/wp\/v2\/posts\/1279244\/revisions"}],"wp:featuredmedia":[{"embeddable":true,"href":"https:\/\/www.europesays.com\/de\/wp-json\/wp\/v2\/media\/1279245"}],"wp:attachment":[{"href":"https:\/\/www.europesays.com\/de\/wp-json\/wp\/v2\/media?parent=1279244"}],"wp:term":[{"taxonomy":"category","embeddable":true,"href":"https:\/\/www.europesays.com\/de\/wp-json\/wp\/v2\/categories?post=1279244"},{"taxonomy":"post_tag","embeddable":true,"href":"https:\/\/www.europesays.com\/de\/wp-json\/wp\/v2\/tags?post=1279244"}],"curies":[{"name":"wp","href":"https:\/\/api.w.org\/{rel}","templated":true}]}}