{"id":1279264,"date":"2026-09-04T03:05:16","date_gmt":"2026-09-04T03:05:16","guid":{"rendered":"https:\/\/www.europesays.com\/de\/1279264\/"},"modified":"2026-09-04T03:05:16","modified_gmt":"2026-09-04T03:05:16","slug":"neuss-zehn-jahre-skulpturenhalle-thomas-schuette","status":"publish","type":"post","link":"https:\/\/www.europesays.com\/de\/1279264\/","title":{"rendered":"Neuss: Zehn Jahre Skulpturenhalle Thomas Sch\u00fctte"},"content":{"rendered":"<p class=\"text_ohne_einzug richtext text-em-55 !leading-serif mx-6 desktop:mx-0\">Die Skulpturenhalle von Thomas Sch\u00fctte neben der Raketenstation Hombroich besteht seit zehn Jahren. Zu diesem \u201eGeburtstag\u201c schenkt sich Sch\u00fctte die Wiederausstellung seiner Werkgruppe \u201eFrauen\u201c, die zuletzt 2013 im Folkwang Museum Essen zu sehen war. Er\u00f6ffnet wird die Neusser Ausstellung am Sonntag, 6. September, (12 bis 17 Uhr). Parallel dazu wird die Kunstsammlung Nordrhein-Westfalen ab dem 14. November im D\u00fcsseldorfer St\u00e4ndehaus <a href=\"https:\/\/rp-online.de\/thema\/k21\/\" rel=\"nofollow noopener\" target=\"_blank\">K21<\/a> eine gro\u00dfe Einzelausstellung ausrichten. Vor zwei Jahren hatte bereits das MoMA in New York eine gro\u00dfe Sch\u00fctte-Retrospektive mit \u00fcber 100 Werken ausgerichtet.<\/p>\n<p class=\"richtext text-em-55 !leading-serif mx-6 desktop:mx-0\">Keine Frage, der 71-j\u00e4hrige Thomas Sch\u00fctte geh\u00f6rt heute zu den herausragenden Bildhauern seiner Generation. Kunsthistorisch wichtig: Nach der vorherrschenden Minimal und Concept Art hat er an der Menschenfigur festgehalten und Ende der 1990er-Jahre den weiblichen Akt wiederbelebt \u2013 obwohl die Gattung als umstritten und erledigt galt.<\/p>\n<p class=\"richtext text-em-55 !leading-serif mx-6 desktop:mx-0\">Der Ausstellungstitel \u201eFrauen\u201c hilft nicht viel weiter. Denn Sch\u00fctte macht keine inhaltlichen Aussagen, er zieht sich auf das Formale zur\u00fcck: Ausgehend von kleinen Keramikmodellen hat er einige wenige ausgew\u00e4hlt, die er vergr\u00f6\u00dfert und in verschiedenen Materialien wie Bronze, Stahl und Aluminium, teilweise mit Autolack \u00fcberzogen, gie\u00dfen l\u00e4sst.<\/p>\n<p class=\"richtext text-em-55 !leading-serif mx-6 desktop:mx-0\">Nun zeigt er den Zyklus aus 18 Skulpturen erstmals wieder in der Skulpturenhalle. Dort wirkten sie dem K\u00fcnstler zu aufgereiht. Er zog daraus die Konsequenz und zeigt jeweils nur ein Drittel der Skulpturen. Der Rest bleibt mit T\u00fcchern verh\u00fcllt. Welche zu sehen sind, wechselt regelm\u00e4\u00dfig. Wer alle sehen will, muss also dreimal zu unterschiedlichen Zeiten die Ausstellung besuchen.<\/p>\n<p class=\"richtext text-em-55 !leading-serif mx-6 desktop:mx-0\">F\u00fcr Thomas Sch\u00fctte, der w\u00e4hrend seines Studiums bei <a href=\"https:\/\/rp-online.de\/thema\/gerhard-richter\/\" rel=\"nofollow noopener\" target=\"_blank\">Gerhard Richter<\/a> und Fritz Schwegler an der D\u00fcsseldorfer Kunstakademie nie klassisches Aktzeichnen gemacht hat, sind die 18 Frauen-Gruppen ein zentraler Werkbereich. Er hat sich an K\u00fcnstlern wie Matisse, Picasso und vor allem an Maillol orientiert. In Form und Material hat Sch\u00fctte darauf eine zeitgen\u00f6ssische Antwort gegeben. Die Deformation mit verdrehten K\u00f6rpern und fehlenden K\u00f6pfen bricht mit dem klassischen Ideal. Auch werden die liegenden Figuren nie auf einen Sockel gestellt, sondern auf Stahl-Tische. So wird die Figur n\u00fcchtern erfahrbar gemacht, aber nie erh\u00f6ht oder gar erotisiert. Auch die Verdrehungen und unbequemen K\u00f6rperhaltungen sind wohl nicht als Stellungnahme zur Unterdr\u00fcckung von Frauen zu verstehen.<\/p>\n<p class=\"italic richtext text-em-55 !leading-serif mx-6 desktop:mx-0\"><strong class=\"font-bold dark:text-white-solid\">Info<\/strong> Die Ausstellung \u201eFrauen \u2013 zehn Jahre Skulpturenhalle\u201c ist bis zum 11. April 2027 zu sehen. Er\u00f6ffnung ist am 6. September von 12 bis 17 Uhr in der Halle Lindenweg\/Berger Weg in Holzheim. \u00d6ffnungszeiten: Freitag bis Sonntag, 10 bis 18 Uhr. Eintritt: F\u00fcnf Euro.<\/p>\n","protected":false},"excerpt":{"rendered":"Die Skulpturenhalle von Thomas Sch\u00fctte neben der Raketenstation Hombroich besteht seit zehn Jahren. Zu diesem \u201eGeburtstag\u201c schenkt sich&hellip;\n","protected":false},"author":2,"featured_media":1279265,"comment_status":"","ping_status":"","sticky":false,"template":"","format":"standard","meta":{"footnotes":"","_share_on_mastodon":"0"},"categories":[1775],"tags":[1793,2076,186512,29,3679,122885,214,30,4062,10086,1794,3910,10430,263980,3298,263979,939,131548,215,263981],"class_list":["post-1279264","post","type-post","status-publish","format-standard","has-post-thumbnail","category-kunst-und-design","tag-art-and-design","tag-ausstellung","tag-ausstellungstitel","tag-deutschland","tag-duesseldorfer","tag-einzelausstellung","tag-entertainment","tag-germany","tag-halle","tag-klassischen","tag-kunst-und-design","tag-kuenstler","tag-neuss","tag-raketenstation","tag-skulpturen","tag-skulpturenhalle","tag-stahl","tag-thomas-schuette","tag-unterhaltung","tag-wiederausstellung"],"share_on_mastodon":{"url":"","error":""},"_links":{"self":[{"href":"https:\/\/www.europesays.com\/de\/wp-json\/wp\/v2\/posts\/1279264","targetHints":{"allow":["GET"]}}],"collection":[{"href":"https:\/\/www.europesays.com\/de\/wp-json\/wp\/v2\/posts"}],"about":[{"href":"https:\/\/www.europesays.com\/de\/wp-json\/wp\/v2\/types\/post"}],"author":[{"embeddable":true,"href":"https:\/\/www.europesays.com\/de\/wp-json\/wp\/v2\/users\/2"}],"replies":[{"embeddable":true,"href":"https:\/\/www.europesays.com\/de\/wp-json\/wp\/v2\/comments?post=1279264"}],"version-history":[{"count":0,"href":"https:\/\/www.europesays.com\/de\/wp-json\/wp\/v2\/posts\/1279264\/revisions"}],"wp:featuredmedia":[{"embeddable":true,"href":"https:\/\/www.europesays.com\/de\/wp-json\/wp\/v2\/media\/1279265"}],"wp:attachment":[{"href":"https:\/\/www.europesays.com\/de\/wp-json\/wp\/v2\/media?parent=1279264"}],"wp:term":[{"taxonomy":"category","embeddable":true,"href":"https:\/\/www.europesays.com\/de\/wp-json\/wp\/v2\/categories?post=1279264"},{"taxonomy":"post_tag","embeddable":true,"href":"https:\/\/www.europesays.com\/de\/wp-json\/wp\/v2\/tags?post=1279264"}],"curies":[{"name":"wp","href":"https:\/\/api.w.org\/{rel}","templated":true}]}}