{"id":1279269,"date":"2026-09-04T03:09:25","date_gmt":"2026-09-04T03:09:25","guid":{"rendered":"https:\/\/www.europesays.com\/de\/1279269\/"},"modified":"2026-09-04T03:09:25","modified_gmt":"2026-09-04T03:09:25","slug":"from-the-vault-the-nest","status":"publish","type":"post","link":"https:\/\/www.europesays.com\/de\/1279269\/","title":{"rendered":"From the Vault: &#8222;The Nest"},"content":{"rendered":"<p>&#13;<br \/>\n                        &#13;<br \/>\n                        &#13;<br \/>\n                                                 &#13;<br \/>\n                        \t\t\t\t\t\t\t\t\t\t                        &#13;<br \/>\n                                &#13;<br \/>\n                                                  &#13;<br \/>\n&#13;<br \/>\n                        <img fetchpriority=\"high\" width=\"1000\" height=\"565\" src=\"https:\/\/www.europesays.com\/de\/wp-content\/uploads\/2026\/09\/the-nest-scanavo-cases-bluray.jpg\" class=\"cj-featured-inline wp-post-image\" alt=\"From the Vault: \u201eThe Nest \u2013 Brutst\u00e4tte des Grauens\u201c in Blu-ray Cases ab November 2026\" loading=\"eager\" decoding=\"async\"  \/><\/p>\n<p>Im Rahmen der \u201eFrom the Vault\u201c-Reihe erscheint im November 2026 der Horrorfilm \u201eThe Nest \u2013 Brutst\u00e4tte des Grauens\u201c (1988), mit Robert Lansing, Franc Luz, Lisa Langlois und Terri Treas, mit der Nummer #91 in Scanavo Cases in zwei Cover-Varianten mit digitalem Booklet. Die Discs sind identisch zu den bereits bekannten.<\/p>\n<p><strong>Tonspuren<\/strong><\/p>\n<ul>\n<li>Deutsch DTS-HD MA 2.0<\/li>\n<li>Englisch DTS-HD MA 2.0<\/li>\n<\/ul>\n<p><strong>Bonusmaterial<\/strong><\/p>\n<p>Der Release ist voraussichtlich am 20.11.2026.<\/p>\n<p><strong>Handlung<\/strong><\/p>\n<p>Auf der Insel North Port versucht B\u00fcrgermeister Elias Johnson, mit Investitionen der Firma Intec den Tourismus anzukurbeln. Im Gegenzug f\u00fchrt das Unternehmen dort heimlich Gen-Experimente durch. Als sich die Kakerlaken pl\u00f6tzlich stark vermehren und Sheriff Richard Tarbell gemeinsam mit seiner Jugendfreundin Beth einen zerfressenen Hundekadaver entdeckt, wird die Wissenschaftlerin Dr. Morgan Hubbard mit der Untersuchung beauftragt. Dabei zeigt sich, dass die manipulierten Schaben nicht wie vorgesehen aufeinander losgehen, sondern andere Tiere angreifen. Schon bald werden auch Menschen zur Beute der Insekten. Intec erw\u00e4gt schlie\u00dflich den Einsatz des hochgiftigen Rhetinom, um die Plage unter Kontrolle zu bringen.<\/p>\n<p>\u00a0<\/p>\n<p>&#13;<\/p>\n","protected":false},"excerpt":{"rendered":"&#13; &#13; &#13; &#13; &#13; &#13; &#13; &#13; Im Rahmen der \u201eFrom the Vault\u201c-Reihe erscheint im November 2026&hellip;\n","protected":false},"author":2,"featured_media":1279270,"comment_status":"","ping_status":"","sticky":false,"template":"","format":"standard","meta":{"footnotes":"","_share_on_mastodon":"0"},"categories":[1771],"tags":[1778,29,214,30,95,1777,215],"class_list":["post-1279269","post","type-post","status-publish","format-standard","has-post-thumbnail","category-kino","tag-cinema","tag-deutschland","tag-entertainment","tag-germany","tag-kino","tag-movie","tag-unterhaltung"],"share_on_mastodon":{"url":"","error":""},"_links":{"self":[{"href":"https:\/\/www.europesays.com\/de\/wp-json\/wp\/v2\/posts\/1279269","targetHints":{"allow":["GET"]}}],"collection":[{"href":"https:\/\/www.europesays.com\/de\/wp-json\/wp\/v2\/posts"}],"about":[{"href":"https:\/\/www.europesays.com\/de\/wp-json\/wp\/v2\/types\/post"}],"author":[{"embeddable":true,"href":"https:\/\/www.europesays.com\/de\/wp-json\/wp\/v2\/users\/2"}],"replies":[{"embeddable":true,"href":"https:\/\/www.europesays.com\/de\/wp-json\/wp\/v2\/comments?post=1279269"}],"version-history":[{"count":0,"href":"https:\/\/www.europesays.com\/de\/wp-json\/wp\/v2\/posts\/1279269\/revisions"}],"wp:featuredmedia":[{"embeddable":true,"href":"https:\/\/www.europesays.com\/de\/wp-json\/wp\/v2\/media\/1279270"}],"wp:attachment":[{"href":"https:\/\/www.europesays.com\/de\/wp-json\/wp\/v2\/media?parent=1279269"}],"wp:term":[{"taxonomy":"category","embeddable":true,"href":"https:\/\/www.europesays.com\/de\/wp-json\/wp\/v2\/categories?post=1279269"},{"taxonomy":"post_tag","embeddable":true,"href":"https:\/\/www.europesays.com\/de\/wp-json\/wp\/v2\/tags?post=1279269"}],"curies":[{"name":"wp","href":"https:\/\/api.w.org\/{rel}","templated":true}]}}