{"id":1279275,"date":"2026-09-04T03:12:21","date_gmt":"2026-09-04T03:12:21","guid":{"rendered":"https:\/\/www.europesays.com\/de\/1279275\/"},"modified":"2026-09-04T03:12:21","modified_gmt":"2026-09-04T03:12:21","slug":"gluecksgefuehle-festival-mit-250-000-besuchern-ausverkauft-unterhaltung","status":"publish","type":"post","link":"https:\/\/www.europesays.com\/de\/1279275\/","title":{"rendered":"\u201eGl\u00fccksgef\u00fchle\u201c-Festival: Mit 250.000 Besuchern ausverkauft! | Unterhaltung"},"content":{"rendered":"<p><a class=\"skip-content skip-content--link\" href=\"#in-content-skip-link-target-v-0-0\">TTS-Player \u00fcberspringen\u21b5<\/a><a id=\"in-content-skip-link-target-v-0-0\" class=\"skip-content--target-link-hidden skip-content skip-content--target-link\" href=\"#in-content-skip-link-target-v-0-0\">Artikel weiterlesen<\/a><\/p>\n<p>Hockenheim (Baden-W\u00fcrttemberg) \u2013 <b>Sonne satt, Top-Stars, gut gelaunte Fans und ein Gel\u00e4nde so gro\u00df wie eine kleine Stadt. Beim \u201eGl\u00fccksgef\u00fchle\u201c-Festival k\u00f6nnte die Stimmung kaum besser sein. Jetzt sind auch die letzten Tickets weg: Das gr\u00f6\u00dfte Musikfestival Deutschlands ist mit insgesamt 250.000 Besuchern restlos ausverkauft!<\/b><\/p>\n<p>Auf rund einer Million Quadratmetern verwandelt sich der Hockenheimring bis zum 5. September in eine Erlebniswelt aus Musik, Fahrgesch\u00e4ften, Beach-Bereichen und spektakul\u00e4ren Attraktionen. Zwischen XXL-Kettenflieger, Europas gr\u00f6\u00dfter Festival-Zipline und den gro\u00dfen Festivalb\u00fchnen erwartet die Besucher ein Programm, das weit \u00fcber klassische Konzerte hinausgeht.<\/p>\n<p><img decoding=\"async\" width=\"992\" height=\"654\" alt=\"Unterhaltungsspektakel auf dem Hockenheimring: das \u201eGl\u00fccksgef\u00fchle\u201c-Festival vom 3. bis 5. September\" loading=\"lazy\" src=\"https:\/\/www.europesays.com\/de\/wp-content\/uploads\/2026\/09\/e20e3c62a0d5065341d2f4c6ca51d6b7,eaa9cd61.jpeg\"   class=\"dynamic\"\/><\/p>\n<p class=\"fig__caption__text\">Unterhaltungsspektakel auf dem Hockenheimring: das \u201eGl\u00fccksgef\u00fchle\u201c-Festival vom 3. bis 5. September<\/p>\n<p>Foto: Geoffrey Hubbel<\/p>\n<p>Vom Festival-Newcomer zur Erfolgsgeschichte<\/p>\n<p>\u201eF\u00fcr mich als Veranstalter ist es immer noch unglaublich, dass sich das <a href=\"https:\/\/www.bild.de\/unterhaltung\/musik\/gluecksgefuehle-festival-auf-dem-hockenheimring-im-stream-live-bei-bild-6a8e826d0797e27ac1de03b3\" class=\"text-link\" rel=\"nofollow noopener\" target=\"_blank\">\u201aGl\u00fccksgef\u00fchle\u2018\u2011Festival <\/a>mit 250.000 Besuchern innerhalb von drei Jahren zum gr\u00f6\u00dften Musikfestival Deutschlands entwickelt hat und wir in diesem Jahr schon in die vierte Runde gehen\u201c, sagt Macher Markus Krampe (55) zu BILD. \u201eWir sind unglaublich dankbar und stolz. Ich freue mich besonders dar\u00fcber, dass die BILD dieses Jahr als unser Partner mit dabei ist. Und f\u00fcr alle, die zu Hause sind oder kein Ticket mehr bekommen haben, das \u201eGl\u00fccksgef\u00fchle\u201c-Festival am Freitag und Samstag jeweils zehn Stunden lang von 13 bis 23 Uhr live \u00fcbertr\u00e4gt.\u201c<\/p>\n<p><img decoding=\"async\" width=\"992\" height=\"635\" alt=\"Superstar-DJ David Guetta (58) pr\u00e4sentiert seine Dance-Hymnen \u201eTitanium\u201c, \u201eI'm Good\u201c und \u201eWhen Love Takes Over\u201c\" loading=\"lazy\" src=\"https:\/\/www.europesays.com\/de\/wp-content\/uploads\/2026\/09\/42e96452f424401947d7811b3bf3147f,cd6185ea.jpeg\"   class=\"dynamic\"\/><\/p>\n<p class=\"fig__caption__text\">Superstar-DJ David Guetta (58) pr\u00e4sentiert seine Dance-Hymnen \u201eTitanium\u201c, \u201eI&#8217;m Good\u201c und \u201eWhen Love Takes Over\u201c<\/p>\n<p>Foto: LAURENT GILLIERON\/EPA<\/p>\n<p>Die gr\u00f6\u00dften Stars des Wochenendes<\/p>\n<p>Musikalisch f\u00e4hrt das Festival gro\u00df auf. Superstar <a href=\"https:\/\/www.bild.de\/unterhaltung\/stars-und-leute\/david-guetta-im-steckbrief-der-mann-der-tanzmusik-neu-definierte-654268577782473f6140be2d\" class=\"text-link\" rel=\"nofollow noopener\" target=\"_blank\">David Guetta<\/a> (58) geh\u00f6rt zu den absoluten H\u00f6hepunkten des Wochenendes. Mit <a href=\"https:\/\/www.bild.de\/unterhaltung\/musik\/ayliva-ueber-ihren-weg-vom-wohnzimmer-zum-superstar-bei-gluecksgefuehle-6a8ea07b0a3e8cd36757c666\" class=\"text-link\" rel=\"nofollow noopener\" target=\"_blank\">Ayliva<\/a> (28) steht zudem die derzeit erfolgreichste deutsche Pops\u00e4ngerin auf der B\u00fchne. Die No Angels sorgen mit ihren gr\u00f6\u00dften Hits f\u00fcr einen der nostalgischsten Momente des Festivals. Dazu kommen zahlreiche weitere nationale und internationale K\u00fcnstler wie Rapper Ski Aggu (28), S\u00e4nger Mark Forster (43), <a href=\"https:\/\/www.bild.de\/themen\/personen\/scooter\/deutschlands-techno-giganten-41577174.bild.html\" class=\"text-link\" rel=\"nofollow noopener\" target=\"_blank\">Scooter<\/a> mit Frontmann H. P. Baxxter (62), Volks-Rock&#8217;n&#8217;Roller <a href=\"https:\/\/www.bild.de\/themen\/personen\/andreas-gabalier\/oesterreichischer-saenger-43795652.bild.html\" class=\"text-link\" rel=\"nofollow noopener\" target=\"_blank\">Andreas Gabalier<\/a> (41), Party-K\u00f6nigin <a href=\"https:\/\/www.bild.de\/themen\/personen\/mia-magma\/filme-news-erotik-fotos-videos-clips-20045220.bild.html\" class=\"text-link\" rel=\"nofollow noopener\" target=\"_blank\">Mia Julia<\/a> (39), Lost Frequencies (32), Hardwell (38), Boris Brejcha (44) und Felix Jaehn (31).<\/p>\n<p>Mehr zum Thema<img decoding=\"async\" width=\"992\" height=\"661\" alt=\"Musik-Manager Markus Krampe (55, l.) und Fu\u00dfball-Weltmeister Lukas Podolski (41) veranstalten zum vierten Mal das \u201eGl\u00fccksgef\u00fchle\u201c-Festival\" loading=\"lazy\" src=\"https:\/\/www.europesays.com\/de\/wp-content\/uploads\/2026\/09\/2285c8c00d2b6514d5b6dae18ed71c72,62659309.jpeg\"   class=\"dynamic\"\/><\/p>\n<p class=\"fig__caption__text\">Musik-Manager Markus Krampe (55, l.) und Fu\u00dfball-Weltmeister Lukas Podolski (41) veranstalten zum vierten Mal das \u201eGl\u00fccksgef\u00fchle\u201c-Festival<\/p>\n<p>Foto: Markus Krampe Entertainment Group<\/p>\n<p>BILD bringt die Festival-Stimmung nach Hause<\/p>\n<p>Wer kein Ticket mehr bekommen hat, muss trotzdem nicht auf Festival-Feeling verzichten. BILD begleitet das Musik-Wochenende an den beiden Haupttagen, dem 4. und 5. September, erstmals mit einer gro\u00dfen <a href=\"https:\/\/www.bild.de\/unterhaltung\/musik\/gluecksgefuehle-festival-auf-dem-hockenheimring-im-stream-live-bei-bild-6a8e826d0797e27ac1de03b3\" class=\"text-link\" rel=\"nofollow noopener\" target=\"_blank\">Live-\u00dcbertragung<\/a>. Jeweils von 13 bis 23 Uhr k\u00f6nnen Fans kostenlos dabei sein. BILD schaltet zwischen den B\u00fchnen hin und her, zeigt die gr\u00f6\u00dften Auftritte, f\u00fchrt Interviews mit K\u00fcnstlern und liefert exklusive Backstage-Einblicke.<\/p>\n<p>Aufbau der Mega-B\u00fchnen f\u00fcr 250.000 Fans: \u201eHier wird was richtig Gro\u00dfes entstehen\u201c<a class=\"anchor video-teaser__anchor\" href=\"https:\/\/www.bild.de\/unterhaltung\/musik\/gluecksgefuehle-festival-2026-so-krass-ist-der-buehnenbau-fuer-250-000-fans-6a95e4f59452c5223822ea6a\" rel=\"nofollow noopener\" target=\"_blank\"><img decoding=\"async\" width=\"992\" height=\"558\" alt=\"\u201eGl\u00fccksgef\u00fchle\u201c Festival 2026 \u2013 so krass ist der B\u00fchnenbau f\u00fcr 250.000 Fans: \u201eHier wird was richtig Gro\u00dfes entstehen\u201c\" loading=\"lazy\" src=\"https:\/\/www.europesays.com\/de\/wp-content\/uploads\/2026\/09\/bd47b9276828e25481fcb0f273671113,80b0a804.jpeg\"   class=\"landscape teaser__image\"\/><\/a><\/p>\n<p>Quelle: BILD02.09.2026<\/p>\n","protected":false},"excerpt":{"rendered":"TTS-Player \u00fcberspringen\u21b5Artikel weiterlesen Hockenheim (Baden-W\u00fcrttemberg) \u2013 Sonne satt, Top-Stars, gut gelaunte Fans und ein Gel\u00e4nde so gro\u00df wie&hellip;\n","protected":false},"author":2,"featured_media":1279276,"comment_status":"","ping_status":"","sticky":false,"template":"","format":"standard","meta":{"footnotes":"","_share_on_mastodon":"0"},"categories":[155],"tags":[1634,209125,29,214,4115,30,110033,185692,14835,97786,263985,31064,20448,8642,68445,215],"class_list":["post-1279275","post","type-post","status-publish","format-standard","has-post-thumbnail","category-unterhaltung","tag-baden-wuerttemberg","tag-bild-beats","tag-deutschland","tag-entertainment","tag-event","tag-germany","tag-gluecksgefuehle-festival","tag-guetta-david","tag-hockenheim","tag-hockenheimring","tag-jaehn-felix","tag-mia-julia","tag-musikalische-grossveranstaltungen","tag-musikfestival","tag-no-angels","tag-unterhaltung"],"share_on_mastodon":{"url":"https:\/\/pubeurope.com\/@de\/117210591338090532","error":""},"_links":{"self":[{"href":"https:\/\/www.europesays.com\/de\/wp-json\/wp\/v2\/posts\/1279275","targetHints":{"allow":["GET"]}}],"collection":[{"href":"https:\/\/www.europesays.com\/de\/wp-json\/wp\/v2\/posts"}],"about":[{"href":"https:\/\/www.europesays.com\/de\/wp-json\/wp\/v2\/types\/post"}],"author":[{"embeddable":true,"href":"https:\/\/www.europesays.com\/de\/wp-json\/wp\/v2\/users\/2"}],"replies":[{"embeddable":true,"href":"https:\/\/www.europesays.com\/de\/wp-json\/wp\/v2\/comments?post=1279275"}],"version-history":[{"count":0,"href":"https:\/\/www.europesays.com\/de\/wp-json\/wp\/v2\/posts\/1279275\/revisions"}],"wp:featuredmedia":[{"embeddable":true,"href":"https:\/\/www.europesays.com\/de\/wp-json\/wp\/v2\/media\/1279276"}],"wp:attachment":[{"href":"https:\/\/www.europesays.com\/de\/wp-json\/wp\/v2\/media?parent=1279275"}],"wp:term":[{"taxonomy":"category","embeddable":true,"href":"https:\/\/www.europesays.com\/de\/wp-json\/wp\/v2\/categories?post=1279275"},{"taxonomy":"post_tag","embeddable":true,"href":"https:\/\/www.europesays.com\/de\/wp-json\/wp\/v2\/tags?post=1279275"}],"curies":[{"name":"wp","href":"https:\/\/api.w.org\/{rel}","templated":true}]}}