{"id":1279290,"date":"2026-09-04T03:21:26","date_gmt":"2026-09-04T03:21:26","guid":{"rendered":"https:\/\/www.europesays.com\/de\/1279290\/"},"modified":"2026-09-04T03:21:26","modified_gmt":"2026-09-04T03:21:26","slug":"nach-brandserie-in-kiel-mutmasslicher-brandstifter-vor-gericht","status":"publish","type":"post","link":"https:\/\/www.europesays.com\/de\/1279290\/","title":{"rendered":"Nach Brandserie in Kiel: Mutma\u00dflicher Brandstifter vor Gericht"},"content":{"rendered":"<p>        <img decoding=\"async\" src=\"https:\/\/www.europesays.com\/de\/wp-content\/uploads\/2026\/08\/landgerichtki-108.webp\" alt=\"Der Eingang zum Landgericht in Kiel\" title=\"Der Eingang zum Landgericht in Kiel | NDR, Christian \u00d6chsle \" class=\"responsive\"\/><\/p>\n<p>AUDIO: Prozessaufakt nach Brandserie in Kiel-Gaarden (1 Min)<\/p>\n<p>\n                Stand: 04.09.2026 05:00 Uhr<\/p>\n<p class=\"preface\">Er soll sechs Br\u00e4nde in Tiefgaragen und Kellern an der Kieler H\u00f6rn gelegt haben &#8211; nun startet sein Prozess: Ein 30-j\u00e4hriger Angeklagter muss sich ab heute wegen des Verdachts auf Brandstiftung vor Gericht verantworten.<\/p>\n<p class=\"textauthor\">von <a href=\"https:\/\/www.ndr.de\/nachrichten\/schleswig-holstein\/thomas-viet-dang,vietdang-thomas-100.html\" rel=\"nofollow noopener\" target=\"_blank\">Thomas Viet Dang<\/a><\/p>\n<p class=\"\">Am Kieler Landgericht startet heute der Prozess gegen einen 30 Jahre alten Mann, der laut Anklage hinter einer Brandserie in Tiefgaragen und Kellerabteilen an der H\u00f6rn in <a href=\"https:\/\/www.ndr.de\/nachrichten\/schleswig-holstein\/Kiel-Aktuelle-Nachrichten-News-und-Videos,kiel7262.html\" title=\"Kiel - Aktuelle Nachrichten und Videos\" rel=\"nofollow noopener\" target=\"_blank\">Kiel<\/a> stecken soll. Die Staatsanwaltschaft wirft ihm Brandstiftung vor. Sein Motiv sei unklar, hei\u00dft es weiter.<\/p>\n<p>    Mehrere Br\u00e4nde auf dem Kieler Ostufer<\/p>\n<p class=\"\">Zwischen Januar und M\u00e4rz dieses Jahres war es an der H\u00f6rn, dem Areal am Ende der Kieler F\u00f6rde, zu mehreren Br\u00e4nden in den Stra\u00dfen Antipper und Stemmer gekommen. So musste die Feuerwehr Ende Januar nach Angaben der Staatsanwaltschaft gleich zwei Mal hintereinander dorthin zu <a href=\"https:\/\/www.ndr.de\/nachrichten\/schleswig-holstein\/kiel_neumuenster_ploen_rendsburg-eckernfoerde\/auto-brennt-zwei-feuer-an-einem-tag-in-kieler-tiefgarage,regionkielnews-1360.html\" title=\"Auto brennt: Zwei Feuer an einem Tag in Kieler Tiefgarage\" rel=\"nofollow noopener\" target=\"_blank\">Eins\u00e4tzen in einer Tiefgarage<\/a> ausr\u00fccken. Dabei war ein Pkw komplett ausgebrannt, auch die Decke und mehrere Kabel wurden besch\u00e4digt. Ein Schaden von rund 25.000 Euro sei entstanden, hei\u00dft es.<\/p>\n<p>    T\u00e4ter schl\u00e4gt kurz darauf erneut zu<\/p>\n<p>                    <a href=\"https:\/\/www.europesays.com\/de\/wp-content\/uploads\/2026\/09\/feuer-412.webp\" class=\"zoomimage\" title=\"Bild vergr\u00f6\u00dfern\"><\/p>\n<p>        <img decoding=\"async\" src=\"https:\/\/www.europesays.com\/de\/wp-content\/uploads\/2026\/09\/feuer-412.webp\" alt=\"Ein Feuer an einer Schule in Kiel-Gaarden.\" title=\"Mehrere Br\u00e4nde hatte es im Fr\u00fchjahr 2026 an der Kieler H\u00f6rn gegeben. Nun steht ein Angeklagter vor Gericht. | Daniel Friederichs\" class=\"responsive\" loading=\"lazy\"\/><\/p>\n<p>                    <\/a><\/p>\n<p>                    Mehrere Br\u00e4nde hatte es im Fr\u00fchjahr 2026 an der Kieler H\u00f6rn gegeben. Nun steht ein Angeklagter vor Gericht.<\/p>\n<p class=\"\">Wenige Tage darauf brannte es dort erneut, dieses Mal in einem <a href=\"https:\/\/www.ndr.de\/nachrichten\/schleswig-holstein\/kiel_neumuenster_ploen_rendsburg-eckernfoerde\/erneuter-brand-in-einem-mehrfamilienhaus-in-kiel-gaarden,regionkielnews-1380.html\" title=\"Erneuter Brand in einem Mehrfamilienhaus in Kiel-Gaarden\" rel=\"nofollow noopener\" target=\"_blank\">Keller eines Mehrfamilienhauses<\/a>. Der Beschuldigte soll den Angaben zufolge Grillanz\u00fcnder in ein Kellerabteil geworfen haben. Durch den Rauch wurden mehrere Wohnungen so stark verru\u00dft, dass sie anschlie\u00dfend vor\u00fcbergehend nicht mehr bewohnbar waren.<\/p>\n<p>    12.000 Euro Belohnung f\u00fcr Hinweise zum T\u00e4ter<\/p>\n<p class=\"\">Im Februar soll der Mann erneut <a href=\"https:\/\/www.ndr.de\/nachrichten\/schleswig-holstein\/kiel_neumuenster_ploen_rendsburg-eckernfoerde\/kiel-gaarden-bereits-der-fuenfte-brand-in-einer-tiefgarage,garagenbrand-100.html\" title=\"Kiel-Gaarden: Bereits der f\u00fcnfte Brand in einer Tiefgarage\" rel=\"nofollow noopener\" target=\"_blank\">Autos in Tiefgaragen an der H\u00f6rn<\/a> angez\u00fcndet haben. Die Feuerwehr konnte demnach verhindern, dass das Feuer auf das Wohnhaus \u00fcbergriff. Daraufhin hatte die Kieler Polizei eine <a href=\"https:\/\/www.ndr.de\/nachrichten\/schleswig-holstein\/kiel_neumuenster_ploen_rendsburg-eckernfoerde\/brandserie-an-der-hoern-in-kiel-12000-euro-belohnung-fuer-hinweise,regionkielnews-1506.html\" title=\"Brandserie an der H\u00f6rn in Kiel: 12.000 Euro Belohnung f\u00fcr Hinweise\" rel=\"nofollow noopener\" target=\"_blank\">Belohnung \u00fcber 2.000 Euro<\/a> f\u00fcr Hinweise zum mutma\u00dflichen T\u00e4ter ausgelobt. Die Bauherrin des betroffenen Geb\u00e4udekomplexes beteiligte sich mit 10.000 Euro daran.<\/p>\n<p>        <img decoding=\"async\" src=\"https:\/\/www.europesays.com\/de\/wp-content\/uploads\/2026\/03\/1774581926_676_polizei6376.webp.webp\" alt=\"Ein Blaulicht leuchtet an einem Streifenwagen.\" title=\"Ein Blaulicht leuchtet an einem Streifenwagen. | NDR, Pavel Stoyan\" class=\"responsive\" loading=\"lazy\"\/><\/p>\n<p>Die Staatsanwaltschaft und Bauherrin des Geb\u00e4udes haben die Belohnung ausgelobt. F\u00fcnf Mal wurde in dem Haus ein Feuer gelegt.<\/p>\n<p>    Festnahme nach sechstem Feuer<\/p>\n<p class=\"\">Nachdem es Anfang M\u00e4rz erneut zu einem Feuer in einer Tiefgarage gekommen war, konnte die Polizei <a href=\"https:\/\/www.ndr.de\/nachrichten\/schleswig-holstein\/kiel_neumuenster_ploen_rendsburg-eckernfoerde\/brandserie-in-kiel-gaarden-tatverdaechtiger-in-u-haft,regionkielnews-1600.html\" title=\"Brandserie in Kiel-Gaarden: Tatverd\u00e4chtiger in U-Haft\" rel=\"nofollow noopener\" target=\"_blank\">den Tatverd\u00e4chtigen festnehmen<\/a>. Er sei in der N\u00e4he des Tatortes am Kieler Ostufer angetroffen worden, sagte damals Oberstaatsanwalt Michael Bimler. Vorausgegangen waren wochenlange Ermittlungen, hie\u00df es. Die H\u00f6he des Gesamtschadens ist laut Staatsanwaltschaft unklar. Verletzt wurde bei den sechs Vorf\u00e4llen niemand, teilt das Gericht mit.<\/p>\n<p>    Urteil soll im November fallen<\/p>\n<p class=\"\">Seit seiner Festnahme sitzt der Mann in Untersuchungshaft. Bei einer Verurteilung droht ihm laut Staatsanwaltschaft eine mehrj\u00e4hrige Haftstrafe. Insgesamt hat das Landgericht voraussichtlich zw\u00f6lf Verhandlungstage angesetzt. Ein Urteil wird im November erwartet.<\/p>\n<p>        <img decoding=\"async\" src=\"https:\/\/www.europesays.com\/de\/wp-content\/uploads\/2026\/09\/feuerwehr4070.webp\" alt=\"Ein Schutzhelm liegt auf dem Autositz eines Feuerwehrautos.\" title=\"Ein Schutzhelm liegt auf dem Autositz eines Feuerwehrautos. | NDR, Pavel Stoyan\" class=\"responsive\" loading=\"lazy\"\/><\/p>\n<p>Verdeckte Ermittlungen: Nach dem j\u00fcngsten Feuer in einer Tiefgarage hat die Polizei einen 30-J\u00e4hrigen festgenommen. <\/p>\n<p>        <img decoding=\"async\" src=\"https:\/\/www.europesays.com\/de\/wp-content\/uploads\/2026\/09\/feuerwehr4012.webp\" alt=\"Schriftzug &quot;Feuerwehr&quot; steht auf einem Blaulicht eines Feuerwehrautos.\" title=\"Schriftzug &quot;Feuerwehr&quot; steht auf einem Blaulicht eines Feuerwehrautos. | NDR, Pavel Stoyan\" class=\"responsive\" loading=\"lazy\"\/><\/p>\n<p>Die Polizei pr\u00fcft derzeit, ob es einen Zusammenhang zu den Br\u00e4nden von vergangenem Sonntag und Montag gibt. <\/p>\n<p>        <img decoding=\"async\" src=\"https:\/\/www.europesays.com\/de\/wp-content\/uploads\/2026\/09\/feuerwehr4048.webp\" alt=\"Schriftzug &quot;Feuerwehr Kiel&quot; ist auf der Uniform eines Feuerwehrmannes beim Einsteigen in ein Einsatzfahrzeug zu sehen.\" title=\"Schriftzug &quot;Feuerwehr Kiel&quot; ist auf der Uniform eines Feuerwehrmannes beim Einsteigen in ein Einsatzfahrzeug zu sehen. | NDR, Pavel Stoyan\" class=\"responsive\" loading=\"lazy\"\/><\/p>\n<p>In der Garage brannten zwei Fahrzeuge aus. Drei Feuerwehren waren im Einsatz. War es Brandstiftung? Nun werden Spuren ausgewertet.<\/p>\n<p>        <img decoding=\"async\" src=\"https:\/\/www.europesays.com\/de\/wp-content\/uploads\/2026\/09\/feuerwehr4030.webp\" alt=\"Schriftzug &quot;Feuerwehr&quot; ist auf der roten Motorhaube eines Feuerwehrautos zu sehen.\" title=\"Wegen eines Feuerwehreinsatzes musste die Autobahn 33 am Montagabend gesperrt werden | NDR, Pavel Stoyan\" class=\"responsive\" loading=\"lazy\"\/><\/p>\n<p>Am Montagabend hat ein Auto Feuer gefangen. Am Nachmittag waren es zwei Holzt\u00fcren. Die Polizei ermittelt.<\/p>\n","protected":false},"excerpt":{"rendered":"AUDIO: Prozessaufakt nach Brandserie in Kiel-Gaarden (1 Min) Stand: 04.09.2026 05:00 Uhr Er soll sechs Br\u00e4nde in Tiefgaragen&hellip;\n","protected":false},"author":2,"featured_media":1266743,"comment_status":"","ping_status":"","sticky":false,"template":"","format":"standard","meta":{"footnotes":"","_share_on_mastodon":"0"},"categories":[1852],"tags":[18051,4852,3364,29,548,663,3934,23828,30,13,26810,4949,4933,14,15,1269,1009,12,1971,6594],"class_list":["post-1279290","post","type-post","status-publish","format-standard","has-post-thumbnail","category-kiel","tag-brandserie","tag-brandstiftung","tag-de","tag-deutschland","tag-eu","tag-europa","tag-europe","tag-garage","tag-germany","tag-headlines","tag-horn","tag-kiel","tag-landgericht","tag-nachrichten","tag-news","tag-prozess","tag-recht","tag-schlagzeilen","tag-schleswig-holstein","tag-tiefgarage"],"share_on_mastodon":{"url":"","error":""},"_links":{"self":[{"href":"https:\/\/www.europesays.com\/de\/wp-json\/wp\/v2\/posts\/1279290","targetHints":{"allow":["GET"]}}],"collection":[{"href":"https:\/\/www.europesays.com\/de\/wp-json\/wp\/v2\/posts"}],"about":[{"href":"https:\/\/www.europesays.com\/de\/wp-json\/wp\/v2\/types\/post"}],"author":[{"embeddable":true,"href":"https:\/\/www.europesays.com\/de\/wp-json\/wp\/v2\/users\/2"}],"replies":[{"embeddable":true,"href":"https:\/\/www.europesays.com\/de\/wp-json\/wp\/v2\/comments?post=1279290"}],"version-history":[{"count":0,"href":"https:\/\/www.europesays.com\/de\/wp-json\/wp\/v2\/posts\/1279290\/revisions"}],"wp:featuredmedia":[{"embeddable":true,"href":"https:\/\/www.europesays.com\/de\/wp-json\/wp\/v2\/media\/1266743"}],"wp:attachment":[{"href":"https:\/\/www.europesays.com\/de\/wp-json\/wp\/v2\/media?parent=1279290"}],"wp:term":[{"taxonomy":"category","embeddable":true,"href":"https:\/\/www.europesays.com\/de\/wp-json\/wp\/v2\/categories?post=1279290"},{"taxonomy":"post_tag","embeddable":true,"href":"https:\/\/www.europesays.com\/de\/wp-json\/wp\/v2\/tags?post=1279290"}],"curies":[{"name":"wp","href":"https:\/\/api.w.org\/{rel}","templated":true}]}}