{"id":1279293,"date":"2026-09-04T03:23:35","date_gmt":"2026-09-04T03:23:35","guid":{"rendered":"https:\/\/www.europesays.com\/de\/1279293\/"},"modified":"2026-09-04T03:23:35","modified_gmt":"2026-09-04T03:23:35","slug":"zu-gross-partei-fordert-rueckbau-der-fussgaengerzone-braunschweig","status":"publish","type":"post","link":"https:\/\/www.europesays.com\/de\/1279293\/","title":{"rendered":"Zu gro\u00df? Partei fordert R\u00fcckbau der Fu\u00dfg\u00e4ngerzone Braunschweig"},"content":{"rendered":"<p class=\"datum\">03.09.2026, 17:30 Uhr<\/p>\n<p><strong>Braunschweig. Der Kreisvorsitzende der Freien W\u00e4hler, Olaf Funke, fordert in einer Pressemitteilung eine Neubewertung der Fu\u00dfg\u00e4ngerzone und eine Lockerung des Zentrenkonzepts, um Handelsstandorte flexibler zu gestalten und dem wachsenden Onlinehandel wirksam zu begegnen. In der aktuellen Entwicklung der Braunschweiger Innenstadt w\u00fcrden Leerst\u00e4nde die Lebensqualit\u00e4t und das Einkaufserlebnis mindern \u2013 deshalb seien konkrete \u00d6ffnungsschritte und eine klare Standortpolitik erforderlich.<br \/><\/strong><br \/>\n<\/p>\n<p>Wer durch die Braunschweiger Fu\u00dfg\u00e4ngerzone geht, sieht eine zunehmende Zahl von Leerst\u00e4nden. Neben den gro\u00dfen Objekten wie Galeria am Bohlweg und Karstadt am Gewandhaus stehen auch zunehmend kleinere Ladeneinheiten leer. Leerst\u00e4nde in Fu\u00dfg\u00e4ngerzonen f\u00fchren bei Kunden zu einem stark sinkenden Wohlbefinden, meint Olaf Funke. Sie erzeugten Frust, Langeweile und ein unsicheres Gef\u00fchl, wodurch die Verweildauer sinke und der gesamte Einkaufsbummel als unattraktiv wahrgenommen werde.<\/p>\n<p>Leerer Laden wie ein Signal<\/p>\n<p>Dunkle Schaufenster und ungepflegte Ladenfl\u00e4chen zerst\u00f6rten die lebendige und einladende Atmosph\u00e4re einer Einkaufsstra\u00dfe. Ein leerer Laden wirke wie ein Signal. &#8222;Kunden denken sofort, dass es dem Viertel schlecht geht und bald noch mehr Gesch\u00e4fte schlie\u00dfen&#8220;, so Funke. Das reale Einkaufserlebnis verliere seinen Reiz, wodurch der Gri\ufb00 zum Smartphone f\u00fcr Online-Bestellungen noch attraktiver werde. <\/p>\n<p>\n&#8222;Hier hilft nur ein teilweiser R\u00fcckbau der Fu\u00dfg\u00e4ngerzone und eine Konzentration der verbliebenen H\u00e4ndler&#8220;, sind sich die Freien W\u00e4hler sicher. &#8222;Lieber eine kleine lebendige Fu\u00dfg\u00e4ngerzone als eine sterbende gro\u00dfe.&#8220; In den zur\u00fcckgebauten Bereichen k\u00f6nnten kostenlose Kurzzeitparkpl\u00e4tze f\u00fcr den schnellen Einkauf gescha\ufb00en werden. Gerade um dem Onlinehandel entgegenzutreten, sei es notwendig, dass man auch die Hose, das Hemd oder ein Paar Schuhe einkaufen kann ohne lange Wegstrecken aus der Tiefgarage und hohe Parkgeb\u00fchren.<\/p>\n<p>Steinweg als Positivbeispiel<\/p>\n<p>Der Steinweg sei nach Ansicht der Freien W\u00e4hler das Positivbeispiel f\u00fcr eine belebte Einkaufsstra\u00dfe mit Autoverkehr und Parkpl\u00e4tzen. Es gebe fast nur inhabergef\u00fchrte Gesch\u00e4fte mit einem breiten Sortiment und keine Leerst\u00e4nde.<\/p>\n<p>Freie Standortwahl statt Zentrenkonzept<\/p>\n<p>Auch das Zentrenkonzept Einzelhandel der <a class=\"redlink\" href=\"https:\/\/regionalheute.de\/braunschweig\/\" rel=\"nofollow noopener\" target=\"_blank\">Stadt Braunschweig<\/a> ist den Freien W\u00e4hlern ein Dorn im Auge. Laut diesem d\u00fcrften sogenannte zentrenrelevante Sortimente grunds\u00e4tzlich nur innerhalb der Innenstadt verkauft werden. Das Zentrenkonzept zwinge damit H\u00e4ndler mit hohem Fl\u00e4chenbedarf in teure Ladenlokale in der Innenstadt. Betro\ufb00en seien zum Beispiel Campingartikel, Fahrr\u00e4der, Musikinstrumente, Elektrogro\u00dfger\u00e4te und andere. <\/p>\n<p>Das Verbot soll die Attraktivit\u00e4t und Wirtschaftskraft der Braunschweiger Innenstadt sch\u00fctzen. Aber die Konkurrenz finde nicht mehr innerhalb der Stadt statt, sondern online. &#8222;Darum fordern wir eine freie Standortwahl f\u00fcr den Handel. Jeder H\u00e4ndler muss die Freiheit haben selbst zu entscheiden, ob sich ein Standort mit h\u00f6herer Miete f\u00fcr ihn rechnet oder ob ein Ladengesch\u00e4ft in den Au\u00dfenbereichen profitabler ist&#8220;, betont Olaf Funke. <\/p>\n<p>Die Mischung macht\u2019s.<\/p>\n<p>Eine freie Standortwahl erm\u00f6gliche es H\u00e4ndlern, dort zu arbeiten, wo Miete, Erreichbarkeit und Kundenn\u00e4he am besten zusammentre\ufb00en. Die Zukunft des st\u00e4dtischen Handels h\u00e4nge weniger von zentraler Lage ab als von einer intelligenten Mischung aus Innen- und Au\u00dfenbereichen, Parkm\u00f6glichkeiten und digitalem Angebot, so die Freien W\u00e4hler abschlie\u00dfend.<\/p>\n","protected":false},"excerpt":{"rendered":"03.09.2026, 17:30 Uhr Braunschweig. Der Kreisvorsitzende der Freien W\u00e4hler, Olaf Funke, fordert in einer Pressemitteilung eine Neubewertung der&hellip;\n","protected":false},"author":2,"featured_media":1270663,"comment_status":"","ping_status":"","sticky":false,"template":"","format":"standard","meta":{"footnotes":"","_share_on_mastodon":"0"},"categories":[1850],"tags":[6429,3364,29,548,663,3934,30,13,14,15,1411,12],"class_list":["post-1279293","post","type-post","status-publish","format-standard","has-post-thumbnail","category-braunschweig","tag-braunschweig","tag-de","tag-deutschland","tag-eu","tag-europa","tag-europe","tag-germany","tag-headlines","tag-nachrichten","tag-news","tag-niedersachsen","tag-schlagzeilen"],"share_on_mastodon":{"url":"https:\/\/pubeurope.com\/@de\/117210631773179988","error":""},"_links":{"self":[{"href":"https:\/\/www.europesays.com\/de\/wp-json\/wp\/v2\/posts\/1279293","targetHints":{"allow":["GET"]}}],"collection":[{"href":"https:\/\/www.europesays.com\/de\/wp-json\/wp\/v2\/posts"}],"about":[{"href":"https:\/\/www.europesays.com\/de\/wp-json\/wp\/v2\/types\/post"}],"author":[{"embeddable":true,"href":"https:\/\/www.europesays.com\/de\/wp-json\/wp\/v2\/users\/2"}],"replies":[{"embeddable":true,"href":"https:\/\/www.europesays.com\/de\/wp-json\/wp\/v2\/comments?post=1279293"}],"version-history":[{"count":0,"href":"https:\/\/www.europesays.com\/de\/wp-json\/wp\/v2\/posts\/1279293\/revisions"}],"wp:featuredmedia":[{"embeddable":true,"href":"https:\/\/www.europesays.com\/de\/wp-json\/wp\/v2\/media\/1270663"}],"wp:attachment":[{"href":"https:\/\/www.europesays.com\/de\/wp-json\/wp\/v2\/media?parent=1279293"}],"wp:term":[{"taxonomy":"category","embeddable":true,"href":"https:\/\/www.europesays.com\/de\/wp-json\/wp\/v2\/categories?post=1279293"},{"taxonomy":"post_tag","embeddable":true,"href":"https:\/\/www.europesays.com\/de\/wp-json\/wp\/v2\/tags?post=1279293"}],"curies":[{"name":"wp","href":"https:\/\/api.w.org\/{rel}","templated":true}]}}