{"id":1279294,"date":"2026-09-04T03:25:17","date_gmt":"2026-09-04T03:25:17","guid":{"rendered":"https:\/\/www.europesays.com\/de\/1279294\/"},"modified":"2026-09-04T03:25:17","modified_gmt":"2026-09-04T03:25:17","slug":"moenchengladbach-die-geschichte-des-unermuedlichen-ernst-jakob-christoffel","status":"publish","type":"post","link":"https:\/\/www.europesays.com\/de\/1279294\/","title":{"rendered":"M\u00f6nchengladbach: Die Geschichte des unerm\u00fcdlichen Ernst Jakob Christoffel"},"content":{"rendered":"<p class=\"text_ohne_einzug richtext text-em-55 !leading-serif mx-6 desktop:mx-0\">Das Geburtshaus von Ernst Jakob Christoffel steht in Rheydt, sein Grab liegt im <a href=\"https:\/\/rp-online.de\/thema\/iran\/\" rel=\"nofollow noopener\" target=\"_blank\">Iran<\/a>. Dazwischen: ein christlicher Lebensweg, auf dem er unz\u00e4hlige andere Leben gerettet hat. Dieser Weg war steinig und die Hindernisse teils \u00fcberm\u00e4chtig: zwei Weltkriege, politische Verwerfungen, B\u00fcrokratie und eine sehr gro\u00dfe Zahl von Menschen, die Hilfe brauchten. Ein historisches Foto zeigt, wie ein blindes Kind Jahre nach Christoffels Ableben an dessen Grabplatte kauert und die in den Stein gemei\u00dfelte Inschrift mit dem Finger ertastet: \u201eHier ruht im Frieden Gottes Pastor Ernst Jakob Christoffel, der Vater der Blinden, Niemandskinder, Kr\u00fcppel und Taubstummen nach 50-j\u00e4hriger Missionsarbeit in Siwas, Malatia, T\u00e4bris und Isfahan.\u201c<\/p>\n","protected":false},"excerpt":{"rendered":"Das Geburtshaus von Ernst Jakob Christoffel steht in Rheydt, sein Grab liegt im Iran. Dazwischen: ein christlicher Lebensweg,&hellip;\n","protected":false},"author":2,"featured_media":1279295,"comment_status":"","ping_status":"","sticky":false,"template":"","format":"standard","meta":{"footnotes":"","_share_on_mastodon":"0"},"categories":[1849],"tags":[547,263993,263988,263990,3364,29,263987,548,663,3934,30,13,57225,345,67736,4046,263992,80270,3704,210809,263989,263991,4455,14,15,1209,51257,29330,12,229342],"class_list":["post-1279294","post","type-post","status-publish","format-standard","has-post-thumbnail","category-moenchengladbach","tag-blind","tag-blindenheim","tag-blindenmission","tag-blindenmissionsstation","tag-de","tag-deutschland","tag-ernst-jakob-christoffel","tag-eu","tag-europa","tag-europe","tag-germany","tag-headlines","tag-heim","tag-iran","tag-isfahan","tag-krieg","tag-kriegsblinde","tag-lebensweg","tag-mission","tag-missionar","tag-missionsarbeit","tag-missionsinspektor","tag-moenchengladbach","tag-nachrichten","tag-news","tag-nordrhein-westfalen","tag-orient","tag-rheydt","tag-schlagzeilen","tag-taebris"],"share_on_mastodon":{"url":"https:\/\/pubeurope.com\/@de\/117210639566422054","error":""},"_links":{"self":[{"href":"https:\/\/www.europesays.com\/de\/wp-json\/wp\/v2\/posts\/1279294","targetHints":{"allow":["GET"]}}],"collection":[{"href":"https:\/\/www.europesays.com\/de\/wp-json\/wp\/v2\/posts"}],"about":[{"href":"https:\/\/www.europesays.com\/de\/wp-json\/wp\/v2\/types\/post"}],"author":[{"embeddable":true,"href":"https:\/\/www.europesays.com\/de\/wp-json\/wp\/v2\/users\/2"}],"replies":[{"embeddable":true,"href":"https:\/\/www.europesays.com\/de\/wp-json\/wp\/v2\/comments?post=1279294"}],"version-history":[{"count":0,"href":"https:\/\/www.europesays.com\/de\/wp-json\/wp\/v2\/posts\/1279294\/revisions"}],"wp:featuredmedia":[{"embeddable":true,"href":"https:\/\/www.europesays.com\/de\/wp-json\/wp\/v2\/media\/1279295"}],"wp:attachment":[{"href":"https:\/\/www.europesays.com\/de\/wp-json\/wp\/v2\/media?parent=1279294"}],"wp:term":[{"taxonomy":"category","embeddable":true,"href":"https:\/\/www.europesays.com\/de\/wp-json\/wp\/v2\/categories?post=1279294"},{"taxonomy":"post_tag","embeddable":true,"href":"https:\/\/www.europesays.com\/de\/wp-json\/wp\/v2\/tags?post=1279294"}],"curies":[{"name":"wp","href":"https:\/\/api.w.org\/{rel}","templated":true}]}}