{"id":1279300,"date":"2026-09-04T03:29:16","date_gmt":"2026-09-04T03:29:16","guid":{"rendered":"https:\/\/www.europesays.com\/de\/1279300\/"},"modified":"2026-09-04T03:29:16","modified_gmt":"2026-09-04T03:29:16","slug":"circus-barnum-gastiert-bis-6-september-2026-in-derching-bei-augsburg","status":"publish","type":"post","link":"https:\/\/www.europesays.com\/de\/1279300\/","title":{"rendered":"Circus Barnum gastiert bis 6. September 2026 in Derching bei Augsburg"},"content":{"rendered":"<p class=\"mb-6 text-xs-varying md:text-m lg:text-l font-serif group-[.font-sans]:font-sans \">\n    \u201eWer braucht noch etwas S\u00fc\u00dfes?\u201c Ein Vater schaut in eine ganze Reihe aufgeregter Kinder, die gleichzeitig Popcorn, Nachos und Gummib\u00e4rchen bestellen m\u00f6chten. Es ist eine halbe Stunde vor Beginn der Premiere in <a href=\"https:\/\/www.augsburger-allgemeine.de\/orte\/aa-derching\" target=\"_self\" class=\"underline \" rel=\"nofollow noopener\">Derching<\/a>, vor dem Zelt <a href=\"https:\/\/www.augsburger-allgemeine.de\/friedberg\/Friedberg-Das-versteckt-sich-hinter-den-Kulissen-der-Zirkus-Dynastie-Barnum-id60723856.html\" target=\"_self\" class=\"underline \" rel=\"nofollow noopener\">des Circus\u2018 Barnum<\/a> riecht es nach frischem Popcorn, die Reihen f\u00fcllen sich langsam. Drau\u00dfen stehen <a href=\"https:\/\/www.ka-news.de\/auto\" target=\"_self\" class=\"underline \" rel=\"nofollow noopener\">Autos<\/a> mit Kennzeichen aus <a href=\"https:\/\/www.augsburger-allgemeine.de\/augsburg\/\" target=\"_self\" class=\"underline \" rel=\"nofollow noopener\">Augsburg<\/a>, <a href=\"https:\/\/www.augsburger-allgemeine.de\/friedberg\/ort\/friedberg\" target=\"_self\" class=\"underline \" rel=\"nofollow noopener\">Friedberg<\/a> und <a href=\"https:\/\/augsburger-allgemeine.de\/aichach\/ort\/Aichach\" target=\"_self\" class=\"underline \" rel=\"nofollow noopener\">Aichach<\/a>. Manche Familien sind zu Fu\u00df aus Derching gekommen. \u201eIch komme ein andermal nochmal mit meiner Enkelin. Sie liebt Zirkus\u201c, erz\u00e4hlt eine Besucherin, die mit ihrem Mann hier ist. LOhnt sich die Aiff\u00fchrung?\n  <\/p>\n<p class=\"mb-6 text-xs-varying md:text-m lg:text-l font-serif group-[.font-sans]:font-sans \">\n    F\u00fcr zweieinhalb Stunden wird der Platz an der Iglauer Stra\u00dfe zu einem Ort, an dem erstaunlich viele Welten zusammenkommen. Kleine Kinder mit leuchtenden Augen sitzen neben Gro\u00dfeltern, Jugendliche neben jungen Familien. Der Zirkus ist an diesem Abend ein Ort, an dem sich Generationen selbstverst\u00e4ndlich unter einer gro\u00dfen Kuppel treffen. Dass Barnum als klassischer Familienzirkus funktioniert, zeigt sich nicht nur in der Manege. Hinter den Kulissen \u00fcbernimmt fast jeder mehrere Aufgaben. Der Direktor begr\u00fc\u00dft G\u00e4ste, Artisten helfen beim Aufbau, Clowns sind Musiker und Entertainer zugleich. Diese Vielseitigkeit pr\u00e4gt auch das Programm.\n  <\/p>\n<p>            Circus Barnum in Derching: Artisten erhalten viel Applaus<\/p>\n<p class=\"mb-6 text-xs-varying md:text-m lg:text-l font-serif group-[.font-sans]:font-sans \">\n    Der Abend beginnt ungew\u00f6hnlich. Ein K\u00fcnstler steht am Schlagzeug, wirft B\u00e4lle in die Luft und l\u00e4sst damit anstelle der Drumsticks das ber\u00fchmte Gitarrenriff von \u201eSmoke on the Water\u201c entstehen. Den Rhythmus erzeugen allein die pr\u00e4zisen Treffer der Jonglierb\u00e4lle. Das Publikum ist sofort dabei. Immer wieder \u00fcbernimmt das italienische Clown-Trio der Saly-Family die Regie. Mal jonglieren sie, mal musizieren sie, mal m\u00fcssen Zuschauerinnen und Zuschauer auf Kommando Glocken l\u00e4uten. Die Nummern leben weniger von lauten Pointen als von Timing und Charme. Und das zieht bei Gro\u00df und Klein.\n  <\/p>\n<p class=\"mb-6 text-xs-varying md:text-m lg:text-l font-serif group-[.font-sans]:font-sans \">\n    Dazwischen setzt Barnum auf eine klug abgestimmte Dramaturgie. Nach Tierbildern mit Pferden, Ponys, Kamelen und Wasserb\u00fcffeln folgt in der Pause die Einladung zur Tierschau. Viele Kinder ziehen mit ihren Popcorn-Eimern gleich weiter zu den Gehegen.\n  <\/p>\n<p>            Nach der Vorstellung k\u00f6nnen Kinder auf Kamelen reiten<\/p>\n<p class=\"mb-6 text-xs-varying md:text-m lg:text-l font-serif group-[.font-sans]:font-sans \">\n    Ein erstes gro\u00dfes Raunen geht durch die Manege, als Juniorchef Juliano Kaiser acht St\u00fchle zu einem schwindelerregenden Turm stapelt. Mit jedem Handstand w\u00e4chst die Spannung sichtbar. Etwas sp\u00e4ter schwebt Melani Donnert an langen Seident\u00fcchern scheinbar schwerelos unter der Kuppel. Es ist einer jener seltenen Momente, in denen es f\u00fcr einen Augenblick komplett still wird. Lang anhaltenden Applaus erhalten schlie\u00dflich die kubanischen Artisten der Gruppe Los Nablos. Ihre Darbietung am russischen Barren verbindet spektakul\u00e4re Spr\u00fcnge mit einer spielerischen Leichtigkeit.\n  <\/p>\n<p class=\"mb-6 text-xs-varying md:text-m lg:text-l font-serif group-[.font-sans]:font-sans \">\n    Zum Schluss tritt Clown Gyula Saly noch einmal allein ins Licht und spielt \u201eMy Way\u201c auf der Trompete. Und pl\u00f6tzlich passt dieses eigentlich kitschige Lied ziemlich gut hierher. Vor dem Zelt wartet noch eine letzte Attraktion: Kinder k\u00f6nnen auf einem der Kamele eine Runde \u00fcber den Platz reiten. Ein Angebot, das gut ankommt. Als die Besucherinnen und Besucher das Gel\u00e4nde verlassen, <a href=\"https:\/\/www.augsburger-allgemeine.de\/augsburg\/plaerrer-eroeffnung-fassanstich-augsburg-oberbuergermeister-freund-eva-weber-wieviel-schlaege-vergleich-115081805\" target=\"_self\" class=\"underline \" rel=\"nofollow noopener\">h\u00f6rt man aus Augsburg das Pl\u00e4rrer-Feuerwerk her\u00fcberschallen<\/a>. Die Konkurrenz um Aufmerksamkeit ist gro\u00df. An diesem Abend aber gen\u00fcgt in Derching eine Manege \u2013 und die Kunst, Menschen staunen zu lassen.\n  <\/p>\n<p>    Tickets und Termine f\u00fcr Circus Barnum<\/p>\n<p class=\"mb-6 text-xs-varying md:text-m lg:text-l font-serif group-[.font-sans]:font-sans \">\n    Circus Barnum gastiert bis einschlie\u00dflich Sonntag, 6. September, auf dem Platz an der Iglauer Stra\u00dfe in Derching. Vorstellungen sind mittwochs und donnerstags um 17 Uhr, freitags um 19.30 Uhr, samstags um 16 und um 19.30 Uhr. Sonntags findet eine Vorstellung um 11 Uhr statt.\u00a0Tickets sind an der Kasse oder unter <a href=\"https:\/\/www.circus-barnum.de\/\" rel=\"nofollow noopener\" target=\"_blank\" class=\"underline \">www.circus-barnum.de<\/a> erh\u00e4ltlich.\n  <\/p>\n","protected":false},"excerpt":{"rendered":"\u201eWer braucht noch etwas S\u00fc\u00dfes?\u201c Ein Vater schaut in eine ganze Reihe aufgeregter Kinder, die gleichzeitig Popcorn, Nachos&hellip;\n","protected":false},"author":2,"featured_media":1279301,"comment_status":"","ping_status":"","sticky":false,"template":"","format":"standard","meta":{"footnotes":"","_share_on_mastodon":"0"},"categories":[1846],"tags":[20107,145714,680,513,772,3364,159260,29,548,663,3934,68633,30,263995,13,263994,14,15,12],"class_list":["post-1279300","post","type-post","status-publish","format-standard","has-post-thumbnail","category-augsburg","tag-circus","tag-aichach","tag-augsburg","tag-auto","tag-bayern","tag-de","tag-derching","tag-deutschland","tag-eu","tag-europa","tag-europe","tag-friedberg","tag-germany","tag-gyula-saly","tag-headlines","tag-iglauer-strasse","tag-nachrichten","tag-news","tag-schlagzeilen"],"share_on_mastodon":{"url":"https:\/\/pubeurope.com\/@de\/117210655389226458","error":""},"_links":{"self":[{"href":"https:\/\/www.europesays.com\/de\/wp-json\/wp\/v2\/posts\/1279300","targetHints":{"allow":["GET"]}}],"collection":[{"href":"https:\/\/www.europesays.com\/de\/wp-json\/wp\/v2\/posts"}],"about":[{"href":"https:\/\/www.europesays.com\/de\/wp-json\/wp\/v2\/types\/post"}],"author":[{"embeddable":true,"href":"https:\/\/www.europesays.com\/de\/wp-json\/wp\/v2\/users\/2"}],"replies":[{"embeddable":true,"href":"https:\/\/www.europesays.com\/de\/wp-json\/wp\/v2\/comments?post=1279300"}],"version-history":[{"count":0,"href":"https:\/\/www.europesays.com\/de\/wp-json\/wp\/v2\/posts\/1279300\/revisions"}],"wp:featuredmedia":[{"embeddable":true,"href":"https:\/\/www.europesays.com\/de\/wp-json\/wp\/v2\/media\/1279301"}],"wp:attachment":[{"href":"https:\/\/www.europesays.com\/de\/wp-json\/wp\/v2\/media?parent=1279300"}],"wp:term":[{"taxonomy":"category","embeddable":true,"href":"https:\/\/www.europesays.com\/de\/wp-json\/wp\/v2\/categories?post=1279300"},{"taxonomy":"post_tag","embeddable":true,"href":"https:\/\/www.europesays.com\/de\/wp-json\/wp\/v2\/tags?post=1279300"}],"curies":[{"name":"wp","href":"https:\/\/api.w.org\/{rel}","templated":true}]}}