{"id":1279310,"date":"2026-09-04T03:36:12","date_gmt":"2026-09-04T03:36:12","guid":{"rendered":"https:\/\/www.europesays.com\/de\/1279310\/"},"modified":"2026-09-04T03:36:12","modified_gmt":"2026-09-04T03:36:12","slug":"motivationspreis-2026-heinz-kuypers-ist-nominiert","status":"publish","type":"post","link":"https:\/\/www.europesays.com\/de\/1279310\/","title":{"rendered":"Motivationspreis 2026: Heinz Kuypers ist nominiert"},"content":{"rendered":"<p class=\"text_ohne_einzug richtext text-em-55 !leading-serif mx-6 desktop:mx-0\">Als Heinz Kuypers\u2019 Frau Karin 1999 einen schweren <a href=\"https:\/\/rp-online.de\/thema\/schlaganfall\/\" rel=\"nofollow noopener\" target=\"_blank\">Schlaganfall<\/a> erlitt, ver\u00e4nderte sich das Leben des Ehepaares grundlegend. Heute ist Kuypers 78 Jahre alt und k\u00fcmmert sich noch immer Tag und Nacht um seine Frau. Weil es im <a href=\"https:\/\/rp-online.de\/thema\/kreis-heinsberg\/\" rel=\"nofollow noopener\" target=\"_blank\">Kreis Heinsberg<\/a> keine passende Selbsthilfegruppe gab, gr\u00fcndete er 2002 selbst eine. F\u00fcr sein langj\u00e4hriges Engagement ist er nun f\u00fcr den Motivationspreis 2026 der Stiftung Deutsche Schlaganfall-Hilfe nominiert.<\/p>\n<p class=\"richtext text-em-55 !leading-serif mx-6 desktop:mx-0\">Juni 1999 ist f\u00fcr Heinz Kuypers bis heute ein einschneidendes Datum. Der damals 51-J\u00e4hrige war bei der Arbeit, als seine Schwiegertochter anrief: Seine Frau Karin hatte einen schweren Schlaganfall erlitten. Nach der ersten Behandlung im Krankenhaus wurde sie per Hubschrauber nach <a href=\"https:\/\/rp-online.de\/thema\/aachen\/\" rel=\"nofollow noopener\" target=\"_blank\">Aachen<\/a> gebracht. Vier Stunden vergingen, bis die richtige Behandlung erfolgte. \u201eDamals war der Schlaganfall noch kein Notfall\u201c, erinnert sich Kuypers. F\u00fcr seine Frau hatte das schwere Folgen. \u201eDie ersten zwei Jahre konnte sich meine Frau durch die Halbseitenl\u00e4hmung nicht alleine bewegen und kaum sprechen\u201c, erinnert sich der heute 78-J\u00e4hrige. Die L\u00e4hmung einer K\u00f6rperh\u00e4lfte ist geblieben, das Sprechen f\u00e4llt ihr bis heute schwer.<\/p>\n<p class=\"richtext text-em-55 !leading-serif mx-6 desktop:mx-0\">F\u00fcr Kuypers wurde die Situation zu einer enormen Belastung. Zwei Jahre lang konnte er seinen <a href=\"https:\/\/rp-online.de\/thema\/beruf\/\" rel=\"nofollow noopener\" target=\"_blank\">Beruf<\/a> als Justizwachtmeister am Amtsgericht noch aus\u00fcben. Gleichzeitig k\u00fcmmerte er sich um Haushalt und Pflege. Schlie\u00dflich geriet er selbst an seine psychischen und k\u00f6rperlichen Grenzen, war in Behandlung und stand kurz vor einem <a href=\"https:\/\/rp-online.de\/thema\/burnout\/\" rel=\"nofollow noopener\" target=\"_blank\">Burnout<\/a>. Er musste vorzeitig in Pension gehen. Weil das gemeinsame Haus noch nicht abbezahlt war und er bei der Pension finanzielle Einbu\u00dfen hinnehmen musste, kamen weitere Sorgen hinzu. \u201eHauptsache war, dass ich meine Frau unterst\u00fctzen konnte\u201c, sagt Kuypers. Als er schlie\u00dflich rund um die Uhr zu Hause war, wurde vieles leichter \u2013 f\u00fcr beide.<\/p>\n<p class=\"richtext text-em-55 !leading-serif mx-6 desktop:mx-0\">Gleichzeitig erlebte er, wie isoliert sich pflegende Angeh\u00f6rige f\u00fchlen k\u00f6nnen. Eine Selbsthilfegruppe h\u00e4tte dem Ehepaar damals Halt geben k\u00f6nnen. Doch die n\u00e4chsten Angebote gab es in M\u00f6nchengladbach und Aachen \u2013 f\u00fcr die beiden zu weit entfernt. \u00dcber seine Frau lernte Kuypers Evelyn Pfister kennen. Pfisters Schw\u00e4gerin hatte einen Schlaganfall erlitten. Schnell stellten die beiden fest, dass sie vor \u00e4hnlichen Problemen standen. Im M\u00e4rz 2002 gr\u00fcndeten sie deshalb eine eigene Selbsthilfegruppe im Kreis Heinsberg. \u201eSeither hat sich die Gruppe wunderbar entwickelt\u201c, sagt Kuypers. Wichtig sei ihm, dass sich alle wohlf\u00fchlten. Die Mitglieder n\u00e4hmen Anteil daran, wenn es jemandem besser gehe \u2013 aber auch, wenn es einmal nicht so gut laufe.<\/p>\n<p class=\"richtext text-em-55 !leading-serif mx-6 desktop:mx-0\">Heute trifft sich die Gruppe an jedem dritten Mittwoch im Monat von 15 bis 17 Uhr im Pfarrheim St. Johannes der T\u00e4ufer in H\u00fcckelhoven-Ratheim. In den ersten Jahren kamen regelm\u00e4\u00dfig Fachleute zu unterschiedlichen Themen hinzu. Heute steht vor allem das Miteinander im Mittelpunkt. Sommerfeste, Bingo-Nachmittage und Weihnachtsfeiern geh\u00f6ren zum Jahresprogramm. \u201eDie Gruppe h\u00e4lt zusammen und gibt auch mir und meiner Frau unheimlich viel Halt\u201c, betont Kuypers.<\/p>\n<p class=\"richtext text-em-55 !leading-serif mx-6 desktop:mx-0\">Auch die Lebensqualit\u00e4t des Ehepaares hat sich nach und nach verbessert. Karins Gleichgewicht hat sich gebessert, kleinere Eink\u00e4ufe erledigt sie gemeinsam mit ihrem Mann. F\u00fcr l\u00e4ngere Strecken ben\u00f6tigt sie weiterhin einen Rollstuhl. Einmal im Jahr fahren die beiden mit ihrem Wohnwagen nach Valencia in Spanien. \u201eWenn wir zur\u00fcckkommen, ist meine Frau gef\u00fchlt zehn Jahre j\u00fcnger\u201c, so Kuypers.<\/p>\n<p class=\"richtext text-em-55 !leading-serif mx-6 desktop:mx-0\">Seit rund zehn Jahren f\u00fchrt er die Gruppe allein. Mitgr\u00fcnderin Pfister musste sich aus gesundheitlichen Gr\u00fcnden zur\u00fcckziehen. Im kommenden Jahr steht nun ein besonderes Jubil\u00e4um an: Die Selbsthilfegruppe wird 25 Jahre alt. F\u00fcr Kuypers ist das zugleich ein Anlass, langsam an die Zukunft zu denken. Er m\u00f6chte die Organisation perspektivisch in j\u00fcngere H\u00e4nde \u00fcbergeben. Einen konkreten Nachfolgeplan gibt es bislang allerdings noch nicht. \u201eAuf die kommenden Treffen freue ich mich jedes Mal aufs Neue\u201c, sagt er.<\/p>\n<p class=\"richtext text-em-55 !leading-serif mx-6 desktop:mx-0\">F\u00fcr seinen langj\u00e4hrigen Einsatz ist Kuypers f\u00fcr den Motivationspreis 2026 der Stiftung Deutsche Schlaganfall-Hilfe nominiert. Die G\u00fctersloher Stiftung vergibt die Auszeichnung alle zwei Jahre an Menschen, die sich als Betroffene, Ehrenamtliche oder Fachleute in herausragender Weise f\u00fcr das Thema Schlaganfall engagieren. Die Nominierten sind Vorbilder und motivieren Betroffene, nach einem Schlaganfall ihren Weg zur\u00fcck ins Leben zu finden. Die Preisverleihung soll im Dezember stattfinden.<\/p>\n","protected":false},"excerpt":{"rendered":"Als Heinz Kuypers\u2019 Frau Karin 1999 einen schweren Schlaganfall erlitt, ver\u00e4nderte sich das Leben des Ehepaares grundlegend. Heute&hellip;\n","protected":false},"author":2,"featured_media":1279311,"comment_status":"","ping_status":"","sticky":false,"template":"","format":"standard","meta":{"footnotes":"","_share_on_mastodon":"0"},"categories":[1841],"tags":[204647,1605,3364,29,30,20684,27052,2917,27496,33570,61900,263998,20154,1209,3912,26787],"class_list":["post-1279310","post","type-post","status-publish","format-standard","has-post-thumbnail","category-bielefeld","tag-204647","tag-bielefeld","tag-de","tag-deutschland","tag-germany","tag-gruppe","tag-heinz","tag-hilfe","tag-hueckelhoven","tag-karin","tag-kuypers","tag-motivationspreis","tag-nominiert","tag-nordrhein-westfalen","tag-schlaganfall","tag-selbsthilfegruppe"],"share_on_mastodon":{"url":"https:\/\/pubeurope.com\/@de\/117210682669112687","error":""},"_links":{"self":[{"href":"https:\/\/www.europesays.com\/de\/wp-json\/wp\/v2\/posts\/1279310","targetHints":{"allow":["GET"]}}],"collection":[{"href":"https:\/\/www.europesays.com\/de\/wp-json\/wp\/v2\/posts"}],"about":[{"href":"https:\/\/www.europesays.com\/de\/wp-json\/wp\/v2\/types\/post"}],"author":[{"embeddable":true,"href":"https:\/\/www.europesays.com\/de\/wp-json\/wp\/v2\/users\/2"}],"replies":[{"embeddable":true,"href":"https:\/\/www.europesays.com\/de\/wp-json\/wp\/v2\/comments?post=1279310"}],"version-history":[{"count":0,"href":"https:\/\/www.europesays.com\/de\/wp-json\/wp\/v2\/posts\/1279310\/revisions"}],"wp:featuredmedia":[{"embeddable":true,"href":"https:\/\/www.europesays.com\/de\/wp-json\/wp\/v2\/media\/1279311"}],"wp:attachment":[{"href":"https:\/\/www.europesays.com\/de\/wp-json\/wp\/v2\/media?parent=1279310"}],"wp:term":[{"taxonomy":"category","embeddable":true,"href":"https:\/\/www.europesays.com\/de\/wp-json\/wp\/v2\/categories?post=1279310"},{"taxonomy":"post_tag","embeddable":true,"href":"https:\/\/www.europesays.com\/de\/wp-json\/wp\/v2\/tags?post=1279310"}],"curies":[{"name":"wp","href":"https:\/\/api.w.org\/{rel}","templated":true}]}}