{"id":1279347,"date":"2026-09-04T04:00:17","date_gmt":"2026-09-04T04:00:17","guid":{"rendered":"https:\/\/www.europesays.com\/de\/1279347\/"},"modified":"2026-09-04T04:00:17","modified_gmt":"2026-09-04T04:00:17","slug":"flughafen-nuernberg-das-sind-die-beliebtesten-reiseziele-in-den-sommerferien-2026-2","status":"publish","type":"post","link":"https:\/\/www.europesays.com\/de\/1279347\/","title":{"rendered":"Flughafen N\u00fcrnberg: Das sind die beliebtesten Reiseziele in den Sommerferien 2026"},"content":{"rendered":"<p class=\"mb-6 text-xs-varying md:text-m lg:text-l font-serif group-[.font-sans]:font-sans \">\n    Die Sommerferien in <a href=\"https:\/\/augsburger-allgemeine.de\/bayern\/\" target=\"_self\" class=\"underline \" rel=\"nofollow noopener\">Bayern<\/a> sind bereits in vollem Gange. Der <a href=\"https:\/\/www.augsburger-allgemeine.de\/bayern\/flughafen-muenchen-das-sind-die-beliebtesten-ziele-fuer-den-sommerurlaub-114819269\" target=\"_self\" class=\"underline \" rel=\"nofollow noopener\">M\u00fcnchner Flughafen rechnet bis Ferienende mit mehreren Millionen Passagieren<\/a>. Auch der Airport N\u00fcrnberg gibt Zahlen bekannt \u2013 und verr\u00e4t, wohin es in diesem Sommer die meisten Urlauberinnen und Urlauber zieht.\n  <\/p>\n<p>            Airport N\u00fcrnberg: 788.000 Flugg\u00e4ste in den Sommerferien<\/p>\n<p class=\"mb-6 text-xs-varying md:text-m lg:text-l font-serif group-[.font-sans]:font-sans \">\n    Rund 788.000 Flugg\u00e4ste werden am zweitgr\u00f6\u00dften bayerischen Flughafen in diesen Sommerferien erwartet, teilt der Airport N\u00fcrnberg mit. Man bewege sich mit diesem Aufkommen voraussichtlich \u201eauf dem Rekordniveau des Vorjahres\u201c, hei\u00dft es weiter. Insgesamt 21 Airlines bringen die Passagiere von der fr\u00e4nkischen Metropolregion zu 55 Nonstop-Zielen.\n  <\/p>\n<p class=\"mb-6 text-xs-varying md:text-m lg:text-l font-serif group-[.font-sans]:font-sans \">\n    Der verkehrsreichste Tag in den Sommerferien wird laut dem Flughafen N\u00fcrnberg nach dem 3. und 7. August der 14. September. An jedem dieser Tage rechnet man mit rund 20.000 Passagieren.\n  <\/p>\n<p>            Das sind die beliebtesten Reiseziele in den Sommerferien 2026<\/p>\n<p class=\"mb-6 text-xs-varying md:text-m lg:text-l font-serif group-[.font-sans]:font-sans \">\n    \u201eF\u00fcr viele Menschen beginnen am Airport N\u00fcrnberg die sch\u00f6nsten Wochen des Jahres\u201c, wird Flughafengesch\u00e4ftsf\u00fchrer Michael Hupe in der Mitteilung zitiert. Um den Start in die Ferien m\u00f6glichst angenehm zu gestalten, setze man in diesem Sommer unter anderem auf die <a href=\"https:\/\/www.augsburger-allgemeine.de\/bayern\/neue-ct-scanner-am-flughafen-nuernberg-aenderungen-bei-sicherheitskontrolle-10-05-2026-114178891\" target=\"_self\" class=\"underline \" rel=\"nofollow noopener\">k\u00fcrzlich neu in Betrieb genommenen CT-Scanner\u00a0bei der Sicherheitskontrolle<\/a>. Mit ihnen soll es deutlich schneller vorangehen.\n  <\/p>\n<p class=\"mb-6 text-xs-varying md:text-m lg:text-l font-serif group-[.font-sans]:font-sans \">\n    Auch in diesem Jahr zieht es die meisten Urlauberinnen und Urlauber Richtung S\u00fcden. Das sind laut Airport die beliebtesten Reiseziele im Sommer 2026:\n  <\/p>\n<ul rel=\"\" class=\"[&amp;&gt;li]:relative list-none  [&amp;&gt;li]:pl-[1.2em] [&amp;&gt;li]:marker:text-[0] [&amp;&gt;li]:relative [&amp;&gt;li]:before:absolute [&amp;&gt;li]:before:w-3 [&amp;&gt;li]:before:h-3 [&amp;&gt;li]:before:bg-brand [&amp;&gt;li]:before:left-0 [&amp;&gt;li]:before:rounded-full [&amp;&gt;li]:before:top-[8px] md:[&amp;&gt;li]:before:top-[9px] lg:[&amp;&gt;li]:before:top-[11px]  my-5\">\n<li class=\" mb-3 text-xs-varying md:text-m lg:text-l\">Antalya, T\u00fcrkei (133.000 erwartete Passagiere)<\/li>\n<li class=\" mb-3 text-xs-varying md:text-m lg:text-l\">Palma de Mallorca, Spanien (108.000)<\/li>\n<li class=\" mb-3 text-xs-varying md:text-m lg:text-l\">Heraklion (Kreta), Griechenland (35.000)<\/li>\n<\/ul>\n<p>            Flughafen N\u00fcrnberg verzeichnete im vergangenen Sommer neuen Rekord<\/p>\n<p class=\"mb-6 text-xs-varying md:text-m lg:text-l font-serif group-[.font-sans]:font-sans \">\n    Auch Hurghada (\u00c4gypten) sei sehr gefragt, ebenso wie einige Verbindungen, die zu St\u00e4dtetrips einladen. Neben den Direktfl\u00fcgen sind auch die Verbindungen zu den internationalen Drehkreuzen f\u00fcr viele Reisende interessant, da es von dort praktisch in die ganze, weite Welt hinaus geht. Laut Flughafenangaben fliegen von N\u00fcrnberg aus rund 42.000 Passagiere zum Drehkreuz in Istanbul und 35.000 nach Frankfurt.\n  <\/p>\n<p class=\"mb-6 text-xs-varying md:text-m lg:text-l font-serif group-[.font-sans]:font-sans \">\n    Im vergangenen Jahr schickte der Airport <a href=\"https:\/\/www.augsburger-allgemeine.de\/bayern\/passagier-rekord-am-flughafen-nuernberg-das-waren-die-beliebtesten-ziele-im-sommer-18-09-2025-110841830\" target=\"_self\" class=\"underline \" rel=\"nofollow noopener\">mit rund 786.000 Passagieren so viele Menschen wie nie zuvor in den Sommerurlaub<\/a>. Mit <a href=\"https:\/\/www.augsburger-allgemeine.de\/bayern\/rekord-am-flughafen-nuernberg-2025-mehr-passagiere-als-je-zuvor-113190981\" target=\"_self\" class=\"underline \" rel=\"nofollow noopener\">4,5 Millionen Passagieren verzeichnete der Flughafen im vergangenen Jahr<\/a> generell neue Rekordzahlen.\n  <\/p>\n","protected":false},"excerpt":{"rendered":"Die Sommerferien in Bayern sind bereits in vollem Gange. Der M\u00fcnchner Flughafen rechnet bis Ferienende mit mehreren Millionen&hellip;\n","protected":false},"author":2,"featured_media":1182990,"comment_status":"","ping_status":"","sticky":false,"template":"","format":"standard","meta":{"footnotes":"","_share_on_mastodon":"0"},"categories":[1837],"tags":[772,3364,29,4532,28544,10647,6483,30,3783,26579,30258,105268,11290],"class_list":["post-1279347","post","type-post","status-publish","format-standard","has-post-thumbnail","category-nuernberg","tag-bayern","tag-de","tag-deutschland","tag-ferien","tag-ferienende","tag-flughafen-muenchen","tag-flughafen-nuernberg","tag-germany","tag-nuernberg","tag-reiseziel","tag-rekordniveau","tag-rekordsommer","tag-sommerferien"],"share_on_mastodon":{"url":"https:\/\/pubeurope.com\/@de\/117210777397197096","error":""},"_links":{"self":[{"href":"https:\/\/www.europesays.com\/de\/wp-json\/wp\/v2\/posts\/1279347","targetHints":{"allow":["GET"]}}],"collection":[{"href":"https:\/\/www.europesays.com\/de\/wp-json\/wp\/v2\/posts"}],"about":[{"href":"https:\/\/www.europesays.com\/de\/wp-json\/wp\/v2\/types\/post"}],"author":[{"embeddable":true,"href":"https:\/\/www.europesays.com\/de\/wp-json\/wp\/v2\/users\/2"}],"replies":[{"embeddable":true,"href":"https:\/\/www.europesays.com\/de\/wp-json\/wp\/v2\/comments?post=1279347"}],"version-history":[{"count":0,"href":"https:\/\/www.europesays.com\/de\/wp-json\/wp\/v2\/posts\/1279347\/revisions"}],"wp:featuredmedia":[{"embeddable":true,"href":"https:\/\/www.europesays.com\/de\/wp-json\/wp\/v2\/media\/1182990"}],"wp:attachment":[{"href":"https:\/\/www.europesays.com\/de\/wp-json\/wp\/v2\/media?parent=1279347"}],"wp:term":[{"taxonomy":"category","embeddable":true,"href":"https:\/\/www.europesays.com\/de\/wp-json\/wp\/v2\/categories?post=1279347"},{"taxonomy":"post_tag","embeddable":true,"href":"https:\/\/www.europesays.com\/de\/wp-json\/wp\/v2\/tags?post=1279347"}],"curies":[{"name":"wp","href":"https:\/\/api.w.org\/{rel}","templated":true}]}}