{"id":1279349,"date":"2026-09-04T04:03:39","date_gmt":"2026-09-04T04:03:39","guid":{"rendered":"https:\/\/www.europesays.com\/de\/1279349\/"},"modified":"2026-09-04T04:03:39","modified_gmt":"2026-09-04T04:03:39","slug":"hannover-uestra-tochter-testet-bodycams-fuer-mehr-sicherheit","status":"publish","type":"post","link":"https:\/\/www.europesays.com\/de\/1279349\/","title":{"rendered":"Hannover: \u00dcstra-Tochter testet Bodycams f\u00fcr mehr Sicherheit"},"content":{"rendered":"<p>        <img decoding=\"async\" src=\"https:\/\/www.europesays.com\/de\/wp-content\/uploads\/2026\/09\/bodycam-142.webp\" alt=\"Die Sicherheitsfirma der Uestra in Hannover mit einer Bodycam\" title=\"Die Sicherheitsfirma der Uestra in Hannover mit einer Bodycam | picture alliance\/dpa | Julian Stratenschulte\" class=\"responsive\"\/><\/p>\n<p>\n                Stand: 03.09.2026 15:58 Uhr<\/p>\n<p class=\"preface\">Die \u00dcstra-Tochter Protec will in Hannover nach eigenen Angaben sogenannte Bodycams testen. Die Kameras sollen deeskalierend wirken. <\/p>\n<p class=\"\">Die Ger\u00e4te, die die Besch\u00e4ftigen des Sicherheitsdienstleisters der hannoverschen Verkehrsbetriebe bekommen, bestehen aus einer Kamera und einem Bildschirm. So sieht sich derjenige, der gegen\u00fcber steht, selbst. Das wirke oft deeskalierend, erkl\u00e4rt Protec Gesch\u00e4ftsf\u00fchrer Mathis Lindscheid, &#8222;weil man sich vor dem Spiegelbild anders verh\u00e4lt, als ohne das Spiegelbild zu sehen.&#8220; Bei Bedarf k\u00f6nnen die Kameras angeschaltet werden und die Situation auch per Videoaufnahme dokumentieren. Das Material kann sp\u00e4ter beispielsweise von der Polizei ausgewertet werden, um Straftaten zu verfolgen.<\/p>\n<p>    Kameras sollen Sicherheitsgef\u00fchl verbessern<\/p>\n<p class=\"\">F\u00fcnf solcher Vorf\u00e4lle pro Tag gibt es bei knapp einer halben Million Fahrg\u00e4ste, sagt \u00dcstra-Vorstandsvorsitzende Elke van Zadel: &#8222;Nichts desto trotz gibt es einen Unterschied zwischen objektiver und subjektiver Sicherheit.&#8220; Weil sich die Menschen manchmal nachts unsicher f\u00fchlen, habe man sich entschieden die Kameras anzuschaffen. Sie sollen in Tunnelstationen und Fahrzeugen der \u00dcstra zum Einsatz kommen. Der S-Bahnbetreiber Transdev setzt seit 2025 <a href=\"https:\/\/www.ndr.de\/nachrichten\/niedersachsen\/hannover_weser-leinegebiet\/s-bahn-personal-in-hannover-traegt-bodycams-ab-herbst,aktuellhannover-336.html\" title=\"S-Bahn-Personal in Hannover tr\u00e4gt ab Herbst Bodycams\" rel=\"nofollow noopener\" target=\"_blank\">Bodycams<\/a> ein \u2013 mit guten Ergebnissen, hei\u00dft es.<\/p>\n<p>        <img decoding=\"async\" src=\"https:\/\/www.europesays.com\/de\/wp-content\/uploads\/2026\/09\/buxtehude742.webp\" alt=\"Vorbeifahrender Regionalzug in Hedendorf\" title=\"Vorbeifahrender Regionalzug in Hedendorf | NDR, Dominik Semrau\" class=\"responsive\" loading=\"lazy\"\/><\/p>\n<p>Auch 2025 bleiben die Angriffe laut Bahn auf einem hohen Niveau. Eine freiwillige Ma\u00dfnahme soll die Angriffe eind\u00e4mmen.<\/p>\n<p>        <img decoding=\"async\" src=\"https:\/\/www.europesays.com\/de\/wp-content\/uploads\/2026\/04\/sbahn742.webp.webp\" alt=\"Eine S-Bahn steht in einem Bahnhof in Hannover.\" title=\"Eine S-Bahn steht in einem Bahnhof in Hannover. | NDR, Isabel Schneider\" class=\"responsive\" loading=\"lazy\"\/><\/p>\n<p>Die am K\u00f6rper getragenen Videokameras sollen f\u00fcr mehr Sicherheit sorgen &#8211; f\u00fcr Personal und Fahrg\u00e4ste.<\/p>\n<p>        Schlagw\u00f6rter zu diesem Artikel<\/p>\n<p>            <a href=\"https:\/\/www.ndr.de\/nachrichten\/niedersachsen\/hannover_weser-leinegebiet\/Hannover-Aktuelle-News-und-Nachrichten,hannover18518.html\" rel=\"nofollow noopener\" target=\"_blank\">Hannover<\/a><\/p>\n","protected":false},"excerpt":{"rendered":"Stand: 03.09.2026 15:58 Uhr Die \u00dcstra-Tochter Protec will in Hannover nach eigenen Angaben sogenannte Bodycams testen. Die Kameras&hellip;\n","protected":false},"author":2,"featured_media":1279350,"comment_status":"","ping_status":"","sticky":false,"template":"","format":"standard","meta":{"footnotes":"","_share_on_mastodon":"0"},"categories":[1836],"tags":[590,82770,3364,29,30,46,14,15,1411,264005,3931,254,264006,31035],"class_list":["post-1279349","post","type-post","status-publish","format-standard","has-post-thumbnail","category-hannover","tag-aktuell","tag-bodycams","tag-de","tag-deutschland","tag-germany","tag-hannover","tag-nachrichten","tag-news","tag-niedersachsen","tag-protec","tag-sicherheit","tag-test","tag-tunnelstationen","tag-uestra"],"share_on_mastodon":{"url":"https:\/\/pubeurope.com\/@de\/117210792241884368","error":""},"_links":{"self":[{"href":"https:\/\/www.europesays.com\/de\/wp-json\/wp\/v2\/posts\/1279349","targetHints":{"allow":["GET"]}}],"collection":[{"href":"https:\/\/www.europesays.com\/de\/wp-json\/wp\/v2\/posts"}],"about":[{"href":"https:\/\/www.europesays.com\/de\/wp-json\/wp\/v2\/types\/post"}],"author":[{"embeddable":true,"href":"https:\/\/www.europesays.com\/de\/wp-json\/wp\/v2\/users\/2"}],"replies":[{"embeddable":true,"href":"https:\/\/www.europesays.com\/de\/wp-json\/wp\/v2\/comments?post=1279349"}],"version-history":[{"count":0,"href":"https:\/\/www.europesays.com\/de\/wp-json\/wp\/v2\/posts\/1279349\/revisions"}],"wp:featuredmedia":[{"embeddable":true,"href":"https:\/\/www.europesays.com\/de\/wp-json\/wp\/v2\/media\/1279350"}],"wp:attachment":[{"href":"https:\/\/www.europesays.com\/de\/wp-json\/wp\/v2\/media?parent=1279349"}],"wp:term":[{"taxonomy":"category","embeddable":true,"href":"https:\/\/www.europesays.com\/de\/wp-json\/wp\/v2\/categories?post=1279349"},{"taxonomy":"post_tag","embeddable":true,"href":"https:\/\/www.europesays.com\/de\/wp-json\/wp\/v2\/tags?post=1279349"}],"curies":[{"name":"wp","href":"https:\/\/api.w.org\/{rel}","templated":true}]}}