{"id":1279354,"date":"2026-09-04T04:08:19","date_gmt":"2026-09-04T04:08:19","guid":{"rendered":"https:\/\/www.europesays.com\/de\/1279354\/"},"modified":"2026-09-04T04:08:19","modified_gmt":"2026-09-04T04:08:19","slug":"bundesweiter-warntag-2026-sirenen-alarm-in-dresden-tag-und-uhrzeit","status":"publish","type":"post","link":"https:\/\/www.europesays.com\/de\/1279354\/","title":{"rendered":"Bundesweiter Warntag 2026: Sirenen-Alarm in Dresden \u2013 Tag und Uhrzeit"},"content":{"rendered":"<p>Alarm im September <\/p>\n<p>Bundesweiter Warntag: Wann in Dresden die Sirenen heulen<\/p>\n<p>04.09.2026 &#8211; 06:00 UhrLesedauer: 2 Min.<\/p>\n<p><a href=\"#focus-0\" class=\"transition-colors block text-current relative\" data-sctrack=\"FocusGalleryImage.Reference\"><img fetchpriority=\"high\" data-testid=\"Opener.Image\"   loading=\"eager\" src=\"https:\/\/www.europesays.com\/de\/wp-content\/uploads\/2026\/03\/sirenen-warnsystem-sirenenanlage-auf-einem-hochaus-in-dresden-es-dient-dazu-die-bevoelkerung-in-auss.jpeg\" alt=\"imago images 141088014\" title=\"imago images 141088014\" width=\"4000\" height=\"2250\" class=\"bg-[url:var(--lqipURL)] bg-cover bg-center flex h-full w-full max-w-full\" style=\"--lqipURL:url('https:\/\/images.t-online.de\/2026\/01\/4tUyMDI6Em24\/0x209:4000x2250\/fit-in\/150x0\/filters:blur(25)\/sirenen-warnsystem-sirenenanlage-auf-einem-hochaus-in-dresden-es-dient-dazu-die-bevoelkerung-in-aussergewoehnlichen-gefahrensituationen-schnell-und-effektiv-zu-warnen-und-bei-bedarf-zu-informieren-stadtweit-sind-nahezu-flaechendeckend-elektronische-sirenen-installiert-die-sowohl-signaltoene-als-auch-sprachdurchsagen-aussenden-koennen-die-sirenensignale-sind-in-sachsen-einheitlich-geregelt-dresden-sachsen-germany-siren-warning-system-siren-system-on-a-high-rise-building-in-dresden-it-is-used-to-warn-the-p.jpg')\" decoding=\"async\"\/><img loading=\"lazy\" src=\"https:\/\/dresden.t-online.de\/s\/paper\/_next\/static\/media\/zoom-in.f7dae02f.svg\" alt=\"Vergr\u00f6\u00dfern des Bildes\" title=\"Vergr\u00f6\u00dfern des Bildes\" class=\"block h-[calc(var(--height)_\/_16_*_1rem)] w-[calc(var(--width)_\/_16_*_1rem)] max-w-none absolute right-8 bottom-8 rounded-4 bg-snow p-8\" style=\"--width:32;--height:32\" decoding=\"async\"\/><\/a><\/p>\n<p>Sirenenanlage auf einem Hochaus (Archivbild): Am 10. September ist bundesweiter Warntag. (Quelle: Sylvio Dittrich via www.imago-images.de\/imago)<\/p>\n<p><img loading=\"lazy\" src=\"https:\/\/dresden.t-online.de\/s\/paper\/_next\/static\/media\/audio-volume.6689034c.svg\" alt=\"\" title=\"\" class=\"block h-[calc(var(--height)_\/_16_*_1rem)] w-[calc(var(--width)_\/_16_*_1rem)] max-w-none group-hover:brightness-0 group-hover:invert\" style=\"--width:16;--height:16\" decoding=\"async\"\/>Vorlesen<\/p>\n<p>Aktuelle Zeit:0:00Gesamtdauer:0:00<\/p>\n<p>1x<img loading=\"lazy\" src=\"https:\/\/dresden.t-online.de\/s\/paper\/_next\/static\/media\/font-sizes.32942e33.svg\" alt=\"\" title=\"\" class=\"block h-[calc(var(--height)_\/_16_*_1rem)] w-[calc(var(--width)_\/_16_*_1rem)] max-w-none group-hover:hidden group-aria-expanded:hidden\" style=\"--width:16;--height:16\" decoding=\"async\"\/><img loading=\"lazy\" src=\"https:\/\/dresden.t-online.de\/s\/paper\/_next\/static\/media\/font-sizes-dark-mode.e382645c.svg\" alt=\"\" title=\"\" class=\"block h-[calc(var(--height)_\/_16_*_1rem)] w-[calc(var(--width)_\/_16_*_1rem)] max-w-none hidden group-hover:block group-aria-expanded:block\" style=\"--width:16;--height:16\" decoding=\"async\"\/><img loading=\"lazy\" src=\"https:\/\/dresden.t-online.de\/s\/paper\/_next\/static\/media\/sharing-menu-icon.1eb71368.svg\" alt=\"\" title=\"\" class=\"block h-[calc(var(--height)_\/_16_*_1rem)] w-[calc(var(--width)_\/_16_*_1rem)] max-w-none group-hover:brightness-0 group-hover:invert\" style=\"--width:16;--height:16\" decoding=\"async\"\/>Artikel teilen<\/p>\n<p class=\"font-bold text-18 leading-17 user-text-lg:text-22 user-text-xl:text-24\">Bund, L\u00e4nder und Kommunen l\u00f6sen gemeinsam Probealarme aus. In Dresden werden neben den Sirenen auch weitere Warnkan\u00e4le aktiviert.<\/p>\n<p class=\"text-18 leading-17 user-text-lg:text-22 user-text-xl:text-24\">Am Donnerstag, 10. September 2026, nimmt Dresden am bundesweiten Warntag teil. Um 11 Uhr wird die Probewarnung ausgel\u00f6st, gegen 11.45 Uhr folgt die Entwarnung. Das geht aus einer Mitteilung der Landeshauptstadt Dresden hervor.<\/p>\n<p class=\"text-18 leading-17 user-text-lg:text-22 user-text-xl:text-24\">Das Bundesamt f\u00fcr Bev\u00f6lkerungsschutz und Katastrophenhilfe verschickt die Probewarnung \u00fcber das sogenannte Modulare Warnsystem des Bundes (MoWaS). Von dort gelangt sie an Rundfunk- und Fernsehsender, Warn-Apps wie NINA, Internetplattformen und weitere angeschlossene Kan\u00e4le. Mobiltelefone werden zus\u00e4tzlich per Cell Broadcast direkt erreicht \u2013 dabei sendet das Mobilfunknetz eine Warnnachricht an alle Ger\u00e4te in einem bestimmten Gebiet, ohne dass eine App n\u00f6tig ist.<\/p>\n<p>Alarm am Warntag anders als das Testsignal bei Probealarmen<\/p>\n<p class=\"text-18 leading-17 user-text-lg:text-22 user-text-xl:text-24\">Parallel dazu l\u00f6st die Dresdner Leitstelle das st\u00e4dtische Sirenen-Warnsystem aus. Anders als beim regul\u00e4ren Probealarm, der alle drei Monate stattfindet und ein zw\u00f6lf Sekunden langes Testsignal umfasst, ert\u00f6nt beim Warntag das f\u00fcr eine echte Gefahrenlage vorgesehene Signal: ein einmin\u00fctiger Heulton aus sechs T\u00f6nen von je f\u00fcnf Sekunden Dauer mit je f\u00fcnf Sekunden Pause. Die Entwarnung gegen 11.45 Uhr erfolgt durch einen einmin\u00fctigen Dauerton.<\/p>\n<p class=\"text-18 leading-17 user-text-lg:text-22 user-text-xl:text-24\">F\u00fcr die Bev\u00f6lkerung besteht keine Gefahr. Besondere Ma\u00dfnahmen sind nicht erforderlich. Die Notrufnummern 112 und 110 sollten jedoch nicht f\u00fcr R\u00fcckfragen zum Warntag genutzt werden.<\/p>\n<p class=\"text-18 leading-17 user-text-lg:text-22 user-text-xl:text-24\">Die Stadt empfiehlt au\u00dferdem, Kinder sowie Menschen, die durch laute Warnsignale verunsichert werden k\u00f6nnten, vorab auf den Test vorzubereiten. Auch Tiere k\u00f6nnen auf die ungewohnten Signale reagieren.<\/p>\n<p>Wer Sirene h\u00f6rt, soll weitere Informationen abrufen<\/p>\n<p class=\"text-18 leading-17 user-text-lg:text-22 user-text-xl:text-24\">Im Dresdner Stadtgebiet sind 210 elektronische Sirenen installiert. Sie k\u00f6nnen sowohl Signalt\u00f6ne als auch Sprachdurchsagen ausgeben und bleiben bei einem Stromausfall durch Akkus bis zu 48 Stunden betriebsf\u00e4hig. Die Verst\u00e4ndlichkeit von Sprachdurchsagen kann jedoch durch Geb\u00e4ude, Stra\u00dfenschluchten, Wind, Verkehrsl\u00e4rm oder sich \u00fcberlagernde Signale eingeschr\u00e4nkt sein. Eine fl\u00e4chendeckend gleichbleibende Sprachverst\u00e4ndlichkeit ist technisch nicht erreichbar.<\/p>\n<p class=\"text-18 leading-17 user-text-lg:text-22 user-text-xl:text-24\">Wer eine Sirene h\u00f6rt, sollte deshalb erg\u00e4nzende Informationen \u00fcber weitere Kan\u00e4le abrufen: Warn-Apps wie Nina, Radio und Fernsehen, Cell Broadcast sowie die Internet- und Social-Media-Kan\u00e4le der Landeshauptstadt und der Feuerwehr Dresden.<\/p>\n<p class=\"text-18 leading-17 user-text-lg:text-22 user-text-xl:text-24\">Der n\u00e4chste regul\u00e4re Probealarm des Dresdner Sirenen-Warnsystems findet am Mittwoch, 14. Oktober 2026, um 15 Uhr statt.<\/p>\n","protected":false},"excerpt":{"rendered":"Alarm im September Bundesweiter Warntag: Wann in Dresden die Sirenen heulen 04.09.2026 &#8211; 06:00 UhrLesedauer: 2 Min. Sirenenanlage&hellip;\n","protected":false},"author":2,"featured_media":862438,"comment_status":"","ping_status":"","sticky":false,"template":"","format":"standard","meta":{"footnotes":"","_share_on_mastodon":"0"},"categories":[1835],"tags":[722,17161,246728,26198,59111,3364,29,2386,30,5027,77559,108062,859,11568,264007,107646],"class_list":["post-1279354","post","type-post","status-publish","format-standard","has-post-thumbnail","category-dresden","tag-722","tag-17161","tag-246728","tag-alarm","tag-bundesamt-fuer-bevoelkerungsschutz-und-katastrophenhilfe","tag-de","tag-deutschland","tag-dresden","tag-germany","tag-kommune","tag-probealarm","tag-probewarnung","tag-sachsen","tag-sirenenanlage","tag-warnkanal","tag-warntag"],"share_on_mastodon":{"url":"https:\/\/pubeurope.com\/@de\/117210810749402426","error":""},"_links":{"self":[{"href":"https:\/\/www.europesays.com\/de\/wp-json\/wp\/v2\/posts\/1279354","targetHints":{"allow":["GET"]}}],"collection":[{"href":"https:\/\/www.europesays.com\/de\/wp-json\/wp\/v2\/posts"}],"about":[{"href":"https:\/\/www.europesays.com\/de\/wp-json\/wp\/v2\/types\/post"}],"author":[{"embeddable":true,"href":"https:\/\/www.europesays.com\/de\/wp-json\/wp\/v2\/users\/2"}],"replies":[{"embeddable":true,"href":"https:\/\/www.europesays.com\/de\/wp-json\/wp\/v2\/comments?post=1279354"}],"version-history":[{"count":0,"href":"https:\/\/www.europesays.com\/de\/wp-json\/wp\/v2\/posts\/1279354\/revisions"}],"wp:featuredmedia":[{"embeddable":true,"href":"https:\/\/www.europesays.com\/de\/wp-json\/wp\/v2\/media\/862438"}],"wp:attachment":[{"href":"https:\/\/www.europesays.com\/de\/wp-json\/wp\/v2\/media?parent=1279354"}],"wp:term":[{"taxonomy":"category","embeddable":true,"href":"https:\/\/www.europesays.com\/de\/wp-json\/wp\/v2\/categories?post=1279354"},{"taxonomy":"post_tag","embeddable":true,"href":"https:\/\/www.europesays.com\/de\/wp-json\/wp\/v2\/tags?post=1279354"}],"curies":[{"name":"wp","href":"https:\/\/api.w.org\/{rel}","templated":true}]}}