{"id":1279365,"date":"2026-09-04T04:14:15","date_gmt":"2026-09-04T04:14:15","guid":{"rendered":"https:\/\/www.europesays.com\/de\/1279365\/"},"modified":"2026-09-04T04:14:15","modified_gmt":"2026-09-04T04:14:15","slug":"fw-do-brand-in-der-sternstrasse","status":"publish","type":"post","link":"https:\/\/www.europesays.com\/de\/1279365\/","title":{"rendered":"FW-DO: Brand in der Sternstra\u00dfe"},"content":{"rendered":"<p class=\"date\">04.09.2026 \u2013 06:07<\/p>\n<p class=\"customer\">\n                        <a class=\"story-customer\" title=\"weiter zum newsroom von Feuerwehr Dortmund\" href=\"https:\/\/www.presseportal.de\/blaulicht\/nr\/115869\" rel=\"nofollow noopener\" target=\"_blank\">Feuerwehr Dortmund<\/a>\n                    <\/p>\n<p><a class=\"glightbox-pseudo event-trigger\" href=\"https:\/\/cache.pressmailing.net\/thumbnail\/story_hires\/016f73bf-00df-4cab-a0ff-7eed7c515f9e\/BrandSternstra%C3%9FeRauchentwicklung.jpeg.jpg\" data-description=\"Rauchentwicklung Sternstra\u00dfe\" data-category=\"medialightbox\" data-action=\"click\" data-label=\"single\" data-value=\"6a9a43ed270000fd2cc85487\" rel=\"nofollow noopener\" target=\"_blank\"><img decoding=\"async\" height=\"540\" with=\"720\" src=\"https:\/\/www.europesays.com\/de\/wp-content\/uploads\/2026\/09\/fw-do-brand-in-der-sternstra-e.jpeg\"   alt=\"FW-DO: Brand in der Sternstra\u00dfe\" class=\"single\"\/><\/a><\/p>\n<p><a data-category=\"citylink-story-view\" data-action=\"click\" data-label=\"Citylink in Meldungsansicht\" class=\"story-city event-trigger\" href=\"https:\/\/www.presseportal.de\/regional\/Dortmund\" title=\"News aus Dortmund \" rel=\"nofollow noopener\" target=\"_blank\">Dortmund<\/a> (ots)<\/p>\n<p>In der Nacht des 04.09. wurde die Feuerwehr Dortmund um 02:05 Uhr zu einem unklaren Brand in die westliche Innenstadt alarmiert. Nach mehreren Notrufen, die in der Leitstelle der Feuerwehr eingingen,  handelte es sich um einen Wohnungsbrand in einem Mehrfamilienhaus in der Sternstra\u00dfe. Daraufhin wurden zwei L\u00f6schz\u00fcge der Feuerwehr sowie zwei Rettungswagen und einen Notarzt zur Einsatzstelle alarmiert.<br \/>\nDie Rauchentwicklung konnte in den umliegenden Stra\u00dfen bereits auf der Anfahrt festgestellt werden und f\u00fchrte zu einer starken Geruchsbel\u00e4stigung. Beim Eintreffen der ersten Kr\u00e4fte drang dichter Rauch aus einer Wohnung im Erdgeschoss und auch der Treppenraum war verraucht. Einige Bewohner befanden sich bereits auf auf der Stra\u00dfe. Da nicht eindeutig klar war, dass alle Bewohner das Geb\u00e4ude selbstst\u00e4ndig verlassen konnten, wurden mehrere Einsatzkr\u00e4fte mit Atemschutzger\u00e4ten zur Menschenrettung eingesetzt. Zwei Personen wurden durch die Feuerwehr aus ihren Wohnungen gerettet und zur Untersuchung an den Rettungsdienst \u00fcbergeben. Mit mehreren Einsatzkr\u00e4ften wurde das Geb\u00e4ude abgesucht und der Brandherd im Keller festgestellt. Die Brandbek\u00e4mpfung wurde eingeleitet und der Treppenraum mit einem Hochleistungsl\u00fcfter entraucht. Eine Person wurde durch den Rettungsdienst vorsorglich mit Verdacht auf Rauchgasintoxikation in ein umliegendes Krankenhaus transportiert.<br \/>\nDa die Rauchentwicklung durch den Wind in einen Innenhof des Nachbargeb\u00e4udes gedr\u00fcckt wurde, musste auch dieser Bereich und die beteiligten Wohnungen durch Einsatzkr\u00e4fte kontrolliert werden. Nach Beendigung der L\u00fcftungsma\u00dfnahmen im Geb\u00e4ude musste festgestellt werden, dass durch die starke Ru\u00dfentwicklung das Geb\u00e4ude nicht mehr bewohnbar ist. Durch die DONetz wurde der Strom des Geb\u00e4udes abgeschaltet. Gegen 04:30 Uhr konnte die Feuerwehr die Einsatzstelle verlassen und an den Eigent\u00fcmer \u00fcbergeben.<br \/>\nZur Brandursache hat die Polizei die Ermittlungen aufgenommen. Angaben zur Schadenh\u00f6he konnten zum Zeitpunkt des Einsatzes noch nicht gemacht werden und sind ebenfalls Bestandteil der polizeilichen Ermittlungen.<br \/>\nAn der Einsatzstelle waren ca. 40 Einsatzkr\u00e4fte der Feuerwachen 1 (Mitte), 2 (Eving), 5 (Marten) sowie der L\u00f6schzug 29 (Deusen) der Freiwilligen Feuerwehr.<\/p>\n<p class=\"contact-headline\">R\u00fcckfragen bitte an:<\/p>\n<p class=\"contact-text\">Feuerwehr Dortmund<br \/>Lagedienst<br \/>Detlev Klein<br \/>Telefon: 0231\/8455000 <br \/>E-Mail: <a href=\"https:\/\/www.presseportal.de\/blaulicht\/pm\/115869\/mailto:37pressestelle@stadtdo.de\" class=\"uri-mailto\" rel=\"nofollow noopener\" target=\"_blank\">37pressestelle@stadtdo.de<\/a><br \/><a target=\"_blank\" class=\"uri-ext outbound\" rel=\"noopener nofollow\" href=\"https:\/\/dortmund.de\/feuerwehr\">https:\/\/dortmund.de\/feuerwehr<\/a><\/p>\n<p class=\"originator\">Original-Content von: Feuerwehr Dortmund, \u00fcbermittelt durch news aktuell<\/p>\n","protected":false},"excerpt":{"rendered":"04.09.2026 \u2013 06:07 Feuerwehr Dortmund Dortmund (ots) In der Nacht des 04.09. wurde die Feuerwehr Dortmund um 02:05&hellip;\n","protected":false},"author":2,"featured_media":1279366,"comment_status":"","ping_status":"","sticky":false,"template":"","format":"standard","meta":{"footnotes":"","_share_on_mastodon":"0"},"categories":[1833],"tags":[2919,3364,29,217,985,30,1209,176,178,180,179,181],"class_list":["post-1279365","post","type-post","status-publish","format-standard","has-post-thumbnail","category-dortmund","tag-brand","tag-de","tag-deutschland","tag-dortmund","tag-feuerwehr","tag-germany","tag-nordrhein-westfalen","tag-nrw","tag-presse","tag-pressemeldung","tag-pressemitteilung","tag-pressemitteilungen"],"share_on_mastodon":{"url":"https:\/\/pubeurope.com\/@de\/117210833871074857","error":""},"_links":{"self":[{"href":"https:\/\/www.europesays.com\/de\/wp-json\/wp\/v2\/posts\/1279365","targetHints":{"allow":["GET"]}}],"collection":[{"href":"https:\/\/www.europesays.com\/de\/wp-json\/wp\/v2\/posts"}],"about":[{"href":"https:\/\/www.europesays.com\/de\/wp-json\/wp\/v2\/types\/post"}],"author":[{"embeddable":true,"href":"https:\/\/www.europesays.com\/de\/wp-json\/wp\/v2\/users\/2"}],"replies":[{"embeddable":true,"href":"https:\/\/www.europesays.com\/de\/wp-json\/wp\/v2\/comments?post=1279365"}],"version-history":[{"count":0,"href":"https:\/\/www.europesays.com\/de\/wp-json\/wp\/v2\/posts\/1279365\/revisions"}],"wp:featuredmedia":[{"embeddable":true,"href":"https:\/\/www.europesays.com\/de\/wp-json\/wp\/v2\/media\/1279366"}],"wp:attachment":[{"href":"https:\/\/www.europesays.com\/de\/wp-json\/wp\/v2\/media?parent=1279365"}],"wp:term":[{"taxonomy":"category","embeddable":true,"href":"https:\/\/www.europesays.com\/de\/wp-json\/wp\/v2\/categories?post=1279365"},{"taxonomy":"post_tag","embeddable":true,"href":"https:\/\/www.europesays.com\/de\/wp-json\/wp\/v2\/tags?post=1279365"}],"curies":[{"name":"wp","href":"https:\/\/api.w.org\/{rel}","templated":true}]}}