{"id":1279369,"date":"2026-09-04T04:16:18","date_gmt":"2026-09-04T04:16:18","guid":{"rendered":"https:\/\/www.europesays.com\/de\/1279369\/"},"modified":"2026-09-04T04:16:18","modified_gmt":"2026-09-04T04:16:18","slug":"fussball-bundesliga-abloesefreier-wechsel-leipzig-will-mit-david-raum-verlaengern","status":"publish","type":"post","link":"https:\/\/www.europesays.com\/de\/1279369\/","title":{"rendered":"Fu\u00dfball-Bundesliga: Abl\u00f6sefreier Wechsel? Leipzig will mit David Raum verl\u00e4ngern"},"content":{"rendered":"<p class=\"paragraph article__item\"><a class=\"rtr-entity\" href=\"https:\/\/www.zeit.de\/thema\/rb-leipzig\" rel=\"nofollow noopener\" target=\"_blank\">RB Leipzig<\/a> m\u00f6chte einen abl\u00f6sefreien Abgang von Kapit\u00e4n David Raum unbedingt verhindern. Der Fu\u00dfball-Bundesligist m\u00f6chte deshalb in diesem Monat Gespr\u00e4che \u00fcber eine Verl\u00e4ngerung des im kommenden Sommers auslaufenden Vertrages ansetzen.\n<\/p>\n<p>Aktuelles<\/p>\n<p>                <a href=\"https:\/\/www.zeit.de\/sport\/2026-08\/dfb-pokal-1-runde-wuerzburger-kickers-1-fc-koeln-sc-verl-hamburger-sv-vsg-altglienicke-vfl-wolfsburg\" data-ct-label=\"DFB-Pokal, 1. Runde: Schalke besiegt Halle, Wolfsburg setzt sich gegen Altglienicke durch\" data-uuid=\"78f7f4ac-2d6b-4655-ab27-90a8333ec9e5\" rel=\"nofollow noopener\" target=\"_blank\"><\/p>\n<p>                        DFB-Pokal, 1. Runde:<br \/>\n                        Schalke besiegt Halle, Wolfsburg setzt sich gegen Altglienicke durch<\/p>\n<p>                <\/a><\/p>\n<p>                <a href=\"https:\/\/www.zeit.de\/hamburg\/2026-08\/elbvertiefung-07-08-2026\" data-ct-label=\"Elbvertiefung: Der t\u00e4gliche Newsletter aus Hamburg: Zu jedem Bl\u00e4ttchen eine Geschichte\" data-uuid=\"c24ba986-db45-47bd-9cc6-da4086b76eb8\" rel=\"nofollow noopener\" target=\"_blank\"><\/p>\n<p>                        Elbvertiefung: Der t\u00e4gliche Newsletter aus Hamburg:<br \/>\n                        Zu jedem Bl\u00e4ttchen eine Geschichte<\/p>\n<p>                <\/a><\/p>\n<p>                <a href=\"https:\/\/www.zeit.de\/sport\/2026-08\/fussball-bundesliga-1-spieltag-2026-27-borussia-dortmund-hamburger-sv-bayer-leverkusen\" data-ct-label=\"Bundesliga, 1. Spieltag \u2013 Samstag: Dortmund siegt gegen Hamburg, Aufsteiger Elversberg schl\u00e4gt Leverkusen\" data-uuid=\"7335dd3b-9c6a-47fd-b84f-b03032d2cf15\" rel=\"nofollow noopener\" target=\"_blank\"><\/p>\n<p>                        Bundesliga, 1. Spieltag \u2013 Samstag:<br \/>\n                        Dortmund siegt gegen Hamburg, Aufsteiger Elversberg schl\u00e4gt Leverkusen<\/p>\n<p>                <\/a><\/p>\n<p class=\"paragraph article__item\">\u00abEs wird mit David und seinem Berater sicherlich einen Austausch geben. Das Bestreben ist da, mit ihm zu verl\u00e4ngern, das habe ich schon mehrfach betont. Aber es geh\u00f6ren ja immer drei Seiten dazu\u00bb, sagte Sportchef Marcel Sch\u00e4fer, der neben dem Club und dem Spieler auf die Berater verwies.\n<\/p>\n<p>                        Verlust des Stammplatzes            <\/p>\n<p class=\"paragraph article__item\">Raum hatte bisher mit Gespr\u00e4chen \u00fcber eine Verl\u00e4ngerung keine Eile gehabt. Zun\u00e4chst habe er sich auf das Saisonfinale, dann die WM und sp\u00e4ter auf die Vorbereitung fokussieren wollen. Ein Bekenntnis, langfristig in <a class=\"rtr-entity\" href=\"https:\/\/www.zeit.de\/thema\/leipzig\" rel=\"nofollow noopener\" target=\"_blank\">Leipzig<\/a> bleiben zu wollen, vermied der 28-J\u00e4hrige stets. So k\u00f6nnte eine Verl\u00e4ngerung des Vertrages f\u00fcr Leipzig zur Herausforderung werden und wom\u00f6glich sogar platzen, wenn sich die Parteien bei den Konditionen nicht einigen.\n<\/p>\n<p class=\"paragraph article__item\">Der Linksverteidiger hatte zuletzt wohl auch auf einen Wechsel in der j\u00fcngsten Transferperiode gehofft. Doch durch den Verlust seines Stammplatzes in der Nationalmannschaft an Nathaniel Brown hatte sich kein attraktiver Markt f\u00fcr Raum ergeben. Zuletzt war der Franke mit Manchester United in Verbindung gebracht worden, doch konkret wurde es nie.\n<\/p>\n<p>            Schweres erstes Jahr            <\/p>\n<p class=\"paragraph article__item\">Raum war im Sommer 2022 f\u00fcr 26 Millionen Euro aus Hoffenheim nach Leipzig gewechselt. In seiner ersten Saison tat sich der offensivstarke Verteidiger schwer und kam nur auf 19 Startelf-Eins\u00e4tze. Erst nach dem Weggang von Marcel Halstenberg gewann Raum mehr Sicherheit und etablierte sich.\n<\/p>\n<p class=\"paragraph article__item\">Vor der vergangenen Saison l\u00f6ste er schlie\u00dflich Willi Orban als Kapit\u00e4n ab. In der Kabine z\u00e4hlt er neben dem \u00d6sterreicher Christoph Baumgartner zu den wichtigsten S\u00e4ulen des Teams.\n<\/p>\n<p class=\"paragraph article__item\">\u00a9 dpa-infocom, dpa:260904-930-630993\/1<\/p>\n","protected":false},"excerpt":{"rendered":"RB Leipzig m\u00f6chte einen abl\u00f6sefreien Abgang von Kapit\u00e4n David Raum unbedingt verhindern. Der Fu\u00dfball-Bundesligist m\u00f6chte deshalb in diesem&hellip;\n","protected":false},"author":2,"featured_media":1279370,"comment_status":"","ping_status":"","sticky":false,"template":"","format":"standard","meta":{"footnotes":"","_share_on_mastodon":"0"},"categories":[1832],"tags":[24706,3364,29,485,30,71,15,1655,859,2715],"class_list":["post-1279369","post","type-post","status-publish","format-standard","has-post-thumbnail","category-leipzig","tag-david-raum","tag-de","tag-deutschland","tag-fussball-bundesliga","tag-germany","tag-leipzig","tag-news","tag-rb-leipzig","tag-sachsen","tag-sommer"],"share_on_mastodon":{"url":"https:\/\/pubeurope.com\/@de\/117210840207908682","error":""},"_links":{"self":[{"href":"https:\/\/www.europesays.com\/de\/wp-json\/wp\/v2\/posts\/1279369","targetHints":{"allow":["GET"]}}],"collection":[{"href":"https:\/\/www.europesays.com\/de\/wp-json\/wp\/v2\/posts"}],"about":[{"href":"https:\/\/www.europesays.com\/de\/wp-json\/wp\/v2\/types\/post"}],"author":[{"embeddable":true,"href":"https:\/\/www.europesays.com\/de\/wp-json\/wp\/v2\/users\/2"}],"replies":[{"embeddable":true,"href":"https:\/\/www.europesays.com\/de\/wp-json\/wp\/v2\/comments?post=1279369"}],"version-history":[{"count":0,"href":"https:\/\/www.europesays.com\/de\/wp-json\/wp\/v2\/posts\/1279369\/revisions"}],"wp:featuredmedia":[{"embeddable":true,"href":"https:\/\/www.europesays.com\/de\/wp-json\/wp\/v2\/media\/1279370"}],"wp:attachment":[{"href":"https:\/\/www.europesays.com\/de\/wp-json\/wp\/v2\/media?parent=1279369"}],"wp:term":[{"taxonomy":"category","embeddable":true,"href":"https:\/\/www.europesays.com\/de\/wp-json\/wp\/v2\/categories?post=1279369"},{"taxonomy":"post_tag","embeddable":true,"href":"https:\/\/www.europesays.com\/de\/wp-json\/wp\/v2\/tags?post=1279369"}],"curies":[{"name":"wp","href":"https:\/\/api.w.org\/{rel}","templated":true}]}}