{"id":1279404,"date":"2026-09-04T04:35:40","date_gmt":"2026-09-04T04:35:40","guid":{"rendered":"https:\/\/www.europesays.com\/de\/1279404\/"},"modified":"2026-09-04T04:35:40","modified_gmt":"2026-09-04T04:35:40","slug":"koenig-harald-koenigin-mary-mit-persoenlichen-worten-ueber-norwegische-royals","status":"publish","type":"post","link":"https:\/\/www.europesays.com\/de\/1279404\/","title":{"rendered":"K\u00f6nig Harald: K\u00f6nigin Mary mit pers\u00f6nlichen Worten \u00fcber norwegische Royals"},"content":{"rendered":"<p>K\u00f6nigin Mary von D\u00e4nemark <\/p>\n<p>Pers\u00f6nliche Worte \u00fcber K\u00f6nig Harald V. \u2013 und Mette-Marit<\/p>\n<p>03.09.2026 &#8211; 15:34 UhrLesedauer: 2 Min.<\/p>\n<p><a href=\"#focus-0\" class=\"transition-colors block text-current relative\" data-sctrack=\"FocusGalleryImage.Reference\"><img fetchpriority=\"high\" data-testid=\"Opener.Image\"   loading=\"eager\" src=\"https:\/\/www.europesays.com\/de\/wp-content\/uploads\/2026\/09\/koenig-harald-v-koenigin-mary-und-mette-marit-im-mai-2024.jpg\" alt=\"K\u00f6nig Harald V., K\u00f6nigin Mary und Mette-Marit im Mai 2024.\" title=\"K\u00f6nig Harald V., K\u00f6nigin Mary und Mette-Marit im Mai 2024.\" width=\"1382\" height=\"777\" class=\"bg-[url:var(--lqipURL)] bg-cover bg-center flex h-full w-full max-w-full\" style=\"--lqipURL:url('https:\/\/images.t-online.de\/2026\/09\/EwNC07x4HsB4\/1303x209:1382x777\/fit-in\/150x0\/filters:blur(25)\/koenig-harald-v-koenigin-mary-und-mette-marit-im-mai-2024.jpg')\" decoding=\"async\"\/><img loading=\"lazy\" src=\"https:\/\/www.t-online.de\/s\/paper\/_next\/static\/media\/zoom-in.f7dae02f.svg\" alt=\"Vergr\u00f6\u00dfern des Bildes\" title=\"Vergr\u00f6\u00dfern des Bildes\" class=\"block h-[calc(var(--height)_\/_16_*_1rem)] w-[calc(var(--width)_\/_16_*_1rem)] max-w-none absolute right-8 bottom-8 rounded-4 bg-snow p-8\" style=\"--width:32;--height:32\" decoding=\"async\"\/><\/a><\/p>\n<p>K\u00f6nig Harald V. von Norwegen, K\u00f6nigin Mary von D\u00e4nemark und Mette-Marit von Norwegen im Mai 2024. (Quelle: IMAGO\/PPE)<\/p>\n<p><img loading=\"lazy\" src=\"https:\/\/www.t-online.de\/s\/paper\/_next\/static\/media\/audio-volume.6689034c.svg\" alt=\"\" title=\"\" class=\"block h-[calc(var(--height)_\/_16_*_1rem)] w-[calc(var(--width)_\/_16_*_1rem)] max-w-none group-hover:brightness-0 group-hover:invert\" style=\"--width:16;--height:16\" decoding=\"async\"\/>Vorlesen<\/p>\n<p>Aktuelle Zeit:0:00Gesamtdauer:0:00<\/p>\n<p>1x<img loading=\"lazy\" src=\"https:\/\/www.t-online.de\/s\/paper\/_next\/static\/media\/font-sizes.32942e33.svg\" alt=\"\" title=\"\" class=\"block h-[calc(var(--height)_\/_16_*_1rem)] w-[calc(var(--width)_\/_16_*_1rem)] max-w-none group-hover:hidden group-aria-expanded:hidden\" style=\"--width:16;--height:16\" decoding=\"async\"\/><img loading=\"lazy\" src=\"https:\/\/www.t-online.de\/s\/paper\/_next\/static\/media\/font-sizes-dark-mode.e382645c.svg\" alt=\"\" title=\"\" class=\"block h-[calc(var(--height)_\/_16_*_1rem)] w-[calc(var(--width)_\/_16_*_1rem)] max-w-none hidden group-hover:block group-aria-expanded:block\" style=\"--width:16;--height:16\" decoding=\"async\"\/><img loading=\"lazy\" src=\"https:\/\/www.t-online.de\/s\/paper\/_next\/static\/media\/sharing-menu-icon.1eb71368.svg\" alt=\"\" title=\"\" class=\"block h-[calc(var(--height)_\/_16_*_1rem)] w-[calc(var(--width)_\/_16_*_1rem)] max-w-none group-hover:brightness-0 group-hover:invert\" style=\"--width:16;--height:16\" decoding=\"async\"\/>Artikel teilen<\/p>\n<p class=\"font-bold text-18 leading-17 user-text-lg:text-22 user-text-xl:text-24\">Vor wenigen Tagen verstarb K\u00f6nig Harald V. Jetzt spricht K\u00f6nigin Mary pers\u00f6nlich \u00fcber ihn und richtet sich dabei auch direkt an das neue K\u00f6nigspaar Norwegens.<\/p>\n<p class=\"text-18 leading-17 user-text-lg:text-22 user-text-xl:text-24\">Am 28. August 2026 starb <a href=\"https:\/\/www.t-online.de\/themen\/koenig-harald\/\" class=\"transition-colors cursor-pointer no-underline md:hover:text-magenta md:focus:text-magenta border-b border-solid border-current text-salemsfur md:hover:border-magenta\" data-tracking=\"{&quot;action&quot;:&quot;click&quot;,&quot;category&quot;:&quot;intextLink&quot;,&quot;label&quot;:&quot;\/themen\/koenig-harald\/&quot;}\" data-sctrack=\"BodyAnchor\" rel=\"nofollow noopener\" target=\"_blank\">K\u00f6nig Harald V.<\/a> von <a href=\"https:\/\/www.t-online.de\/themen\/norwegen\/\" class=\"transition-colors cursor-pointer no-underline md:hover:text-magenta md:focus:text-magenta border-b border-solid border-current text-salemsfur md:hover:border-magenta\" data-tracking=\"{&quot;action&quot;:&quot;click&quot;,&quot;category&quot;:&quot;intextLink&quot;,&quot;label&quot;:&quot;\/themen\/norwegen\/&quot;}\" data-sctrack=\"BodyAnchor\" rel=\"nofollow noopener\" target=\"_blank\">Norwegen<\/a> im Alter von 89 Jahren. Wenig sp\u00e4ter meldeten sich die d\u00e4nischen Royals mit einem gemeinsamen Statement zu Wort. Nun hat K\u00f6nigin Mary noch einmal pers\u00f6nlich Abschied genommen.<\/p>\n<p class=\"text-18 leading-17 user-text-lg:text-22 user-text-xl:text-24\">Am Rande des D\u00e4nischen Wirtschaftstags im Kopenhagener Bella Center sprach sie mit dem Magazin &#8222;Billed Bladet&#8220; \u00fcber den Verlust. &#8222;K\u00f6nig Harald war ein so gro\u00dfartiger Mensch&#8220;, sagte K\u00f6nigin Mary. Es sei stets eine wahre Freude gewesen, in seiner Gegenwart zu sein. Sie k\u00f6nne nachvollziehen, warum er als der &#8222;Gro\u00dfvater ganz Norwegens&#8220; bezeichnet wurde: &#8222;Er hatte stets ein Auge f\u00fcr seine Mitmenschen.&#8220;<\/p>\n<ul class=\"text-18 leading-17 block pl-24 *:pb-16 *:before:inline-block *:before:size-8 *:before:bg-magenta *:before:mt-0 *:before:mr-12 *:before:mb-2 *:before:-ml-[20px]\">\n<li><strong class=\"font-bold\">Begr\u00e4bnis von K\u00f6nig Harald V.:<\/strong> <a href=\"https:\/\/www.t-online.de\/unterhaltung\/royals\/id_101418164\/trauerfeier-koenig-harald-v-diese-promis-kommen-zur-beerdigung-nach-oslo.html\" class=\"transition-colors cursor-pointer no-underline md:hover:text-magenta md:focus:text-magenta border-b border-solid border-current text-salemsfur md:hover:border-magenta\" data-tracking=\"{&quot;action&quot;:&quot;click&quot;,&quot;category&quot;:&quot;intextLink&quot;,&quot;label&quot;:&quot;\/unterhaltung\/royals\/id_101418164\/trauerfeier-koenig-harald-v-diese-promis-kommen-zur-beerdigung-nach-oslo.html&quot;}\" data-sctrack=\"BodyAnchor\" rel=\"nofollow noopener\" target=\"_blank\">Diese Royals und Politiker kommen nach Oslo<\/a><\/li>\n<\/ul>\n<p class=\"text-18 leading-17 user-text-lg:text-22 user-text-xl:text-24\">Besonders in Erinnerung geblieben ist ihr die erste Begegnung mit ihm. &#8222;Das habe ich selbst erlebt: seine gro\u00dfe F\u00fcrsorge und R\u00fccksichtnahme schon beim ersten Treffen mit ihm, als ich meine Rolle als Kronprinzessin gerade erst angetreten hatte. Er wird uns fehlen.&#8220;<\/p>\n<p><a href=\"#focus-1\" class=\"transition-colors block text-current relative\" data-sctrack=\"FocusGalleryImage.Reference\"><img   loading=\"lazy\" src=\"https:\/\/www.europesays.com\/de\/wp-content\/uploads\/2026\/09\/kronprinzessin-mette-marit-und-kronprinz-haakon-sie-feiern-am-25-august-ihre-silberhochzeit.jpg\" alt=\"Mette-Marit und Haakon: Sie sind das neue K\u00f6nigspaar in Norwegen.\" title=\"Mette-Marit und Haakon: Sie sind das neue K\u00f6nigspaar in Norwegen.\" width=\"4114\" height=\"2313\" class=\"h-full w-full max-w-full rounded-8\" decoding=\"async\"\/><img loading=\"lazy\" src=\"https:\/\/www.t-online.de\/s\/paper\/_next\/static\/media\/zoom-in.f7dae02f.svg\" alt=\"Vergr\u00f6\u00dfern des Bildes\" title=\"Vergr\u00f6\u00dfern des Bildes\" class=\"block h-[calc(var(--height)_\/_16_*_1rem)] w-[calc(var(--width)_\/_16_*_1rem)] max-w-none absolute right-8 bottom-8 rounded-4 bg-snow p-8\" style=\"--width:32;--height:32\" decoding=\"async\"\/>Kronprinzessin Mette-Marit und Kronprinz Haakon: Sie sind das neue K\u00f6nigspaar Norwegens. (Quelle: Thomas Lohnes\/Getty Images)<\/a><img loading=\"lazy\" src=\"https:\/\/www.t-online.de\/s\/paper\/_next\/static\/media\/video-carousel-play.6f25714b.svg\" alt=\"\" title=\"\" class=\"block h-[calc(var(--height)_\/_16_*_1rem)] w-[calc(var(--width)_\/_16_*_1rem)] max-w-none undefined\" style=\"--height:12\" decoding=\"async\"\/><\/p>\n<p>&#8222;Gro\u00dfe Ver\u00e4nderungen&#8220; bei Haakon und Mette-Marit<\/p>\n<p class=\"text-18 leading-17 user-text-lg:text-22 user-text-xl:text-24\">Bereits kurz nach K\u00f6nig Haralds Tod hatten K\u00f6nig Frederik und K\u00f6nigin Mary gemeinsam ein Statement auf Instagram ver\u00f6ffentlicht, das sich direkt an K\u00f6nig Haakon VIII. richtete. Darin hie\u00df es: &#8222;Unsere herzlichsten Gedanken gelten Tante Sonja, dir und Mette-Marit sowie dem Rest deiner Familie. Dein Vater hat f\u00fcr meine Mutter und f\u00fcr uns eine gro\u00dfe Bedeutung gehabt. Onkel Harald konnte mit seinem subtilen Humor und seiner felsenfesten Gelassenheit jeden dazu bringen, sich in seiner Gesellschaft wohlzuf\u00fchlen.&#8220;<\/p>\n<p class=\"text-18 leading-17 user-text-lg:text-22 user-text-xl:text-24\">Beim D\u00e4nischen Wirtschaftstag sprach K\u00f6nigin Mary erneut \u00fcber K\u00f6nig Haakon VIII. und seine Ehefrau Mette-Marit. &#8222;Das neue K\u00f6nigspaar wei\u00df, dass unsere Gedanken in dieser Zeit gro\u00dfer Ver\u00e4nderungen bei ihnen sind und es unsere volle Unterst\u00fctzung und unseren R\u00fcckhalt hat&#8220;, betonte sie.<\/p>\n","protected":false},"excerpt":{"rendered":"K\u00f6nigin Mary von D\u00e4nemark Pers\u00f6nliche Worte \u00fcber K\u00f6nig Harald V. \u2013 und Mette-Marit 03.09.2026 &#8211; 15:34 UhrLesedauer: 2&hellip;\n","protected":false},"author":2,"featured_media":1279405,"comment_status":"","ping_status":"","sticky":false,"template":"","format":"standard","meta":{"footnotes":"","_share_on_mastodon":"0"},"categories":[1776],"tags":[722,17161,1801,29,214,30,1916,73512,59870,1355,153923,913,1802,215],"class_list":["post-1279404","post","type-post","status-publish","format-standard","has-post-thumbnail","category-prominente","tag-722","tag-17161","tag-celebrities","tag-deutschland","tag-entertainment","tag-germany","tag-haakon-von-norwegen","tag-harald-v","tag-koenigspaar","tag-mary-von-daenemark","tag-mette-marit-tjessem-hoiby","tag-norwegen","tag-prominente","tag-unterhaltung"],"share_on_mastodon":{"url":"https:\/\/pubeurope.com\/@de\/117210918511939758","error":""},"_links":{"self":[{"href":"https:\/\/www.europesays.com\/de\/wp-json\/wp\/v2\/posts\/1279404","targetHints":{"allow":["GET"]}}],"collection":[{"href":"https:\/\/www.europesays.com\/de\/wp-json\/wp\/v2\/posts"}],"about":[{"href":"https:\/\/www.europesays.com\/de\/wp-json\/wp\/v2\/types\/post"}],"author":[{"embeddable":true,"href":"https:\/\/www.europesays.com\/de\/wp-json\/wp\/v2\/users\/2"}],"replies":[{"embeddable":true,"href":"https:\/\/www.europesays.com\/de\/wp-json\/wp\/v2\/comments?post=1279404"}],"version-history":[{"count":0,"href":"https:\/\/www.europesays.com\/de\/wp-json\/wp\/v2\/posts\/1279404\/revisions"}],"wp:featuredmedia":[{"embeddable":true,"href":"https:\/\/www.europesays.com\/de\/wp-json\/wp\/v2\/media\/1279405"}],"wp:attachment":[{"href":"https:\/\/www.europesays.com\/de\/wp-json\/wp\/v2\/media?parent=1279404"}],"wp:term":[{"taxonomy":"category","embeddable":true,"href":"https:\/\/www.europesays.com\/de\/wp-json\/wp\/v2\/categories?post=1279404"},{"taxonomy":"post_tag","embeddable":true,"href":"https:\/\/www.europesays.com\/de\/wp-json\/wp\/v2\/tags?post=1279404"}],"curies":[{"name":"wp","href":"https:\/\/api.w.org\/{rel}","templated":true}]}}