{"id":1279412,"date":"2026-09-04T04:41:31","date_gmt":"2026-09-04T04:41:31","guid":{"rendered":"https:\/\/www.europesays.com\/de\/1279412\/"},"modified":"2026-09-04T04:41:31","modified_gmt":"2026-09-04T04:41:31","slug":"26-jahre-nach-teil-1-feiert-eine-kult-reihe-mit-robert-de-niro-ihr-kino-comeback-jetzt-gibt-es-einen-neuen-trailer-kino-news","status":"publish","type":"post","link":"https:\/\/www.europesays.com\/de\/1279412\/","title":{"rendered":"26 Jahre nach Teil 1 feiert eine Kult-Reihe mit Robert De Niro ihr Kino-Comeback \u2013 jetzt gibt es einen neuen Trailer! &#8211; Kino News"},"content":{"rendered":"<p>\u00dcber ein Vierteljahrhundert hat die Kult-Kom\u00f6die \u201eMeine Braut, ihr Vater und ich\u201c mittlerweile auf dem Buckel. Mit \u201eMeine Frau, unsere Schwiegertochter und ich\u201c kommt nun tats\u00e4chlich ein vierter Teil. Ein neuer Trailer heizt die Vorfreude weiter an:<\/p>\n<p class=\"bo-p\">Mit einem weltweiten Einspielergebnis von rund 330 Millionen Dollar (bei einem Produktionsbudget von 55 Millionen) wurde die starbesetzte Kom\u00f6die \u201e<a href=\"https:\/\/www.filmstarts.de\/kritiken\/27777.html\" class=\"bo-link\" rel=\"nofollow noopener\" target=\"_blank\">Meine Braut, ihr Vater und ich<\/a>\u201c aus dem Stand heraus ein voller Erfolg \u2013 und das war erst der Anfang! Die Fortsetzung \u201e<a href=\"https:\/\/www.filmstarts.de\/kritiken\/28560.html\" class=\"bo-link\" rel=\"nofollow noopener\" target=\"_blank\">Meine Frau, ihre Schwiegereltern und ich<\/a>\u201c toppte das Ganze vier Jahre sp\u00e4ter sogar noch einmal und sp\u00fclte 522 Millionen Dollar in die Kinokassen.<\/p>\n<p class=\"bo-p\">Daran konnte der dritte Teil \u201e<a href=\"https:\/\/www.filmstarts.de\/kritiken\/126523.html\" class=\"bo-link\" rel=\"nofollow noopener\" target=\"_blank\">Meine Frau, unsere Kinder und ich<\/a>\u201c 2010 dann nicht mehr ganz ankn\u00fcpfen, auch wenn er nichtsdestotrotz mehr als das Dreifache seiner Produktionskosten einspielte. Vielmehr kam das zweite Sequel bei Kritik und Publikum aber so schlecht an, dass man die Reihe dennoch auf Eis legte. Nun aber wird sie tats\u00e4chlich wieder aufgetaut!<\/p>\n<p class=\"bo-p\"><b>Geschlagene 16 Jahre nach Teil 3 kommt mit \u201e<\/b><a href=\"https:\/\/www.filmstarts.de\/kritiken\/1000016814.html\" class=\"bo-link\" rel=\"nofollow noopener\" target=\"_blank\"><b>Meine Frau, unsere Schwiegertochter und ich<\/b><\/a><b>\u201c jetzt tats\u00e4chlich noch eine weitere Fortsetzung auf die gro\u00dfe Leinwand \u2013 f\u00fcr die ein Gro\u00dfteil der Original-Stars zur\u00fcckkehrt.<\/b><\/p>\n<p>Darum geht&#8217;s in &#8222;Meine Frau, ihre Schwiegereltern und ich&#8220;<\/p>\n<p class=\"bo-p\">Die Spr\u00f6sslinge von Greg Focker (<a href=\"https:\/\/www.filmstarts.de\/personen\/25348.html\" class=\"bo-link\" rel=\"nofollow noopener\" target=\"_blank\">Ben Stiller<\/a>) und seiner Frau Pam (<a href=\"https:\/\/www.filmstarts.de\/personen\/18989.html\" class=\"bo-link\" rel=\"nofollow noopener\" target=\"_blank\">Teri Polo<\/a>) sind inzwischen erwachsen geworden. Ihr Sohn Henry (\u201eSuperman\u201c-Fanliebling <a href=\"https:\/\/www.filmstarts.de\/personen\/152753.html\" class=\"bo-link\" rel=\"nofollow noopener\" target=\"_blank\">Skyler Gisondo<\/a> spielt hier nach \u201eNachts im Museum: Das geheimnisvolle Grabmal\u201c bereits zum zweiten Mal Ben Stillers Filmsohn) hat mittlerweile selbst sein Herz verloren, und zwar an die eigensinnige Olivia Jones (\u201eWicked\u201c-Star <a href=\"https:\/\/www.filmstarts.de\/personen\/491622.html\" class=\"bo-link\" rel=\"nofollow noopener\" target=\"_blank\">Ariana Grande<\/a> in einer ihrer letzten Rollen vor einer selbst auferlegten Auszeit).<\/p>\n<p class=\"bo-p\">Greg h\u00e4lt allerdings nicht sonderlich viel von der neuen Freundin seines Nachwuchses und l\u00e4uft damit Gefahr, genau zu einem solch anstrengenden Helikopter-Dad zu werden wie sein Schwiegervater Jack (<a href=\"https:\/\/www.filmstarts.de\/personen\/8.html\" class=\"bo-link\" rel=\"nofollow noopener\" target=\"_blank\">Robert De Niro<\/a>), der Greg das Leben bei seiner Aufnahme in die Familie einst so schwer gemacht hat. Derweil zeigt sich ausgerechnet Jack von der potenziellen Schwiegerenkelin hellauf begeistert \u2013 was Greg naturgem\u00e4\u00df erst recht zur Wei\u00dfglut treibt &#8230;<\/p>\n<p class=\"bo-p\">Inszeniert wurde \u201eFocker-in-Law\u201c (so der Originaltitel des Films) diesmal von \u201eWhy Him?\u201c-Regisseur <a href=\"https:\/\/www.filmstarts.de\/personen\/25189.html\" class=\"bo-link\" rel=\"nofollow noopener\" target=\"_blank\">John Hamburg<\/a>, der bereits an den Drehb\u00fcchern zu den drei Vorg\u00e4ngern mitgeschrieben hat. <b>In den deutschen Kinos startet \u201eMeine Frau, unsere Schwiegertochter und ich\u201c am 26. November 2026.<\/b><\/p>\n<p class=\"bo-p\">Den Trailer zur Kom\u00f6die k\u00f6nnt ihr euch nachfolgend auch noch mal im englischen Original anschauen:<\/p>\n","protected":false},"excerpt":{"rendered":"\u00dcber ein Vierteljahrhundert hat die Kult-Kom\u00f6die \u201eMeine Braut, ihr Vater und ich\u201c mittlerweile auf dem Buckel. Mit \u201eMeine&hellip;\n","protected":false},"author":2,"featured_media":1279413,"comment_status":"","ping_status":"","sticky":false,"template":"","format":"standard","meta":{"footnotes":"","_share_on_mastodon":"0"},"categories":[1771],"tags":[1778,29,214,30,95,1777,215],"class_list":["post-1279412","post","type-post","status-publish","format-standard","has-post-thumbnail","category-kino","tag-cinema","tag-deutschland","tag-entertainment","tag-germany","tag-kino","tag-movie","tag-unterhaltung"],"share_on_mastodon":{"url":"https:\/\/pubeurope.com\/@de\/117210938777642143","error":""},"_links":{"self":[{"href":"https:\/\/www.europesays.com\/de\/wp-json\/wp\/v2\/posts\/1279412","targetHints":{"allow":["GET"]}}],"collection":[{"href":"https:\/\/www.europesays.com\/de\/wp-json\/wp\/v2\/posts"}],"about":[{"href":"https:\/\/www.europesays.com\/de\/wp-json\/wp\/v2\/types\/post"}],"author":[{"embeddable":true,"href":"https:\/\/www.europesays.com\/de\/wp-json\/wp\/v2\/users\/2"}],"replies":[{"embeddable":true,"href":"https:\/\/www.europesays.com\/de\/wp-json\/wp\/v2\/comments?post=1279412"}],"version-history":[{"count":0,"href":"https:\/\/www.europesays.com\/de\/wp-json\/wp\/v2\/posts\/1279412\/revisions"}],"wp:featuredmedia":[{"embeddable":true,"href":"https:\/\/www.europesays.com\/de\/wp-json\/wp\/v2\/media\/1279413"}],"wp:attachment":[{"href":"https:\/\/www.europesays.com\/de\/wp-json\/wp\/v2\/media?parent=1279412"}],"wp:term":[{"taxonomy":"category","embeddable":true,"href":"https:\/\/www.europesays.com\/de\/wp-json\/wp\/v2\/categories?post=1279412"},{"taxonomy":"post_tag","embeddable":true,"href":"https:\/\/www.europesays.com\/de\/wp-json\/wp\/v2\/tags?post=1279412"}],"curies":[{"name":"wp","href":"https:\/\/api.w.org\/{rel}","templated":true}]}}