{"id":1279415,"date":"2026-09-04T04:43:21","date_gmt":"2026-09-04T04:43:21","guid":{"rendered":"https:\/\/www.europesays.com\/de\/1279415\/"},"modified":"2026-09-04T04:43:21","modified_gmt":"2026-09-04T04:43:21","slug":"juergen-klopp-was-man-sich-beim-neuen-bundestrainer-nicht-erlauben-darf-sport","status":"publish","type":"post","link":"https:\/\/www.europesays.com\/de\/1279415\/","title":{"rendered":"J\u00fcrgen Klopp: Was man sich beim neuen Bundestrainer nicht erlauben darf | Sport"},"content":{"rendered":"<p><a class=\"skip-content skip-content--link\" href=\"#in-content-skip-link-target-v-0-0\">TTS-Player \u00fcberspringen\u21b5<\/a><a id=\"in-content-skip-link-target-v-0-0\" class=\"skip-content--target-link-hidden skip-content skip-content--target-link\" href=\"#in-content-skip-link-target-v-0-0\">Artikel weiterlesen<\/a><\/p>\n<p><b>Neue Einblicke in die Gedankenwelt des Bundestrainers! <\/b><a href=\"https:\/\/www.bild.de\/sport\/leute\/juergen-klopp\/juergen-klopp-alle-infos-76678944.bild.html\" class=\"text-link\" rel=\"nofollow noopener\" target=\"_blank\"><b> J\u00fcrgen Klopp<\/b><\/a><b> (59) verr\u00e4t in einem Interview der \u201eSports Illustrated\u201c, wann er ungem\u00fctlich wird. \u201eMit einer Mannschaft kann ich auch mal lauter werden. Nicht besonders h\u00e4ufig, aber wenn ich das Gef\u00fchl habe, dass jemand die Dinge nebenher so laufen l\u00e4sst, dann schraube ich schon mal die Drehzahl hoch.\u201c Klare Ansage an jeden DFB-Star!<\/b> <b>Klopp spricht auch dar\u00fcber, was ihm an der Seitenlinie schwerf\u00e4llt und welche Bedeutung der <\/b><a href=\"https:\/\/www.bild.de\/sport\/fussball\/fussball\/home-15769054.bild.html\" class=\"text-link\" rel=\"nofollow noopener\" target=\"_blank\"><b>Fu\u00dfball <\/b><\/a><b>f\u00fcr die Gesellschaft haben kann \u2013 und welche nicht.<\/b><\/p>\n<p>Klopp: \u201eDarauf habe ich offenbar wenig Einfluss.\u201c<\/p>\n<p>Die<a href=\"https:\/\/www.bild.de\/sport\/fussball\/bundesliga\/bundesliga-startseite-52368768.bild.html\" class=\"text-link\" rel=\"nofollow noopener\" target=\"_blank\"> Bundesliga<\/a>-Fans erinnern sich, wie der \u201eP\u00f6hler\u201c beim<a href=\"https:\/\/www.bild.de\/sport\/fussball\/borussia-dortmund\/startseite-bvb-31074434.bild.html\" class=\"text-link\" rel=\"nofollow noopener\" target=\"_blank\"> BVB<\/a> oftmals an der Seitenlinie tigerte.  Klopp erkl\u00e4rt seine impulsive Art: \u201eEs f\u00e4llt mir bis heute schwer, das Gef\u00fchl der Ungerechtigkeit hinzunehmen. Da helfen auch keine Argumente wie: \u201aDas passiert den anderen auch\u2019 oder \u201aDas gleicht sich irgendwann wieder aus\u2019. Ich bin ein emotionaler Mensch. Wenn mir etwas wichtig ist, dann investiere ich alles, und man sieht das. Ich habe einen Gesichtsausdruck, der nicht vergn\u00fcgungssteuerpflichtig ist. Darauf habe ich offenbar wenig Einfluss.\u201c<\/p>\n<p><img decoding=\"async\" width=\"992\" height=\"558\" alt=\"J\u00fcrgen Klopp (59) beim DFB-Pokal-Finale 2012 mit seiner \u201eP\u00f6hler\u201c-Cap und voller Leidenschaft am Spielfeldrand\" loading=\"lazy\" src=\"https:\/\/www.europesays.com\/de\/wp-content\/uploads\/2026\/09\/eec5e7f9d763d6e1f683be76c6cc815d,73fa19b6.jpeg\"   class=\"landscape\"\/><\/p>\n<p class=\"fig__caption__text\">J\u00fcrgen Klopp (59) beim DFB-Pokal-Finale 2012 mit seiner \u201eP\u00f6hler\u201c-Cap und voller Leidenschaft am Spielfeldrand<\/p>\n<p>Foto: picture alliance\/Sven Simon<\/p>\n<p>Als neuer Bundestrainer h\u00e4ngen die Hoffnungen von Fu\u00dfball-Deutschland am ehemaligen <a href=\"https:\/\/www.bild.de\/sport\/fussball\/fc-liverpool\/fc-liverpool-alle-infos-79564162.bild.html\" class=\"text-link\" rel=\"nofollow noopener\" target=\"_blank\">Liverpool<\/a>-Coach. Klopp berichtet davon, dass der Fu\u00dfball in seinen vorherigen Trainerstationen (<a href=\"https:\/\/www.bild.de\/sport\/fussball\/mainz-05\/startseite-fsv-mainz-05-31074438.bild.html\" class=\"text-link\" rel=\"nofollow noopener\" target=\"_blank\">Mainz<\/a>, Dortmund, Liverpool) die Situation in den St\u00e4dten positiv ver\u00e4nderte. Nun hoffen viele, dass Klopp \u00c4hnliches mit einem ganzen Land schafft. Doch Klopp ist sich der Grenzen des Fu\u00dfballs bewusst: \u201eFu\u00dfball kann die gesellschaftliche Atmosph\u00e4re beeinflussen. Dieser Verantwortung sollte man sich bewusst sein. Das ist die Rolle, und dar\u00fcber hinaus gibt es keine gesellschaftlich relevante Funktion. Es ist ja nicht so, dass durch einen Titel das Bruttoinlandsprodukt steigt oder man mehr Autos verkauft.\u201c<\/p>\n<p>Mehr zum Thema<\/p>\n<p>Deutschland wartet seit dem <a href=\"https:\/\/www.bild.de\/sport\/fussball\/fifa-wm-2026-QNToDBgFYEJ5vy2KN6mE\" class=\"text-link\" rel=\"nofollow noopener\" target=\"_blank\">WM<\/a>-Triumph 2014 auf ein gro\u00dfes Finale. Klopp soll die DFB-Elf genau da wieder hinbringen. Er erlebte schon einige Endspiele, doch ausgerechnet vor seinem gr\u00f6\u00dften internationalen Triumph war der sonst so optimistische Klopp weniger zuversichtlich. Vor dem Champions-League-Finale 2019 mit Liverpool gegen Tottenham (2:0) hatte er bereits zwei K\u00f6nigsklassen-Endspiele verloren.<\/p>\n<p>\u201eWie bei \u2019nem Mode-Magazin\u201c: Diskussion \u00fcber Klopp-Auftritt!<a class=\"anchor video-teaser__anchor\" href=\"https:\/\/www.bild.de\/sport\/fussball\/wie-bei-nem-mode-magazin-diskussion-ueber-klopp-auftritt-6a9921c087159f3cd0820e25\" rel=\"nofollow noopener\" target=\"_blank\"><img decoding=\"async\" width=\"992\" height=\"558\" alt=\"\" loading=\"lazy\" src=\"https:\/\/www.europesays.com\/de\/wp-content\/uploads\/2026\/09\/abe9c92ce0953fc07f2f2ffebf1ab553-landscape,86f63576.jpeg\"   class=\"landscape teaser__image\"\/><\/a><\/p>\n<p>Quelle: BILD03.09.2026<\/p>\n<p>J\u00fcrgen Klopp: \u201eIch bin kein Idiot, der sagt&#8230;\u201c<\/p>\n<p>Klopp: \u201eVor diesem dritten Finale, das wir anschlie\u00dfend gewannen, hatte ich Respekt vor der Situation. An so einem Finaltag bist du am Nachmittag drei, vier Stunden auf deinem Zimmer und deinen eigenen Gedanken ausgeliefert. An diesem Tag habe ich zwei Stunden tief und fest geschlafen. Als ich aufgewacht bin, dachte ich: \u201aDu lieber Himmel, wo war ich denn gerade?\u2019\u201c Doch je n\u00e4her der Anpfiff r\u00fcckte, desto mehr kam der Optimismus bei Klopp zur\u00fcck. <\/p>\n<p>Allgemein setze er sich erst dann mit negativen Szenarien auseinander, wenn diese eintreten. Er sagt jedoch auch: \u201eAber ich bin kein Idiot, der sagt: \u201aWird schon.\u2018 Wenn man Dinge beeinflussen kann, dann muss man sie so beeinflussen, dass man davon ausgehen kann, dass sie funktionieren.\u201c<\/p>\n<p>Dass der Neu-Bundestrainer nicht sofort alle Probleme des deutschen Fu\u00dfballs l\u00f6sen kann, ist offensichtlich. Es braucht Geduld. Klopp ganz klar: \u201eMan gibt heute niemandem mehr Zeit \u2013 au\u00dfer sich selbst. F\u00fcr die eigene Entwicklung nimmt jeder Zeit in Anspruch. Aber von anderen erwartet man, dass sich alles sofort ver\u00e4ndert. Der deutsche Fu\u00dfball ist daf\u00fcr ein gutes Beispiel.\u201c<\/p>\n","protected":false},"excerpt":{"rendered":"TTS-Player \u00fcberspringen\u21b5Artikel weiterlesen Neue Einblicke in die Gedankenwelt des Bundestrainers! J\u00fcrgen Klopp (59) verr\u00e4t in einem Interview der&hellip;\n","protected":false},"author":2,"featured_media":1279416,"comment_status":"","ping_status":"","sticky":false,"template":"","format":"standard","meta":{"footnotes":"","_share_on_mastodon":"0"},"categories":[136],"tags":[1263,888,299,1260,29,481,954,347,30,2134,7645,25014,5134,265,1576,1261,5843],"class_list":["post-1279415","post","type-post","status-publish","format-standard","has-post-thumbnail","category-sport","tag-aufmacher-bereich","tag-borussia-dortmund","tag-bundesliga","tag-deutsche-nationalmannschaft","tag-deutschland","tag-dfb","tag-fc-liverpool","tag-fussball","tag-germany","tag-interview","tag-klopp-juergen","tag-mainz-05","tag-quad-teaser","tag-sport","tag-super-a-teaser","tag-toralarm-top-news","tag-trainer"],"share_on_mastodon":{"url":"https:\/\/pubeurope.com\/@de\/117210948160491228","error":""},"_links":{"self":[{"href":"https:\/\/www.europesays.com\/de\/wp-json\/wp\/v2\/posts\/1279415","targetHints":{"allow":["GET"]}}],"collection":[{"href":"https:\/\/www.europesays.com\/de\/wp-json\/wp\/v2\/posts"}],"about":[{"href":"https:\/\/www.europesays.com\/de\/wp-json\/wp\/v2\/types\/post"}],"author":[{"embeddable":true,"href":"https:\/\/www.europesays.com\/de\/wp-json\/wp\/v2\/users\/2"}],"replies":[{"embeddable":true,"href":"https:\/\/www.europesays.com\/de\/wp-json\/wp\/v2\/comments?post=1279415"}],"version-history":[{"count":0,"href":"https:\/\/www.europesays.com\/de\/wp-json\/wp\/v2\/posts\/1279415\/revisions"}],"wp:featuredmedia":[{"embeddable":true,"href":"https:\/\/www.europesays.com\/de\/wp-json\/wp\/v2\/media\/1279416"}],"wp:attachment":[{"href":"https:\/\/www.europesays.com\/de\/wp-json\/wp\/v2\/media?parent=1279415"}],"wp:term":[{"taxonomy":"category","embeddable":true,"href":"https:\/\/www.europesays.com\/de\/wp-json\/wp\/v2\/categories?post=1279415"},{"taxonomy":"post_tag","embeddable":true,"href":"https:\/\/www.europesays.com\/de\/wp-json\/wp\/v2\/tags?post=1279415"}],"curies":[{"name":"wp","href":"https:\/\/api.w.org\/{rel}","templated":true}]}}