{"id":1279445,"date":"2026-09-04T05:01:24","date_gmt":"2026-09-04T05:01:24","guid":{"rendered":"https:\/\/www.europesays.com\/de\/1279445\/"},"modified":"2026-09-04T05:01:24","modified_gmt":"2026-09-04T05:01:24","slug":"ministerin-ueber-karolina-burger-schule-wenige-schueler-die-ueber-die-straenge-schlagen-regional","status":"publish","type":"post","link":"https:\/\/www.europesays.com\/de\/1279445\/","title":{"rendered":"Ministerin \u00fcber Karolina-Burger-Schule: \u201eWenige Sch\u00fcler, die \u00fcber die Str\u00e4nge schlagen\u201c | Regional"},"content":{"rendered":"<p><a class=\"skip-content skip-content--link\" href=\"#in-content-skip-link-target-v-0-0\">TTS-Player \u00fcberspringen\u21b5<\/a><a id=\"in-content-skip-link-target-v-0-0\" class=\"skip-content--target-link-hidden skip-content skip-content--target-link\" href=\"#in-content-skip-link-target-v-0-0\">Artikel weiterlesen<\/a><\/p>\n<p>Mainz \u2013 <b>Drohungen, Messer-Gewalt, mutma\u00dfliche Schutzgeld-Erpressungen \u2013 die Nachrichten \u00fcber die Karolina-Burger-Schule in Ludwigshafen sorgten bundesweit f\u00fcr Entsetzen. Das Bildungsministerium in Rheinland-Pfalz will jetzt mit harten Ma\u00dfnahmen durchgreifen. Doch mitschuldig an den katastrophalen Zust\u00e4nden sollen ausgerechnet die Lehrer sein, die seit Jahren von Problemsch\u00fclern terrorisiert werden!<\/b><\/p>\n<p>In <a href=\"https:\/\/www.bild.de\/regional\/rheinland-pfalz\/messer-schlaege-todesdrohungen-deutschlands-gefaehrlichste-schule-69394bdac3b4893a9e2b4301\" class=\"text-link\" rel=\"nofollow noopener\" target=\"_blank\">einem Brandbrief<\/a> machten P\u00e4dagogen der Haupt- und Realschule in Ludwigshafen (Rheinland-Pfalz) 2025 Morddrohungen, Gewalt gegen Sch\u00fcler und Lehrer, ihre Machtlosigkeit und Angst \u00f6ffentlich. Beh\u00f6rden hatten die Probleme jahrelang kleingeredet. Zuletzt wurde bekannt, <a href=\"https:\/\/www.bild.de\/regional\/rheinland-pfalz\/deutschlands-gefaehrlichste-schule-jetzt-geht-es-sogar-um-schutzgeld-erpressung-6a954ffed88567044d84b225\" class=\"text-link\" rel=\"nofollow noopener\" target=\"_blank\">dass \u00e4ltere Sch\u00fcler die J\u00fcngeren um Schutzgeld erpressen w\u00fcrden<\/a>.<\/p>\n<p>Die neue <a href=\"https:\/\/www.bild.de\/themen\/organisationen\/bundesministerium-bildung-forschung\/politik-nachrichten-news-fotos-videos-20462098.bild.html\" class=\"text-link\" rel=\"nofollow noopener\" target=\"_blank\">Bildungsministerin<\/a> Ute Eiling-H\u00fctig (58, CDU) will jetzt durchgreifen und erkl\u00e4rte am Donnerstag (3.9.) im Bildungsausschuss des Landtags: \u201eIm Mittelpunkt stehen f\u00fcr mich die Sch\u00fclerinnen und Sch\u00fcler. Ihre Zukunft muss unsere oberste Priorit\u00e4t sein. Sie haben Anspruch auf einen guten und sicheren <a href=\"https:\/\/www.bild.de\/themen\/specials\/bildung\/bildung-von-der-schule-bis-zur-universitaet-17823094.bild.html\" class=\"text-link\" rel=\"nofollow noopener\" target=\"_blank\">Unterricht<\/a>.\u201c<\/p>\n<p>\u201eWenige Sch\u00fcler, die \u00fcber die Str\u00e4nge schlagen\u201c<\/p>\n<p>Konkret geplant sind: mehr Sozialp\u00e4dagogen, drei Psychologen, mehr Pr\u00e4vention, mehr Deutschf\u00f6rderung. Kleinere Abschlussklassen oder doppelte Lehrerbesetzung sollen gepr\u00fcft werden. Die Schulaufsicht soll vorerst t\u00e4glich vor Ort sein. Die Ministerin sprach nur von \u201ewenigen Sch\u00fclern, die \u00fcber die Str\u00e4nge schlagen und deshalb mit Jugendhilfema\u00dfnahmen unterst\u00fctzt oder sanktioniert werden m\u00fcssen\u201c. Notfalls bis zum Schulausschluss.<\/p>\n<p><img decoding=\"async\" width=\"992\" height=\"558\" alt=\"Ute Eiling-H\u00fctig (58, CDU), die neue Bildungsministerin von Rheinland-Pfalz, auf dem Weg zur Ausschussitzung\" loading=\"lazy\" src=\"https:\/\/www.europesays.com\/de\/wp-content\/uploads\/2026\/09\/12912bc559d8e7c5e36aa039f1115e67,6fa6602e.jpeg\"   class=\"landscape\"\/><\/p>\n<p class=\"fig__caption__text\">Ute Eiling-H\u00fctig (58, CDU), die neue Bildungsministerin von Rheinland-Pfalz, auf dem Weg zur Ausschusssitzung<\/p>\n<p>Foto: Andreas Arnold<\/p>\n<p>Direktor und zwei Lehrer weg, Personalrat aufgel\u00f6st<\/p>\n<p>Hart durchgegriffen wird bei den Lehrern. Der Schulfrieden sei \u201einsbesondere durch Zerw\u00fcrfnisse innerhalb des Kollegiums massiv besch\u00e4digt worden\u201c, so die Ministerin. Der <a href=\"https:\/\/www.bild.de\/politik\/inland\/deutschlands-gefaehrlichste-schule-gewalt-schule-ausser-kontrolle-17-lehrer-krank-direktor-gefeuert-6a8437f89fcb5798aae3a6a1\" class=\"text-link\" rel=\"nofollow noopener\" target=\"_blank\">umstrittene Schulleiter Oliver K\u00e4stel <\/a>(56) wird Mitte September an eine andere Schule abgeordnet. Zwei Lehrer werden versetzt. Zudem klagt die Schulbeh\u00f6rde beim Verwaltungsgericht Mainz auf Aufl\u00f6sung des Personalrats. Der habe gesetzliche Pflichten zur vertrauensvollen Zusammenarbeit verletzt \u2013 indem man etwa Missst\u00e4nde publik machte.<\/p>\n<p><img decoding=\"async\" width=\"992\" height=\"558\" alt=\"Keine Seltenheit: Am 19. August gab es zweimal falschen Feueralarm, der von Problem-Sch\u00fclern ausgel\u00f6st wurde\" loading=\"lazy\" src=\"https:\/\/www.europesays.com\/de\/wp-content\/uploads\/2026\/09\/073fa8704bd72a625eccbebd6958f7c4,c4b5393.jpeg\"   class=\"landscape\"\/><\/p>\n<p class=\"fig__caption__text\">Keine Seltenheit: Am 19. August gab es zweimal falschen Feueralarm, der von Problem-Sch\u00fclern ausgel\u00f6st wurde<\/p>\n<p>Foto: Michael Ruffler<\/p>\n<p>\u201eSchlie\u00dfung der Schule ist keine Option\u201c<\/p>\n<p>Zu allen anderen Problemen der Karolina-Burger-Schule kommt hinzu, dass 90 Prozent der Sch\u00fcler Migranten sind. Migrations-Experte Ahmad Mansour (50) hatte gegen\u00fcber BILD erkl\u00e4rt: \u201eIch w\u00fcrde die <a href=\"https:\/\/www.bild.de\/politik\/inland\/90-prozent-migranten-experte-schliesst-deutschlands-gefaehrlichste-schule-6a86b8cccbb4a8f2ce8fedb1\" class=\"text-link\" rel=\"nofollow noopener\" target=\"_blank\">Schule vollst\u00e4ndig schlie\u00dfen <\/a>und die Sch\u00fcler auf andere Schulen verteilen.\u201c Bildungsministerin Ute Eiling-H\u00fctig stellte jetzt klar: \u201eEine Schlie\u00dfung ist keine Option. Wir geben niemanden auf und wir geben auch keine <a href=\"https:\/\/www.bild.de\/themen\/organisationen\/schule\/politik-nachrichten-news-fotos-videos-40045138.bild.html\" class=\"text-link\" rel=\"nofollow noopener\" target=\"_blank\">Schule<\/a> auf.\u201c<\/p>\n<p><img decoding=\"async\" width=\"992\" height=\"570\" alt=\"SPD-Politiker Oliver K\u00e4stel (56) scheiterte 2024 bei der Wahl zum Ortsb\u00fcrgermeister von Meckenheim (Pfalz). Er ist immer noch Schulleiter der Karolina-Burger-Realschule\" loading=\"lazy\" src=\"https:\/\/www.europesays.com\/de\/wp-content\/uploads\/2026\/09\/b2432e40fd180b7331bedd08a43c25ee,44ad9897.jpeg\"   class=\"dynamic\"\/><\/p>\n<p class=\"fig__caption__text\">Der umstrittene Schulleiter und SPD-Kommunalpolitiker Oliver K\u00e4stel (56) muss gehen<\/p>\n<p>Foto: Facebook<\/p>\n<p>In ihrem Brandbrief hatten sich Lehrer Eingangskontrollen mit Metalldetektoren gew\u00fcnscht. Begr\u00fcndung: \u201eSo k\u00f6nnen Messer und Waffen nicht ins Haus gelangen.\u201c Dazu Sicherheitspersonal auf den G\u00e4ngen und im Pausenhof. Plus <a href=\"https:\/\/www.bild.de\/regional\/aktuelles\/polizei\/polizeieinsatz-alle-infos-76681760.bild.html\" class=\"text-link\" rel=\"nofollow noopener\" target=\"_blank\">Polizei<\/a> vor Ort.<\/p>\n<p>Mehr zum Thema<\/p>\n<p>Die neue <a href=\"https:\/\/www.bild.de\/themen\/personen\/minister\/news-fotos-videos-17002522.bild.html\" class=\"text-link\" rel=\"nofollow noopener\" target=\"_blank\">Ministerin<\/a> erkl\u00e4rte, dass es keinen Sicherheitsdienst geben werde. Metalldetektoren waren im Ausschuss ohnehin kein Thema. Die CDU-Politikerin setzte auf ihr Ma\u00dfnahmenpaket: \u201eDie Ma\u00dfnahmen laufen so lange, wie sie notwendig sind. Das sind wir den Sch\u00fclerinnen und Sch\u00fclern schuldig.\u201c<\/p>\n","protected":false},"excerpt":{"rendered":"TTS-Player \u00fcberspringen\u21b5Artikel weiterlesen Mainz \u2013 Drohungen, Messer-Gewalt, mutma\u00dfliche Schutzgeld-Erpressungen \u2013 die Nachrichten \u00fcber die Karolina-Burger-Schule in Ludwigshafen sorgten&hellip;\n","protected":false},"author":2,"featured_media":1277220,"comment_status":"","ping_status":"","sticky":false,"template":"","format":"standard","meta":{"footnotes":"","_share_on_mastodon":"0"},"categories":[1845],"tags":[1634,50323,263526,3364,181674,19384,29,548,663,3934,30,1000,13,25476,2096,1981,382,14,15,121,1756,12,966,1978,69180,227858],"class_list":["post-1279445","post","type-post","status-publish","format-standard","has-post-thumbnail","category-mannheim","tag-baden-wuerttemberg","tag-bildungsministerin","tag-bildungsministerium-rheinland-pfalz","tag-de","tag-deep-news","tag-detsch-claudia","tag-deutschland","tag-eu","tag-europa","tag-europe","tag-germany","tag-gewalt","tag-headlines","tag-ludwigshafen","tag-mannheim","tag-messer","tag-migration","tag-nachrichten","tag-news","tag-polizei","tag-rheinland-pfalz","tag-schlagzeilen","tag-schule","tag-schueler","tag-taschengeld","tag-team-deep"],"share_on_mastodon":{"url":"https:\/\/pubeurope.com\/@de\/117211020349134692","error":""},"_links":{"self":[{"href":"https:\/\/www.europesays.com\/de\/wp-json\/wp\/v2\/posts\/1279445","targetHints":{"allow":["GET"]}}],"collection":[{"href":"https:\/\/www.europesays.com\/de\/wp-json\/wp\/v2\/posts"}],"about":[{"href":"https:\/\/www.europesays.com\/de\/wp-json\/wp\/v2\/types\/post"}],"author":[{"embeddable":true,"href":"https:\/\/www.europesays.com\/de\/wp-json\/wp\/v2\/users\/2"}],"replies":[{"embeddable":true,"href":"https:\/\/www.europesays.com\/de\/wp-json\/wp\/v2\/comments?post=1279445"}],"version-history":[{"count":0,"href":"https:\/\/www.europesays.com\/de\/wp-json\/wp\/v2\/posts\/1279445\/revisions"}],"wp:featuredmedia":[{"embeddable":true,"href":"https:\/\/www.europesays.com\/de\/wp-json\/wp\/v2\/media\/1277220"}],"wp:attachment":[{"href":"https:\/\/www.europesays.com\/de\/wp-json\/wp\/v2\/media?parent=1279445"}],"wp:term":[{"taxonomy":"category","embeddable":true,"href":"https:\/\/www.europesays.com\/de\/wp-json\/wp\/v2\/categories?post=1279445"},{"taxonomy":"post_tag","embeddable":true,"href":"https:\/\/www.europesays.com\/de\/wp-json\/wp\/v2\/tags?post=1279445"}],"curies":[{"name":"wp","href":"https:\/\/api.w.org\/{rel}","templated":true}]}}