{"id":1279471,"date":"2026-09-04T05:18:21","date_gmt":"2026-09-04T05:18:21","guid":{"rendered":"https:\/\/www.europesays.com\/de\/1279471\/"},"modified":"2026-09-04T05:18:21","modified_gmt":"2026-09-04T05:18:21","slug":"china-fordert-frankreich-auf-die-durchsetzung-seines-gesetzes-gegen-fast-fashion-einzustellen","status":"publish","type":"post","link":"https:\/\/www.europesays.com\/de\/1279471\/","title":{"rendered":"China fordert Frankreich auf, die Durchsetzung seines Gesetzes gegen Fast Fashion einzustellen."},"content":{"rendered":"<p>Die Sprecherin <a class=\"data-link\" data-org-href=\"https:\/\/www.vietnam.vn\/de\/tag\/trung-quoc\" href=\"https:\/\/www.vietnam.vn\/de\/tag\/trung-quoc\" title=\"China\" target=\"_blank\" rel=\"nofollow noopener\">des chinesischen<\/a> Handelsministeriums, Huang Ling, erkl\u00e4rte am 3. September, dass das franz\u00f6sische Anti-Fast-Fashion-Gesetz im Verdacht stehe, gegen den Grundsatz der Nichtdiskriminierung der Welthandelsorganisation (WTO) zu versto\u00dfen.<\/p>\n<p> In einer regul\u00e4ren Pressekonferenz erkl\u00e4rte Frau Hoang Linh, dass das Gesetz unter dem Deckmantel der Festlegung von Standards f\u00fcr \u201eUmweltschutz\u201c und \u201eNachhaltigkeit\u201c mit zweierlei Ma\u00df misst.<\/p>\n<p>Das k\u00f6nnte Sie interessieren<\/p>\n<p> Der Beamte forderte Frankreich dringend auf, die Umsetzung dieses Gesetzes unverz\u00fcglich zu stoppen und die Meinungsverschiedenheiten im Bereich des nachhaltigen Textilhandels zwischen beiden Seiten durch einen gleichberechtigten Dialog beizulegen, um ein faires und nichtdiskriminierendes Marktumfeld f\u00fcr Unternehmen mit chinesischen Investitionen zu schaffen.<\/p>\n<p> Frau Hoang Linh erkl\u00e4rte, dass China, sollte Frankreich das Gesetz konsequent durchsetzen, die notwendigen Ma\u00dfnahmen zum Schutz der legitimen Rechte und Interessen chinesischer Unternehmen ergreifen werde und Frankreich alle daraus resultierenden Konsequenzen tragen werde.<\/p>\n<p> Ende Juli, als franz\u00f6sische Beamte \u00f6ffentlich grenz\u00fcberschreitende E-Commerce-Plattformen \u2013 darunter Shein, Temu und AliExpress \u2013 als Hauptziele des Gesetzes bezeichneten, argumentierte das chinesische Handelsministerium, dass das Gesetz diskriminierende Beschr\u00e4nkungen f\u00fcr Plattformen mit chinesischen Investitionen auferlege und den fairen Wettbewerb durch rechtliche Bestimmungen stark verzerre. <\/p>\n<p>Das k\u00f6nnte Sie interessieren<\/p>\n<p> Das Ministerium erkl\u00e4rte im Juli au\u00dferdem, dass das Gesetz Handelshemmnisse f\u00fcr China schaffe und gegen die Grunds\u00e4tze des fairen Wettbewerbs und des freien Handels versto\u00dfe, f\u00fcr die sich Frankreich \u00f6ffentlich eingesetzt habe.<\/p>\n<p class=\"mb-0\"> Quelle: https:\/\/www.vietnamplus.vn\/trung-quoc-keu-goi-phap-dung-thuc-thi-luat-chong-thoi-trang-sieu-nhanh-post1134134.vnp<\/p>\n","protected":false},"excerpt":{"rendered":"Die Sprecherin des chinesischen Handelsministeriums, Huang Ling, erkl\u00e4rte am 3. September, dass das franz\u00f6sische Anti-Fast-Fashion-Gesetz im Verdacht stehe,&hellip;\n","protected":false},"author":2,"featured_media":1279472,"comment_status":"","ping_status":"","sticky":false,"template":"","format":"standard","meta":{"footnotes":"","_share_on_mastodon":"0"},"categories":[3974],"tags":[264021,331,332,227,548,663,3934,74959,3980,156,13,14,15,12,12031,90615],"class_list":["post-1279471","post","type-post","status-publish","format-standard","has-post-thumbnail","category-frankreich","tag-textilhandel","tag-aktuelle-nachrichten","tag-aktuelle-news","tag-china","tag-eu","tag-europa","tag-europe","tag-fast-fashion","tag-france","tag-frankreich","tag-headlines","tag-nachrichten","tag-news","tag-schlagzeilen","tag-umweltschutz","tag-welthandelsorganisation"],"share_on_mastodon":{"url":"https:\/\/pubeurope.com\/@de\/117211084283634418","error":""},"_links":{"self":[{"href":"https:\/\/www.europesays.com\/de\/wp-json\/wp\/v2\/posts\/1279471","targetHints":{"allow":["GET"]}}],"collection":[{"href":"https:\/\/www.europesays.com\/de\/wp-json\/wp\/v2\/posts"}],"about":[{"href":"https:\/\/www.europesays.com\/de\/wp-json\/wp\/v2\/types\/post"}],"author":[{"embeddable":true,"href":"https:\/\/www.europesays.com\/de\/wp-json\/wp\/v2\/users\/2"}],"replies":[{"embeddable":true,"href":"https:\/\/www.europesays.com\/de\/wp-json\/wp\/v2\/comments?post=1279471"}],"version-history":[{"count":0,"href":"https:\/\/www.europesays.com\/de\/wp-json\/wp\/v2\/posts\/1279471\/revisions"}],"wp:featuredmedia":[{"embeddable":true,"href":"https:\/\/www.europesays.com\/de\/wp-json\/wp\/v2\/media\/1279472"}],"wp:attachment":[{"href":"https:\/\/www.europesays.com\/de\/wp-json\/wp\/v2\/media?parent=1279471"}],"wp:term":[{"taxonomy":"category","embeddable":true,"href":"https:\/\/www.europesays.com\/de\/wp-json\/wp\/v2\/categories?post=1279471"},{"taxonomy":"post_tag","embeddable":true,"href":"https:\/\/www.europesays.com\/de\/wp-json\/wp\/v2\/tags?post=1279471"}],"curies":[{"name":"wp","href":"https:\/\/api.w.org\/{rel}","templated":true}]}}