{"id":1279515,"date":"2026-09-04T05:50:18","date_gmt":"2026-09-04T05:50:18","guid":{"rendered":"https:\/\/www.europesays.com\/de\/1279515\/"},"modified":"2026-09-04T05:50:18","modified_gmt":"2026-09-04T05:50:18","slug":"flughafen-duesseldorf-34-000-euro-bussgeld-aegypten-urlauber-verhaftet","status":"publish","type":"post","link":"https:\/\/www.europesays.com\/de\/1279515\/","title":{"rendered":"Flughafen D\u00fcsseldorf: 34.000 Euro Bu\u00dfgeld \u2013 \u00c4gypten-Urlauber verhaftet"},"content":{"rendered":"<p>34.000 Euro Bu\u00dfgeld <\/p>\n<p>Mann nach \u00c4gypten-Urlaub am Flughafen festgenommen<\/p>\n<p>Aktualisiert am 04.09.2026 &#8211; 07:04 UhrLesedauer: 2 Min.<\/p>\n<p><a href=\"#focus-0\" class=\"transition-colors block text-current relative\" data-sctrack=\"FocusGalleryImage.Reference\"><img fetchpriority=\"high\" data-testid=\"Opener.Image\"   loading=\"eager\" src=\"https:\/\/www.europesays.com\/de\/wp-content\/uploads\/2026\/09\/1788501017_667_image.jpg\" alt=\"imago199899569\" title=\"imago199899569\" width=\"2953\" height=\"1661\" class=\"bg-[url:var(--lqipURL)] bg-cover bg-center flex h-full w-full max-w-full\" style=\"--lqipURL:url('https:\/\/images.t-online.de\/2026\/08\/7D3jhMbBezC2\/0x138:2953x1661\/fit-in\/150x0\/filters:blur(25)\/image.jpg')\" decoding=\"async\"\/><img loading=\"lazy\" src=\"https:\/\/duesseldorf.t-online.de\/s\/paper\/_next\/static\/media\/zoom-in.f7dae02f.svg\" alt=\"Vergr\u00f6\u00dfern des Bildes\" title=\"Vergr\u00f6\u00dfern des Bildes\" class=\"block h-[calc(var(--height)_\/_16_*_1rem)] w-[calc(var(--width)_\/_16_*_1rem)] max-w-none absolute right-8 bottom-8 rounded-4 bg-snow p-8\" style=\"--width:32;--height:32\" decoding=\"async\"\/><\/a><\/p>\n<p>Bundespolizei im Terminal (Archivbild): Ein Reisender beglich am Flughafen eine Strafe von 8.400 Euro. (Quelle: Sergej Lepke via imago-images.de)<\/p>\n<p><img loading=\"lazy\" src=\"https:\/\/duesseldorf.t-online.de\/s\/paper\/_next\/static\/media\/audio-volume.6689034c.svg\" alt=\"\" title=\"\" class=\"block h-[calc(var(--height)_\/_16_*_1rem)] w-[calc(var(--width)_\/_16_*_1rem)] max-w-none group-hover:brightness-0 group-hover:invert\" style=\"--width:16;--height:16\" decoding=\"async\"\/>Vorlesen<\/p>\n<p>Aktuelle Zeit:0:00Gesamtdauer:0:00<\/p>\n<p>1x<img loading=\"lazy\" src=\"https:\/\/duesseldorf.t-online.de\/s\/paper\/_next\/static\/media\/font-sizes.32942e33.svg\" alt=\"\" title=\"\" class=\"block h-[calc(var(--height)_\/_16_*_1rem)] w-[calc(var(--width)_\/_16_*_1rem)] max-w-none group-hover:hidden group-aria-expanded:hidden\" style=\"--width:16;--height:16\" decoding=\"async\"\/><img loading=\"lazy\" src=\"https:\/\/duesseldorf.t-online.de\/s\/paper\/_next\/static\/media\/font-sizes-dark-mode.e382645c.svg\" alt=\"\" title=\"\" class=\"block h-[calc(var(--height)_\/_16_*_1rem)] w-[calc(var(--width)_\/_16_*_1rem)] max-w-none hidden group-hover:block group-aria-expanded:block\" style=\"--width:16;--height:16\" decoding=\"async\"\/><img loading=\"lazy\" src=\"https:\/\/duesseldorf.t-online.de\/s\/paper\/_next\/static\/media\/sharing-menu-icon.1eb71368.svg\" alt=\"\" title=\"\" class=\"block h-[calc(var(--height)_\/_16_*_1rem)] w-[calc(var(--width)_\/_16_*_1rem)] max-w-none group-hover:brightness-0 group-hover:invert\" style=\"--width:16;--height:16\" decoding=\"async\"\/>Artikel teilen<\/p>\n<p class=\"font-bold text-18 leading-17 user-text-lg:text-22 user-text-xl:text-24\">Aus dem \u00c4gypten-Urlaub direkt in die Erzwingungshaft: Ein 63-j\u00e4hriger Dortmunder landet aus Hurghada in D\u00fcsseldorf \u2013 und wird von der Bundespolizei erwartet.<\/p>\n<p class=\"text-18 leading-17 user-text-lg:text-22 user-text-xl:text-24\">Aus dem \u00c4gypten-Urlaub direkt in die Erzwingungshaft: Ein 63-j\u00e4hriger Dortmunder ist am Dienstagabend aus Hurghada kommend am <a href=\"https:\/\/www.t-online.de\/themen\/flughafen-duesseldorf\/\" class=\"transition-colors cursor-pointer no-underline md:hover:text-magenta md:focus:text-magenta border-b border-solid border-current text-salemsfur md:hover:border-magenta\" data-tracking=\"{&quot;action&quot;:&quot;click&quot;,&quot;category&quot;:&quot;intextLink&quot;,&quot;label&quot;:&quot;https:\/\/www.t-online.de\/themen\/flughafen-duesseldorf\/&quot;}\" data-sctrack=\"BodyAnchor\" rel=\"nofollow noopener\" target=\"_blank\">Flughafen D\u00fcsseldorf<\/a> gelandet \u2013 und wurde dort von der Bundespolizei erwartet.<\/p>\n<p class=\"text-18 leading-17 user-text-lg:text-22 user-text-xl:text-24\">Grund war ein Haftbefehl der Staatsanwaltschaft Bochum, den diese knapp zwei Wochen zuvor wegen eines Versto\u00dfes gegen das Ordnungswidrigkeitengesetz gegen ihn erwirkt hatte. Die f\u00e4llige Geldbu\u00dfe von knapp 34.000 Euro konnte der Mann vor Ort nicht aufbringen. Die Beamten nahmen ihn daraufhin fest und \u00fcbergaben ihn den Justizbeh\u00f6rden \u2013 dort erwartet ihn nun eine Erzwingungshaft von 21 Tagen.<\/p>\n<p class=\"text-18 leading-17 user-text-lg:text-22 user-text-xl:text-24\">Der Fall des Dortmunders war der letzte von insgesamt vier Reisekontrollen, bei denen die Bundespolizei am Dienstag (1. September 2026) am Flughafen D\u00fcsseldorf per Haftbefehl gesuchte Personen stellte. Zwei der Betroffenen konnten ihre Strafe direkt vor Ort begleichen und ihre Reise fortsetzen, zwei \u2013 darunter der Dortmunder \u2013 wurden den Justizbeh\u00f6rden \u00fcbergeben.<\/p>\n<p>80 Tage Haft abgewendet<\/p>\n<p class=\"text-18 leading-17 user-text-lg:text-22 user-text-xl:text-24\">Den Anfang machte am Morgen ein 61-j\u00e4hriger Deutscher, der einen Flug nach Istanbul antreten wollte. Gegen ihn lag ein Haftbefehl der Staatsanwaltschaft Dortmund wegen Beleidigung vor, rechtskr\u00e4ftig verurteilt bereits im April 2023. Die Ersatzfreiheitsstrafe von 80 Tagen wandelte er durch Zahlung von 880 Euro in eine Geldstrafe um und konnte anschlie\u00dfend weiterreisen.<\/p>\n<p class=\"text-18 leading-17 user-text-lg:text-22 user-text-xl:text-24\">Am Nachmittag fiel den Beamten ein 32-j\u00e4hriger Niederl\u00e4nder auf, der nach Pristina im Kosovo fliegen wollte. Gegen ihn lag ein Haftbefehl der Staatsanwaltschaft Stuttgart vor \u2013 erlassen im September 2025 wegen eines Versto\u00dfes gegen das Bet\u00e4ubungsmittelgesetz, verurteilt bereits im April 2023 zu einem Jahr Freiheitsstrafe. Eine Zahlung vor Ort war nicht m\u00f6glich, auch er wurde den Justizbeh\u00f6rden \u00fcbergeben.<\/p>\n<p class=\"text-18 leading-17 user-text-lg:text-22 user-text-xl:text-24\">Zwei Stunden sp\u00e4ter kontrollierten die Beamten einen 47-j\u00e4hrigen Deutschen auf dem Weg nach Kairo. Die Staatsanwaltschaft Kaiserslautern hatte erst im August 2026 Haftbefehl wegen Fahrens ohne Fahrerlaubnis gegen ihn erlassen, verurteilt worden war er bereits im Juni 2024. Der Mann, der mittlerweile in den Vereinigten Arabischen Emiraten lebt, beglich die Geldstrafe von 8.400 Euro vor Ort und entging damit einer Ersatzfreiheitsstrafe von 60 Tagen.<\/p>\n","protected":false},"excerpt":{"rendered":"34.000 Euro Bu\u00dfgeld Mann nach \u00c4gypten-Urlaub am Flughafen festgenommen Aktualisiert am 04.09.2026 &#8211; 07:04 UhrLesedauer: 2 Min. Bundespolizei&hellip;\n","protected":false},"author":2,"featured_media":1279516,"comment_status":"","ping_status":"","sticky":false,"template":"","format":"standard","meta":{"footnotes":"","_share_on_mastodon":"0"},"categories":[1831],"tags":[722,17161,48380,7507,421,5317,3364,29,217,3405,147410,2109,14121,30,122619,1209,1997],"class_list":["post-1279515","post","type-post","status-publish","format-standard","has-post-thumbnail","category-duesseldorf","tag-722","tag-17161","tag-48380","tag-bochum","tag-bundespolizei","tag-bussgeld","tag-de","tag-deutschland","tag-dortmund","tag-duesseldorf","tag-erzwingungshaft","tag-flughafen","tag-flughafen-duesseldorf-international","tag-germany","tag-hurghada","tag-nordrhein-westfalen","tag-staatsanwaltschaft"],"share_on_mastodon":{"url":"https:\/\/pubeurope.com\/@de\/117211212316929775","error":""},"_links":{"self":[{"href":"https:\/\/www.europesays.com\/de\/wp-json\/wp\/v2\/posts\/1279515","targetHints":{"allow":["GET"]}}],"collection":[{"href":"https:\/\/www.europesays.com\/de\/wp-json\/wp\/v2\/posts"}],"about":[{"href":"https:\/\/www.europesays.com\/de\/wp-json\/wp\/v2\/types\/post"}],"author":[{"embeddable":true,"href":"https:\/\/www.europesays.com\/de\/wp-json\/wp\/v2\/users\/2"}],"replies":[{"embeddable":true,"href":"https:\/\/www.europesays.com\/de\/wp-json\/wp\/v2\/comments?post=1279515"}],"version-history":[{"count":0,"href":"https:\/\/www.europesays.com\/de\/wp-json\/wp\/v2\/posts\/1279515\/revisions"}],"wp:featuredmedia":[{"embeddable":true,"href":"https:\/\/www.europesays.com\/de\/wp-json\/wp\/v2\/media\/1279516"}],"wp:attachment":[{"href":"https:\/\/www.europesays.com\/de\/wp-json\/wp\/v2\/media?parent=1279515"}],"wp:term":[{"taxonomy":"category","embeddable":true,"href":"https:\/\/www.europesays.com\/de\/wp-json\/wp\/v2\/categories?post=1279515"},{"taxonomy":"post_tag","embeddable":true,"href":"https:\/\/www.europesays.com\/de\/wp-json\/wp\/v2\/tags?post=1279515"}],"curies":[{"name":"wp","href":"https:\/\/api.w.org\/{rel}","templated":true}]}}