{"id":1279517,"date":"2026-09-04T05:51:17","date_gmt":"2026-09-04T05:51:17","guid":{"rendered":"https:\/\/www.europesays.com\/de\/1279517\/"},"modified":"2026-09-04T05:51:17","modified_gmt":"2026-09-04T05:51:17","slug":"pol-aa-rems-murr-kreis-schachtdeckel-ausgehoben-unfallfluchten","status":"publish","type":"post","link":"https:\/\/www.europesays.com\/de\/1279517\/","title":{"rendered":"POL-AA: Rems-Murr-Kreis: Schachtdeckel ausgehoben, Unfallfluchten"},"content":{"rendered":"<p class=\"date\">04.09.2026 \u2013 07:45<\/p>\n<p class=\"customer\">\n                        <a class=\"story-customer\" title=\"weiter zum newsroom von Polizeipr\u00e4sidium Aalen\" href=\"https:\/\/www.presseportal.de\/blaulicht\/nr\/110969\" rel=\"nofollow noopener\" target=\"_blank\">Polizeipr\u00e4sidium Aalen<\/a>\n                    <\/p>\n<p><a data-category=\"citylink-story-view\" data-action=\"click\" data-label=\"Citylink in Meldungsansicht\" class=\"story-city event-trigger\" href=\"https:\/\/www.presseportal.de\/regional\/Aalen\" title=\"News aus Aalen \" rel=\"nofollow noopener\" target=\"_blank\">Aalen<\/a> (ots)<\/p>\n<p>Schorndorf-Weiler: Schachtdeckel ausgehoben &#8211; Zeugen gesucht<\/p>\n<p>Ein 31 Jahre alter Audi-Fahrer befuhr in der Nacht auf Freitag gegen 1:20 Uhr die Ringstra\u00dfe und fuhr hierbei \u00fcber einen ge\u00f6ffneten Schacht, wodurch sein Pkw besch\u00e4digt wurde. Durch die hinzugerufene Streife konnte der Schachtdeckel wenige Meter entfernt aufgefunden werden, dieser wurde wieder eingesetzt. Das Polizeirevier Schorndorf hat die Ermittlungen aufgenommen und bittet unter der Telefonnummer 07181 2040 um Zeugenhinweise.<\/p>\n<p>Weissach im Tal: Unfallflucht<\/p>\n<p>Ein unbekannter Autofahrer besch\u00e4digte am Donnerstag gegen 15 Uhr in der Stra\u00dfe Unterm Kamin einen parkenden Toyota Yaris. Der Unfall geschah beim Ausparken. Der unbekannte Unfallverursacher stieg aus einem Fahrzeug, schaute sich den Schaden an und verlie\u00df anschlie\u00dfend unerlaubt die Unfallstelle. Er hinterlie\u00df einen Sachschaden von etwa 2500 Euro. Zeugenhinweise dazu erbittet das Polizeirevier Backnang unter der Telefonnummer 07191 9090.<\/p>\n<p>Backnang: Unfall auf B14 &#8211; fl\u00fcchtiger Autofahrer stellt sich<\/p>\n<p>Am Donnerstagnachmittag, gegen 14:35 Uhr missachtete ein unbekannter Opel-Fahrer das Rotlicht einer Ampel an der Einm\u00fcndung B14 und Manfred-von-Ardenne-Allee. Nachdem es daher im Einm\u00fcndungsberich zu einer Kollision mit dem Smart eines 64-J\u00e4hrigen kam, entfernte sich der Opel-Fahrer zun\u00e4chst unerlaubt von der Unfallstelle. Kurze Zeit sp\u00e4ter erschien der 66-j\u00e4hrige Fahrer des Opels auf dem Backnanger Polizeirevier und gab an, an dem Unfall beteiligt gewesen zu sein. Ihm droht nun eine Strafanzeige. Bei der Kollision wurde der Smart-Fahrer leicht verletzt. Zudem entstand ein Sachschaden von insgesamt etwa 9.000 Euro.<\/p>\n<p class=\"contact-headline\">R\u00fcckfragen bitte an:<\/p>\n<p class=\"contact-text\">Polizeipr\u00e4sidium Aalen<br \/>Stabsstelle \u00d6ffentlichkeitsarbeit<br \/>B\u00f6hmerwaldstra\u00dfe 20<br \/>73431 Aalen<br \/>Telefon: 07361 580105<br \/>E-Mail: <a href=\"https:\/\/www.presseportal.de\/blaulicht\/pm\/110969\/mailto:aalen.pp.sts.oe@polizei.bwl.de\" class=\"uri-mailto\" rel=\"nofollow noopener\" target=\"_blank\">aalen.pp.sts.oe@polizei.bwl.de<\/a><br \/><a target=\"_blank\" class=\"uri-ext outbound\" rel=\"noopener nofollow\" href=\"https:\/\/www.polizei-bw.de\/\">https:\/\/www.polizei-bw.de\/<\/a><\/p>\n<p class=\"originator\">Original-Content von: Polizeipr\u00e4sidium Aalen, \u00fcbermittelt durch news aktuell<\/p>\n","protected":false},"excerpt":{"rendered":"04.09.2026 \u2013 07:45 Polizeipr\u00e4sidium Aalen Aalen (ots) Schorndorf-Weiler: Schachtdeckel ausgehoben &#8211; Zeugen gesucht Ein 31 Jahre alter Audi-Fahrer&hellip;\n","protected":false},"author":2,"featured_media":1266941,"comment_status":"","ping_status":"","sticky":false,"template":"","format":"standard","meta":{"footnotes":"","_share_on_mastodon":"0"},"categories":[1830],"tags":[1634,6187,3364,29,30,177,121,178,180,179,181,1441],"class_list":["post-1279517","post","type-post","status-publish","format-standard","has-post-thumbnail","category-stuttgart","tag-baden-wuerttemberg","tag-bw","tag-de","tag-deutschland","tag-germany","tag-kriminalitt","tag-polizei","tag-presse","tag-pressemeldung","tag-pressemitteilung","tag-pressemitteilungen","tag-stuttgart"],"share_on_mastodon":{"url":"https:\/\/pubeurope.com\/@de\/117211213698362335","error":""},"_links":{"self":[{"href":"https:\/\/www.europesays.com\/de\/wp-json\/wp\/v2\/posts\/1279517","targetHints":{"allow":["GET"]}}],"collection":[{"href":"https:\/\/www.europesays.com\/de\/wp-json\/wp\/v2\/posts"}],"about":[{"href":"https:\/\/www.europesays.com\/de\/wp-json\/wp\/v2\/types\/post"}],"author":[{"embeddable":true,"href":"https:\/\/www.europesays.com\/de\/wp-json\/wp\/v2\/users\/2"}],"replies":[{"embeddable":true,"href":"https:\/\/www.europesays.com\/de\/wp-json\/wp\/v2\/comments?post=1279517"}],"version-history":[{"count":0,"href":"https:\/\/www.europesays.com\/de\/wp-json\/wp\/v2\/posts\/1279517\/revisions"}],"wp:featuredmedia":[{"embeddable":true,"href":"https:\/\/www.europesays.com\/de\/wp-json\/wp\/v2\/media\/1266941"}],"wp:attachment":[{"href":"https:\/\/www.europesays.com\/de\/wp-json\/wp\/v2\/media?parent=1279517"}],"wp:term":[{"taxonomy":"category","embeddable":true,"href":"https:\/\/www.europesays.com\/de\/wp-json\/wp\/v2\/categories?post=1279517"},{"taxonomy":"post_tag","embeddable":true,"href":"https:\/\/www.europesays.com\/de\/wp-json\/wp\/v2\/tags?post=1279517"}],"curies":[{"name":"wp","href":"https:\/\/api.w.org\/{rel}","templated":true}]}}