{"id":1279523,"date":"2026-09-04T05:55:40","date_gmt":"2026-09-04T05:55:40","guid":{"rendered":"https:\/\/www.europesays.com\/de\/1279523\/"},"modified":"2026-09-04T05:55:40","modified_gmt":"2026-09-04T05:55:40","slug":"tip-off-die-wochenendfreuden-vom-4-6-9-2026","status":"publish","type":"post","link":"https:\/\/www.europesays.com\/de\/1279523\/","title":{"rendered":"Tip-Off \u2013 die Wochenendfreuden vom 4.-6.9.2026"},"content":{"rendered":"<p>\t\t\t<img decoding=\"async\" src=\"https:\/\/www.europesays.com\/de\/wp-content\/uploads\/2026\/09\/photo-1675135414068-49e7e60649eb.jpeg\" width=\"620px\" height=\"415px\"\/><\/p>\n<p class=\"urheber\">Freitag, 4. September 2026 | Text: <a href=\"https:\/\/www.meinesuedstadt.de\/author\/gaby-demuirier\/\" class=\"DeMuirier_Gaby\" rel=\"nofollow noopener\" target=\"_blank\">Gaby DeMuirier<\/a>\n        \t\t\t          <\/p>\n<p>Die Sommerferien sind vorbei und der Alltag hat uns wieder. Mit einem Super-Knaller startet der September: erstmals nach 28 Jahren werden die deutschen Basketballdamen wieder an einer WM teilnehmen. Und die findet vom 4.-13. September in Berlin statt. Wer es nicht in die Hauptstadt schafft, kann Leo, Luisa, Frieda, Nyara &amp; Co zumindest beim Public Viewing im OpenairKino am Rheinauhafen die Basketballdaumen dr\u00fccken. Tip-Off ist am Freitag um 17.45 Uhr gegen Vize-Europameister Spanien.<\/p>\n<p><img fetchpriority=\"high\" decoding=\"async\" class=\"alignnone size-full wp-image-139942\" title=\"Bild 20\" src=\"https:\/\/www.europesays.com\/de\/wp-content\/uploads\/2026\/09\/Bild-20.jpg\" alt=\"\" width=\"600\" height=\"338\"  \/><\/p>\n<p>Alle Spiele sind aber auch live streambar. Es lohnt sich definitiv, bei der sch\u00f6nsten Sportart der Welt reinzuschnuppern.\u00a0Openair-Kino am Rheinauhafen, 50678 K\u00f6ln.<\/p>\n<p>Nachfolgend habe ich noch weitere tolle Veranstaltungen aufgef\u00fchrt:<\/p>\n<p>\t\t\t\t\t\t\tNeue Entdeckung<\/p>\n<p><strong>Alkoholfreie Cocktails-Abend<\/strong><br \/>4.9. 20-22 Uhr<\/p>\n<p>\t\t\t\t\t\t\t\t\t<a href=\"https:\/\/www.europesays.com\/de\/wp-content\/uploads\/2026\/09\/IMG_6754.jpg\" data-rel=\"lightbox\" data-rl_title=\"\" data-rl_caption=\"\" title=\"\"><br \/>\n\t\t\t\t\t\t\t\t\t<img decoding=\"async\" src=\"https:\/\/www.europesays.com\/de\/wp-content\/uploads\/2026\/09\/IMG_6754.jpg\" alt=\"\"\/><br \/>\n\t\t\t\t\t\t\t\t\t<\/a><\/p>\n<p>Das Interesse an alkoholfreien Cocktail-Alternativen steigt stetig. Das Angebot dieser Alternativen auch, sodass man als Beginner*in fast \u00fcberfordert wird von all den M\u00f6glichkeiten. Bei dieser Verkostung probiert ihr euch durch die weite Welt der alkoholfreien Drinks: Gin, Aperol, Limoncello, Rum und noch die eine oder andere \u00dcberraschung werden Euch serviert werden. Dazu noch ein paar Hintergrundinformationen zum Thema alkoholfreie Alternativen und einem runden, unterhaltsamem und leckeren Abend steht nichts mehr im Weg.<\/p>\n<p>Kosten: 43 Euro<br \/>Lotta w\u00fcnscht sich was, Karolingerring 9, 50678 K\u00f6ln<\/p>\n<p><strong>7. K\u00f6lner B\u00fccherfest<\/strong><br \/>6.9. 11-18 Uhr<\/p>\n<p>\t\t\t\t\t\t\t\t\t<a href=\"https:\/\/www.europesays.com\/de\/wp-content\/uploads\/2026\/09\/Koelner-Buecherfest-2026.jpg\" data-rel=\"lightbox\" data-rl_title=\"\" data-rl_caption=\"\" title=\"\"><br \/>\n\t\t\t\t\t\t\t\t\t<img decoding=\"async\" src=\"https:\/\/www.europesays.com\/de\/wp-content\/uploads\/2026\/09\/Koelner-Buecherfest-2026.jpg\" alt=\"\"\/><br \/>\n\t\t\t\t\t\t\t\t\t<\/a><\/p>\n<p>Ein B\u00fccherfest ist heute mehr als nur eine Veranstaltung rund ums Lesen \u2013 es ist ein Ort der Begegnung, der Inspiration und des Austauschs. Zwischen Lesungen, Gespr\u00e4chen und kreativen Aktionen entstehen neue Ideen, spannende Entdeckungen und echte Gemeinschaft. Das einzigartige K\u00f6lner B\u00fccherfest schafft genau diesen dringend notwendigen, analogen Raum f\u00fcr Kultur, pers\u00f6nliche Begegnungen und die Freude an Geschichten.<\/p>\n<p>Kosten: Freier Eintritt<br \/>B\u00fcrgerhaus Stollwerck, Dreik\u00f6nigenstra\u00dfe 23, 50678 K\u00f6ln<\/p>\n<p><strong>S\u00fcdstadtflair #10<\/strong><br \/>6.9. 12-18 Uhr<\/p>\n<p>\t\t\t\t\t\t\t\t\t<a href=\"https:\/\/www.europesays.com\/de\/wp-content\/uploads\/2026\/09\/Suedstadtflair-Koeln-Suedstadt-10-a5tjm90h3z88qqy-2.jpg\" data-rel=\"lightbox\" data-rl_title=\"\" data-rl_caption=\"\" title=\"\"><br \/>\n\t\t\t\t\t\t\t\t\t<img decoding=\"async\" src=\"https:\/\/www.europesays.com\/de\/wp-content\/uploads\/2026\/09\/Suedstadtflair-Koeln-Suedstadt-10-a5tjm90h3z88qqy-2.jpg\" alt=\"\"\/><br \/>\n\t\t\t\t\t\t\t\t\t<\/a><\/p>\n<p>Lifestyle-Markt mit lokalen Ausstellerinnen und Ausstellern im alten Gef\u00e4ngnis am Bonner Wall 108, hosted by M\u00f6bel Leyendecker. Hier gibt\u2019s wieder kreative Produkte aus Genuss, Design und Fashion. Entdeckt den Charme der inhabergef\u00fchrten S\u00fcdstadtgesch\u00e4fte auf dem Lifestyle-Markt. Beim Bummeln k\u00f6nnt Ihr mit den Ausstellern ins Gespr\u00e4ch kommen und neue Dinge ausprobieren. Eintritt frei!<\/p>\n<p>Kosten: Freier Eintritt<br \/>M\u00f6bel Leyendecker, Bonner Wall 108, 50678 K\u00f6ln<\/p>\n<p><strong>Rhythm of Joy \u2013 TaKeTiNa Workshop &amp; Fest<\/strong><br \/>6.9. ab 15 Uhr<\/p>\n<p>\t\t\t\t\t\t\t\t\t<a href=\"https:\/\/www.europesays.com\/de\/wp-content\/uploads\/2026\/09\/TaKeTiNa-Beversee-Gong-1-4MB.jpeg\" data-rel=\"lightbox\" data-rl_title=\"\" data-rl_caption=\"\" title=\"\"><br \/>\n\t\t\t\t\t\t\t\t\t<img decoding=\"async\" src=\"https:\/\/www.europesays.com\/de\/wp-content\/uploads\/2026\/09\/TaKeTiNa-Beversee-Gong-1-4MB.jpeg\" alt=\"\"\/><br \/>\n\t\t\t\t\t\t\t\t\t<\/a><\/p>\n<p>Ranvita Hahn und Christoph Barth von TaKeTiNa K\u00f6ln feiern die Ver\u00f6ffentlichung ihrer neuen Homepage und ihr neues Zuhause im Rhythmus Tempel! Los gehts am Sonntagnachmittag mit einem Workshop, bei dem ihr als Rhythmus-Profi, neugieriger Einsteiger komplett ohne Vorkenntnisse oder einfach nur feierlustig mitmachen k\u00f6nnt.<br \/>Bei entspannter Live-Musik, einem bunten Buffet und Zeit f\u00fcr gute Begegnungen im wundersch\u00f6nen, begr\u00fcnten Innenhof oder \u2013 je nach Wetterlage \u2013 im hellen Seminarraum lasst ihr den Tag beim Fest ausklingen.<\/p>\n<p>Kosten: Workshop 60 Euro &#8211; Fest freier Eintritt<br \/>Rhythmus Tempel &#8211; Tajet Garden Alteburger Stra\u00dfe 250, K\u00f6ln<\/p>\n<p><br clear=\"all\"\/>Grundlagen schaffen<\/p>\n<p>Die neue Karte des <strong>Caf\u00e9 Kult<\/strong> l\u00e4sst euch noch von eurem eventuell gerade vergangenen Urlaub am Mittelmeer tr\u00e4umen. Zur Wahl stehen unter anderem der Kichererbsensalat mit Tomaten &amp; Schafsk\u00e4se in Limonen-Oliven\u00f6l, ein bunter Salat mit Scampi, H\u00e4hnchen, Rumpsteakstreifen &amp; Schafsk\u00e4se, ein Flammkuchen mit frischen Champignons, mit Bolognese gef\u00fcllte Aubergine an buntem Salat oder Pasta Scampi mit Spinat in Knoblauch-Chili-Oliven\u00f6l. Ge\u00f6ffnet hat das Kult an allen Tagen ab 10 Uhr.<\/p>\n<p>Caf\u00e9 Kult, Chlodwigplatz, 50678 K\u00f6ln<\/p>\n<p>Auch die aktuelle Wochenkarte im <strong>Mainzer Hof<\/strong> l\u00e4sst allen das Wasser im Munde zusammenlaufen. Auf hungrige M\u00e4uler warten eine Pfifferlingsquiche mit Salat, eine im Ofen geschmorte &amp; marinierte Aubergine auf Fetacreme und Perl Couscous, das Rinderh\u00fcftsteak mit Ragout von Pfifferlingen, Bohnen &amp; roten Zwiebeln auf Rosmarinjus und Kartoffelecken und ein cremiges H\u00e4hnchencurry mit Basmatireis. Als k\u00f6stliche Desserts stehen Vanilleeis mit Zwetschgenr\u00f6ster oder ein Affogato zur Wahl.<\/p>\n<p>Mainzer Hof, Maternusstra\u00dfe 18, 50678 K\u00f6ln<\/p>\n<p><br clear=\"all\"\/>P\u00e4nz, P\u00e4nz, P\u00e4nz<\/p>\n<p><strong>Der kleine Rabe Socke<\/strong><br \/>5.9. 14.30 Uhr<\/p>\n<p>\t\t\t\t\t\t\t\t\t<a href=\"https:\/\/www.europesays.com\/de\/wp-content\/uploads\/2026\/09\/20107552.jpg\" data-rel=\"lightbox\" data-rl_title=\"\" data-rl_caption=\"\" title=\"\"><br \/>\n\t\t\t\t\t\t\t\t\t<img decoding=\"async\" src=\"https:\/\/www.europesays.com\/de\/wp-content\/uploads\/2026\/09\/20107552.jpg\" alt=\"\"\/><br \/>\n\t\t\t\t\t\t\t\t\t<\/a><\/p>\n<p>Na, das ist aber bl\u00f6d gelaufen. Da hat der kleine Rabe Socke beim Spielen doch tats\u00e4chlich aus Versehen den Staudamm besch\u00e4digt, und nun droht das ganze Wasser in den Wald zu laufen. Das wird \u00c4rger geben. Oder vielleicht doch nicht? Um das Missgeschick m\u00f6glichst schnell zu beheben, bevor jemand etwas merkt, machen sich Socke und seine Freunde, das Schaf Wolle und der Eddi-B\u00e4r, auf eine abenteuerliche Reise, auf der so manche \u00dcberraschung wartet.<\/p>\n<p>Kosten: 6-11 Euro<br \/>Odeon Kino, Severinstra\u00dfe 81, 50678 K\u00f6ln<\/p>\n<p><strong>Arnie &amp; Barney retten das Wasser<\/strong><br \/>5.9. 14.45 Uhr, 6.9. 14.30 Uhr<\/p>\n<p>\t\t\t\t\t\t\t\t\t<a href=\"https:\/\/www.europesays.com\/de\/wp-content\/uploads\/2026\/09\/8d70a54191016d7cfdd3c02f1230dae3.jpg.jpeg\" data-rel=\"lightbox\" data-rl_title=\"\" data-rl_caption=\"\" title=\"\"><br \/>\n\t\t\t\t\t\t\t\t\t<img decoding=\"async\" src=\"https:\/\/www.europesays.com\/de\/wp-content\/uploads\/2026\/09\/8d70a54191016d7cfdd3c02f1230dae3.jpg.jpeg\" alt=\"\"\/><br \/>\n\t\t\t\t\t\t\t\t\t<\/a><\/p>\n<p>Als ihrer Wiese pl\u00f6tzlich das Wasser ausgeht, machen sich ausgerechnet die beiden Ameisen Arnie und Barney auf den Weg, um ihr Zuhause vor dem Austrocknen zu retten. Bei ihrer pannenreichen Suche nach dem verschwundenen Wasser ger\u00e4t das tollpatschige Duo auf die Spur mysteri\u00f6ser Machenschaften. Nur mit sehr viel Einfallsreichtum, Mut und der Hilfe einer Superheldenm\u00fccke gelingt es Arnie und Barney schlie\u00dflich, die gro\u00dfe D\u00fcrre doch noch abzuwenden \u2013 von der Ameisenstra\u00dfe auf die Heldenspur!<\/p>\n<p>Kosten: 6-11 Euro<br \/>Odeon Kino, Severinstra\u00dfe 81, 50678 K\u00f6ln<\/p>\n<p><strong>Der Tag, an dem die Oma das Internet kaputt gemacht hat<\/strong><br \/>5.9. 17 Uhr<\/p>\n<p>\t\t\t\t\t\t\t\t\t<a href=\"https:\/\/www.europesays.com\/de\/wp-content\/uploads\/2026\/09\/Oma_Internet_1.jpg\" data-rel=\"lightbox\" data-rl_title=\"\" data-rl_caption=\"\" title=\"\"><br \/>\n\t\t\t\t\t\t\t\t\t<img decoding=\"async\" src=\"https:\/\/www.europesays.com\/de\/wp-content\/uploads\/2026\/09\/Oma_Internet_1.jpg\" alt=\"\"\/><br \/>\n\t\t\t\t\t\t\t\t\t<\/a><\/p>\n<p>Da hat Tiffany nur einmal auf ihre Oma aufpassen sollen. Oder war es umgekehrt? Und ausgerechnet an diesem Tag macht die Oma mit einem \u201eKlick-Klick\u201c das Internet kaputt. Das ganze Internet! WeltWeitWeg!<br \/>\u201eAber doch nur aus Versehen!\u201c sagt die Oma. Doch das (analoge) Radio best\u00e4tigt: \u201eInternet-Crash auf der ganzen Welt!\u201c Na toll! Ohne Internet geht gar nichts mehr: Max kann nicht auf seinem Handy zocken, Luisa keine Musik mehr h\u00f6ren, der Opa keine Tierfilme streamen. Und Mama und Papa kommen fr\u00fcher nach Hause, denn ohne Internet k\u00f6nnen sie nicht arbeiten. Was f\u00e4ngt man nur mit so einem Tag an? Ohne Internet \u2026<br \/>F\u00fcr alle ab 8 Jahren!<\/p>\n<p>Kosten: Kinder: 11,50 Euro, Erwachsene 17 Euro<br \/>Theater der Keller, In der TanzFaktur\/Siegburger Str. 233w, 50679 K\u00f6ln<\/p>\n<p><br clear=\"all\"\/>Theater, Theater und mehr<\/p>\n<p><strong>OpenAir Kino: Spiderman \u2013 Brand New Day <\/strong><br \/>5.9. 21 Uhr<\/p>\n<p>\t\t\t\t\t\t\t\t\t<a href=\"https:\/\/www.europesays.com\/de\/wp-content\/uploads\/2026\/09\/Spider-Man-Brand-New-Day-2-yrhpz3xk92479zr.jpg\" data-rel=\"lightbox\" data-rl_title=\"\" data-rl_caption=\"\" title=\"\"><br \/>\n\t\t\t\t\t\t\t\t\t<img decoding=\"async\" src=\"https:\/\/www.europesays.com\/de\/wp-content\/uploads\/2026\/09\/Spider-Man-Brand-New-Day-2-yrhpz3xk92479zr.jpg\" alt=\"\"\/><br \/>\n\t\t\t\t\t\t\t\t\t<\/a><\/p>\n<p>Bild: Bay GmbH<\/p>\n<p>4. Spider-Man-Film mit Tom Holland. Nachdem Peter Parker seine gro\u00dfe Liebe aufgab und einen Deal einging, der alle Welt vergessen lie\u00df, dass er Spider-Man ist, ist er wieder auf sich allein gestellt. Seine Identit\u00e4t ist geheim, viele Entwicklungen sind r\u00fcckg\u00e4ngig gemacht. Peter ist wieder der junge, sympathische Loser, der st\u00e4ndig Geldprobleme, keine Freunde und schon gar keine Freundin hat. Vor allem hat er auch nicht mehr den Support der Avengers, kann keine High-Tech-Verbesserungen an seinem Anzug erhalten.<br \/>Einlass um 19 Uhr, Beginn bei Einbruch der Dunkelheit.<\/p>\n<p>Kosten: 12 Euro<br \/>Open-Air-Kino im Rheinauhafen, Harry-Blum-Platz 1, 50678 K\u00f6ln <\/p>\n<p><strong>Vaterland<\/strong><br \/>4., 5. &amp; 6.9. 15.30, 17.30 &amp; 19.30 Uhr<\/p>\n<p>\t\t\t\t\t\t\t\t\t<a href=\"https:\/\/www.europesays.com\/de\/wp-content\/uploads\/2026\/09\/4e94cb0b9a31ec96a0ca2c0668541509.jpg\" data-rel=\"lightbox\" data-rl_title=\"\" data-rl_caption=\"\" title=\"\"><br \/>\n\t\t\t\t\t\t\t\t\t<img decoding=\"async\" src=\"https:\/\/www.europesays.com\/de\/wp-content\/uploads\/2026\/09\/4e94cb0b9a31ec96a0ca2c0668541509.jpg\" alt=\"\"\/><br \/>\n\t\t\t\t\t\t\t\t\t<\/a><\/p>\n<p>Nach dem Ende des Zweiten Weltkriegs begeben sich Literaturnobelpreistr\u00e4ger Thomas Mann und seine Tochter, die Schauspielerin, Autorin und Kabarettistin Erika, auf eine Reise durch ein Deutschland in Tr\u00fcmmern \u2013 von Frankfurt in der amerikanischen Besatzungszone bis ins sowjetisch kontrollierte Weimar. Zwischen euphorischen Wagner-Erben und literarisch versierten Gener\u00e4len wird Deutschlands wichtigster Schriftsteller hofiert und manchmal auch beschimpft, w\u00e4hrend das Drama seiner eigenen Familie leise eskaliert. <\/p>\n<p>Kosten: 6-11 Euro<br \/>Odeon Kino, Severinstra\u00dfe 81, 50678 K\u00f6ln<\/p>\n<p><br clear=\"all\"\/>Maestro Musik &amp; Tanz<\/p>\n<p><strong>Lotta tanzt\u2026 roots in concrete<\/strong><br \/>4.9. 22 Uhr<\/p>\n<p>\t\t\t\t\t\t\t\t   <a href=\"https:\/\/www.europesays.com\/de\/wp-content\/uploads\/2026\/09\/ConcreteRoots_web-2.jpg\" data-rel=\"lightbox\" data-rl_title=\"\" data-rl_caption=\"\" title=\"\"><br \/>\n\t\t\t\t\t\t\t\t   <img decoding=\"async\" src=\"https:\/\/www.europesays.com\/de\/wp-content\/uploads\/2026\/09\/ConcreteRoots_web-2.jpg\" alt=\"\"\/><br \/>\n\t\t\t\t\t\t\t\t   <\/a><\/p>\n<p>DJ Manta Madingo, DJ Patu and Benchmarq48 present Afro, Funk, Soul &amp; Hip Hop.<\/p>\n<p>Kosten: Freier Eintritt<br \/>Lotta, Kart\u00e4userwall 12, 50678 K\u00f6ln<\/p>\n<p><strong>toi et moi im Hof der Lutherkirche<\/strong><br \/>5.9. 18 Uhr<\/p>\n<p>\t\t\t\t\t\t\t\t   <a href=\"https:\/\/www.europesays.com\/de\/wp-content\/uploads\/2026\/09\/Toi-et-Moi.jpg\" data-rel=\"lightbox\" data-rl_title=\"\" data-rl_caption=\"\" title=\"\"><br \/>\n\t\t\t\t\t\t\t\t   <img decoding=\"async\" src=\"https:\/\/www.europesays.com\/de\/wp-content\/uploads\/2026\/09\/Toi-et-Moi.jpg\" alt=\"\"\/><br \/>\n\t\t\t\t\t\t\t\t   <\/a><\/p>\n<p>Bild: by Artis<\/p>\n<p>Neben der Eigenschaft, ihre Zuh\u00f6rer zum Innehalten zu bewegen und dem Alltag zu entfliehen, schaffen Julia Klomfa\u00df und Raphael Hansen es auch live, ihr Publikum zu verf\u00fchren und zu begeistern. Puristisch und elegant als Duo, mit Kontrabass und Schlagzeug als Quartett, wechseln die beiden K\u00f6lner je nach Umgebung ihre Besetzung. Dabei bleiben sie sich stets treu und verlieren nie ihre Nahbarkeit, egal wo und vor wie vielen Leuten sie spielen.<\/p>\n<p>Kosten: 15-22 Euro<br \/>Lutherkirche, Martin-Luther-Platz 4\u2028, 50677 K\u00f6ln<\/p>\n<p><strong>Kikki &amp; the Beatkings &#8211; Rock\u2018 n\u2018 Roll in der Torburg<\/strong><br \/>6.9. 20 Uhr<\/p>\n<p>\t\t\t\t\t\t\t\t   <a href=\"https:\/\/www.europesays.com\/de\/wp-content\/uploads\/2026\/09\/PHOTO-2026-02-26-10-44-52.jpeg\" data-rel=\"lightbox\" data-rl_title=\"\" data-rl_caption=\"\" title=\"\"><br \/>\n\t\t\t\t\t\t\t\t   <img decoding=\"async\" src=\"https:\/\/www.europesays.com\/de\/wp-content\/uploads\/2026\/09\/PHOTO-2026-02-26-10-44-52.jpeg\" alt=\"\"\/><br \/>\n\t\t\t\t\t\t\t\t   <\/a><\/p>\n<p>Erlebt eine sensationelle Live-Performance und eine musikalische Zeitreise in die \u00c4ra des authentischen Rock\u2019n Roll. Mit mehrstimmigem Gesang und packenden Sounds versprechen sie eine Show, die ihr nicht vergessen werdet. Die vierk\u00f6pfige Band um die charmante S\u00e4ngerin Kikki, mit S\u00e4nger und Gitarrist Kay, dessen Stimme an Johnny Cash erinnert, bringt euch sowohl kraftvolle Eigenkompositionen als auch mitrei\u00dfende Cover, interpretiert im eigenen Stil.<\/p>\n<p>Kosten: 12-15 Euro<br \/>Torburg, Kart\u00e4user Wall 1, 50678 K\u00f6ln<\/p>\n<p><strong>Chamber Remix Cologne<\/strong><br \/>6.9. 19 Uhr<\/p>\n<p>\t\t\t\t\t\t\t\t   <a href=\"https:\/\/www.europesays.com\/de\/wp-content\/uploads\/2026\/09\/Bildschirmfoto-2026-08-03-um-16.18.09.png\" data-rel=\"lightbox\" data-rl_title=\"\" data-rl_caption=\"\" title=\"\"><br \/>\n\t\t\t\t\t\t\t\t   <img decoding=\"async\" src=\"https:\/\/www.europesays.com\/de\/wp-content\/uploads\/2026\/09\/Bildschirmfoto-2026-08-03-um-16.18.09.png\" alt=\"\"\/><br \/>\n\t\t\t\t\t\t\t\t   <\/a><\/p>\n<p>Bild: Andrzej Walkusz<\/p>\n<p>Dieses Konzert besteht aus zwei Teilen. Im ersten Teil stellt Albrecht Maurer seine Arbeit Avantourisme vor, die von Theo J\u00f6rgensmann beeinflusst ist. Mit dem letztes Jahr verstorbenen Klarinettisten Theo J\u00f6rgensmann spielte Albrecht Maurer seit den fr\u00fchen 1990 Jahren intensiv zusammen. Avantourisme basiert auf musikalischen Material, dass er bereits in jener Zeit notiert hat. Seitdem hat er das Werk weiterentwickelt. Im zweiten Teil gestaltet Albrecht Maurer einen Live Remix der letzten gemeinsamen Duo CD Metropolis, die er zusammen mit Theo J\u00f6rgensmann im Jahre 2024 eingespielt hat. <\/p>\n<p>Kosten: 11,20 Euro<br \/>Kunsthaus Rhenania, Bayenstra\u00dfe 28, 50678 K\u00f6ln<\/p>\n<p><br clear=\"all\"\/>\u00dcber den Tellerrand<\/p>\n<p><strong>Papas kochen. \u2013 Genuss, der verbindet.<\/strong><br \/>8.9. 19-22 Uhr<\/p>\n<p>\t\t\t\t\t\t\t\t   <a href=\"https:\/\/www.europesays.com\/de\/wp-content\/uploads\/2026\/09\/IMG_7656.jpg\" data-rel=\"lightbox\" data-rl_title=\"\" data-rl_caption=\"\" title=\"\"><br \/>\n\t\t\t\t\t\t\t\t   <img decoding=\"async\" src=\"https:\/\/www.europesays.com\/de\/wp-content\/uploads\/2026\/09\/IMG_7656.jpg\" alt=\"\"\/><br \/>\n\t\t\t\t\t\t\t\t   <\/a><\/p>\n<p>Die neue Papakochreihe bei der fbs geht in die n\u00e4chste Runde. Tip-Off ist am kommenden Dienstag, 2 weitere Termine folgen dann sp\u00e4ter. In entspannter Atmosph\u00e4re wird geschnippelt, gebrutzelt und gelacht und ihr habt viel Zeit f\u00fcr den Austausch mit den anderen Gleichgesinnten. Mehr zu dem Kurs k\u00f6nnt ihr <a href=\"https:\/\/www.meinesuedstadt.de\/papas-gemeinsam-am-herd\/\" target=\"_blank\" rel=\"nofollow noopener\">hier<\/a> lesen. M\u00f6chtet ihr, dass wir auch \u00fcber euren Kurs\/Workshop besuchen und dar\u00fcber schreiben? Dann meldet euch.<\/p>\n<p>Kosten: 42 Euro f\u00fcr 3 Einheiten<br \/>fbs \u2013 ev. Familienbildungsst\u00e4tte, Kart\u00e4usergasse 9-11, 50678 K\u00f6ln<\/p>\n<p><br clear=\"all\"\/>Die sch\u00f6nen K\u00fcnste<\/p>\n<p><strong>Tina Barney \u2013 Silver Shadows<\/strong><br \/>4.9. 11-18 Uhr, 5.9. 11-17 Uhr<\/p>\n<p>\t\t\t\t\t\t\t\t\t<a href=\"https:\/\/www.europesays.com\/de\/wp-content\/uploads\/2026\/09\/68a54dc6-426e-3a7f-e90a-6832ad9bcea9-1.jpeg\" data-rel=\"lightbox\" data-rl_title=\"\" data-rl_caption=\"\" title=\"\"><br \/>\n\t\t\t\t\t\t\t\t\t<img decoding=\"async\" src=\"https:\/\/www.europesays.com\/de\/wp-content\/uploads\/2026\/09\/68a54dc6-426e-3a7f-e90a-6832ad9bcea9-1.jpeg\" alt=\"\"\/><br \/>\n\t\t\t\t\t\t\t\t\t<\/a><\/p>\n<p>Seit mehr als vier Jahrzehnten ist Tina Barney eine pr\u00e4gende Figur der zeitgen\u00f6ssischen Fotografie. Die 1945 in New York City geborene K\u00fcnstlerin fotografiert die ihr am besten vertraute Welt \u2013 ihre eigene Familie und enge Freunde \u2013 und schafft dabei komplexe Bilder, die die Grenzen zwischen Beobachtung und Inszenierung verwischen. Sie ist bekannt f\u00fcr das Format und die Detailf\u00fclle ihrer Farbfotografien, die Familiendynamiken und generations\u00fcbergreifende Privilegien in au\u00dfergew\u00f6hnlichen Wohnumgebungen an der US-Ostk\u00fcste untersuchen.<\/p>\n<p>Galerie Thomas Zander, Sch\u00f6nhauser Stra\u00dfe 8, 50968 K\u00f6ln<\/p>\n<p><strong>Hanns Schimansky \u2013 Tusche, Feder und Papier<\/strong><br \/>4.9. 14-18 Uhr, 5.9. 11-15 Uhr<\/p>\n<p>\t\t\t\t\t\t\t\t\t<a href=\"https:\/\/www.europesays.com\/de\/wp-content\/uploads\/2026\/09\/Unknown-2.jpeg\" data-rel=\"lightbox\" data-rl_title=\"\" data-rl_caption=\"\" title=\"\"><br \/>\n\t\t\t\t\t\t\t\t\t<img decoding=\"async\" src=\"https:\/\/www.europesays.com\/de\/wp-content\/uploads\/2026\/09\/Unknown-2.jpeg\" alt=\"\"\/><br \/>\n\t\t\t\t\t\t\t\t\t<\/a><\/p>\n<p>Hanns Schimansky gestaltet den Zeichnungsprozess f\u00fcr sich abwechslungsreich und spannend. Er verwendet unterschiedlichste Papiere, benutzt Tuschfeder, Bleistift oder Farbstift. Er bearbeitet das Papier, faltet es, bezeichnet Vorder-und R\u00fcckseite. Durch das Zusammenfalten transformiert er die Zeichnung in die dritte Dimension. Gerade dort tauchen unplanbare Linienkombinationen auf. So wird er zum ersten Betrachter, dem er Fragen stellen m\u00f6chte, deren Beantwortung nicht in jedem Fall m\u00f6glich ist.<\/p>\n<p>Galerie Werner Klein, Volksgartenstra\u00dfe 10, 50677 K\u00f6ln<\/p>\n<p>Enjoy your weekend! Eure <a href=\"https:\/\/www.meinesuedstadt.de\/author\/gaby-demuirier\/\" rel=\"nofollow noopener\" target=\"_blank\">Gaby<\/a>!<\/p>\n<blockquote>\n<p>Noch mehr Veranstaltungen findet Ihr in unserem <a href=\"http:\/\/mailings.meinesuedstadt.de\/c\/35000798\/b6313ce1ca2-pen8kx\" rel=\"nofollow noopener\" target=\"_blank\">Terminkalender<\/a>. Die Inhalte dieses Newsletters werden vom gesamten Team von \u201eMeine S\u00fcdstadt\u201c mit gr\u00f6\u00dftm\u00f6glicher Sorgfalt erstellt. Der Anbieter kann jedoch keine Gew\u00e4hr f\u00fcr die Richtigkeit, Vollst\u00e4ndigkeit und Aktualit\u00e4t der bereitgestellten Inhalte \u00fcbernehmen.<\/p>\n<\/blockquote>\n<p class=\"author_single_big\">Text:  <a href=\"https:\/\/www.meinesuedstadt.de\/author\/gaby-demuirier\/\" rel=\"nofollow noopener\" target=\"_blank\">Gaby DeMuirier<\/a><\/p>\n<p>\t\t<a href=\"https:\/\/www.paypal.com\/donate\/?hosted_button_id=YUSX5FAK4HM7E\" target=\"_blank\" rel=\"nofollow noopener\"><\/p>\n<p>\t\t\t\t\tIn eigener Sache<br \/>\n\t\t\t\t\tDir gef\u00e4llt unsere Arbeit?<\/p>\n<p>meinesuedstadt.de finanziert sich durch Partnerprofile und Werbung. Beide Einnahmequellen sind in den letzten Monaten stark zur\u00fcckgegangen.<\/p>\n<p>Solltest Du unsere unabh\u00e4ngige Berichterstattung sch\u00e4tzen, kannst Du uns mit einer kleinen Spende unterst\u00fctzen.<\/p>\n<p><strong>Paypal &#8211; danke@meinesuedstadt.de<\/strong><\/p>\n<p>\t\t<\/a><\/p>\n","protected":false},"excerpt":{"rendered":"Freitag, 4. September 2026 | Text: Gaby DeMuirier Die Sommerferien sind vorbei und der Alltag hat uns wieder.&hellip;\n","protected":false},"author":2,"featured_media":1279524,"comment_status":"","ping_status":"","sticky":false,"template":"","format":"standard","meta":{"footnotes":"","_share_on_mastodon":"0"},"categories":[1828],"tags":[2076,5299,29,6338,30,116851,39857,12749,1420,1310,80,2075,1209,6907,94,182360],"class_list":["post-1279523","post","type-post","status-publish","format-standard","has-post-thumbnail","category-koeln","tag-ausstellung","tag-comedy","tag-deutschland","tag-genuss","tag-germany","tag-kinderkino","tag-kindertheater","tag-kochen","tag-koeln","tag-konzert","tag-kultur","tag-kunst","tag-nordrhein-westfalen","tag-tanz","tag-theater","tag-wochenendfreuden"],"share_on_mastodon":{"url":"https:\/\/pubeurope.com\/@de\/117211235357992559","error":""},"_links":{"self":[{"href":"https:\/\/www.europesays.com\/de\/wp-json\/wp\/v2\/posts\/1279523","targetHints":{"allow":["GET"]}}],"collection":[{"href":"https:\/\/www.europesays.com\/de\/wp-json\/wp\/v2\/posts"}],"about":[{"href":"https:\/\/www.europesays.com\/de\/wp-json\/wp\/v2\/types\/post"}],"author":[{"embeddable":true,"href":"https:\/\/www.europesays.com\/de\/wp-json\/wp\/v2\/users\/2"}],"replies":[{"embeddable":true,"href":"https:\/\/www.europesays.com\/de\/wp-json\/wp\/v2\/comments?post=1279523"}],"version-history":[{"count":0,"href":"https:\/\/www.europesays.com\/de\/wp-json\/wp\/v2\/posts\/1279523\/revisions"}],"wp:featuredmedia":[{"embeddable":true,"href":"https:\/\/www.europesays.com\/de\/wp-json\/wp\/v2\/media\/1279524"}],"wp:attachment":[{"href":"https:\/\/www.europesays.com\/de\/wp-json\/wp\/v2\/media?parent=1279523"}],"wp:term":[{"taxonomy":"category","embeddable":true,"href":"https:\/\/www.europesays.com\/de\/wp-json\/wp\/v2\/categories?post=1279523"},{"taxonomy":"post_tag","embeddable":true,"href":"https:\/\/www.europesays.com\/de\/wp-json\/wp\/v2\/tags?post=1279523"}],"curies":[{"name":"wp","href":"https:\/\/api.w.org\/{rel}","templated":true}]}}