{"id":1279526,"date":"2026-09-04T05:58:13","date_gmt":"2026-09-04T05:58:13","guid":{"rendered":"https:\/\/www.europesays.com\/de\/1279526\/"},"modified":"2026-09-04T05:58:13","modified_gmt":"2026-09-04T05:58:13","slug":"hza-m-berufseinsteiger-beim-hauptzollamt-muenchen","status":"publish","type":"post","link":"https:\/\/www.europesays.com\/de\/1279526\/","title":{"rendered":"HZA-M: Berufseinsteiger beim Hauptzollamt M\u00fcnchen"},"content":{"rendered":"<p class=\"date\">04.09.2026 \u2013 07:30<\/p>\n<p class=\"customer\">\n                        <a class=\"story-customer\" title=\"weiter zum newsroom von Hauptzollamt M\u00fcnchen\" href=\"https:\/\/www.presseportal.de\/blaulicht\/nr\/121256\" rel=\"nofollow noopener\" target=\"_blank\">Hauptzollamt M\u00fcnchen<\/a>\n                    <\/p>\n<p><a data-category=\"citylink-story-view\" data-action=\"click\" data-label=\"Citylink in Meldungsansicht\" class=\"story-city event-trigger\" href=\"https:\/\/www.presseportal.de\/regional\/M%FCnchen\" title=\"News aus M\u00fcnchen \" rel=\"nofollow noopener\" target=\"_blank\">M\u00fcnchen<\/a> (ots)<\/p>\n<p>Rund 1.800 Nachwuchskr\u00e4fte starteten am 01. September 2026 bundesweit in ihr Studium im gehobenen Dienst bzw. ihre Ausbildung im mittleren Dienst beim Zoll und geh\u00f6ren damit zu rund 48.000 Z\u00f6llnerinnen und Z\u00f6llnern in Deutschland. 95 Nachwuchskr\u00e4fte wurden beim Hauptzollamt M\u00fcnchen vereidigt. Zudem ging es ebenfalls zum 1. September 2026 f\u00fcr den IT-Nachwuchs des gehobenen Dienstes mit dem dualen Studium Verwaltungsinformatik los.<\/p>\n<p>Oberregierungsrat Peter Krautheim, Sachgebietsleiter der Finanzkontrolle Schwarzarbeit, begr\u00fc\u00dfte die frischgebackenen Z\u00f6llnerinnen und Z\u00f6llner und &#8222;w\u00fcnschte ihnen viel Erfolg f\u00fcr ihre verantwortungsvolle neue Aufgabe&#8220;.<\/p>\n<p>Beide duale Studieng\u00e4nge dauern jeweils drei Jahre und schlie\u00dfen mit dem akademischen Grad &#8222;Bachelor of Law&#8220; (LL.B.; Zoll) bzw. &#8222;Bachelor of Science&#8220; (B.Sc.; Verwaltungsinformatik) ab. Die Ausbildung im mittleren Dienst dauert zwei Jahre und berechtigt zum F\u00fchren der Berufsbezeichnung Finanzwirtin oder Finanzwirt. Theorie und Praxis wechseln sich dabei ab und bauen aufeinander auf. Die fachtheoretischen Teile werden im gehobenen Dienst an der Hochschule des Bundes f\u00fcr \u00f6ffentliche Verwaltung in M\u00fcnster oder Rostock absolviert, f\u00fcr den mittleren Dienst bei den Ausbildungsst\u00e4tten des Bildungs- und Wissenschaftszentrums der Bundesfinanzverwaltung an den Dienstorten Erfurt, Leipzig, Plessow bei Potsdam, Rostock oder Sigmaringen. Die Praxisphasen verbringen die Nachwuchskr\u00e4fte ZOLL in verschiedenen Bereichen des Ausbildungshauptzollamts, bei nahe gelegenen Zoll\u00e4mtern und Zollfahndungs\u00e4mtern sowie geeigneten Bereichen der Generalzolldirektion. Die Nachwuchskr\u00e4fte Verwaltungsinformatik absolvieren ihre Praxisphasen in den unterschiedlichsten IT-Bereichen der Generalzolldirektion sowie in der Digitalen Forensik bei den Hauptzoll\u00e4mtern bzw. Zollfahndungs\u00e4mtern.<\/p>\n<p>Nach Abschluss des dualen Studiums oder der Ausbildung erwartet die jungen Z\u00f6llnerinnen und Z\u00f6llner eine Verwendung in den unterschiedlichsten Aufgabenbereichen des Zolls. Das Spektrum reicht von Sachbearbeitung bis Spezialeinheit, sowie von Finanzkontrolle Schwarzarbeit bis Zollfahndung. Grunds\u00e4tzlich \u00fcbernimmt der ZOLL alle seine geeigneten Nachwuchskr\u00e4fte. Die Verwaltungsinformatikerinnen und Verwaltungsinformatiker kommen vorzugsweise im Bereich der Digitalen Forensik, im Bereich der Digitalisierung der Zollverwaltung und diverser Projektarbeiten oder bei der Betreuung von Datenbanken zum Einsatz.<\/p>\n<p>Mit der Einstellung beim ZOLL erhalten die Nachwuchskr\u00e4fte nicht nur ein fachlich hochwertiges Studium mit einem anerkannten akademischen Abschluss bzw. eine fundierte und abwechslungsreiche Ausbildung, sondern auch einen sicheren Arbeitsplatz mit vielen spannenden und abwechslungsreichen T\u00e4tigkeiten, mit denen sie u.a. f\u00fcr Steuereinnahmen, Verbraucherschutz, die Sicherung von Arbeitspl\u00e4tzen und die Digitalisierung der Verwaltung in Deutschland sorgen.<\/p>\n<p>Auch in den kommenden Jahren wird der ZOLL verst\u00e4rkt Ausbildungs- und Studienpl\u00e4tze f\u00fcr eine sichere Zukunft in einer gro\u00dfen Bundesverwaltung anbieten.<\/p>\n<p>F\u00fcr eine Einstellung zum 1. September 2027 k\u00f6nnen sich Interessierte noch bis zum 15. Oktober 2026 beim Hauptzollamt M\u00fcnchen (mittlerer und gehobener Zolldienst) oder bei der Generalzolldirektion (Verwaltungsinformatik) bewerben.<\/p>\n<p>Ausf\u00fchrliche Informationen zu Bewerbung, Einstellung, Ausbildung und Studium beim Zoll finden sich unter <a target=\"_blank\" class=\"uri-ext outbound\" rel=\"noopener nofollow\" href=\"https:\/\/www.zoll-karriere.de\">www.zoll-karriere.de<\/a> oder <a target=\"_blank\" class=\"uri-ext outbound\" rel=\"noopener nofollow\" href=\"https:\/\/www.zoll.de\">www.zoll.de<\/a> (&#8222;Karriere&#8220;).<\/p>\n<p>Ansprechpartner f\u00fcr die Ausbildung und das Studium gehobener Dienst Zoll: Hauptzollamt M\u00fcnchen, Frau Linsner, Telefon: 089-45026-1180 E-Mail: <a href=\"https:\/\/www.presseportal.de\/blaulicht\/pm\/121256\/mailto:bewerbung.hza-muenchen@zoll.bund.de\" class=\"uri-mailto\" rel=\"nofollow noopener\" target=\"_blank\">bewerbung.hza-muenchen@zoll.bund.de<\/a>, <a target=\"_blank\" class=\"uri-ext outbound\" rel=\"noopener nofollow\" href=\"https:\/\/www.zoll-karriere.de\">www.zoll-karriere.de<\/a><\/p>\n<p>Ansprechpartner f\u00fcr das Studium Verwaltungsinformatik beim Zoll: Generalzolldirektion, Direktion I, Dienstort M\u00fcnster, Telefon: 0228\/303-14381, E-Mail: <a href=\"https:\/\/www.presseportal.de\/blaulicht\/pm\/121256\/mailto:Bewerbungen-VIT@zoll.bund.de\" class=\"uri-mailto\" rel=\"nofollow noopener\" target=\"_blank\">Bewerbungen-VIT@zoll.bund.de<\/a>, <a target=\"_blank\" class=\"uri-ext outbound\" rel=\"noopener nofollow\" href=\"https:\/\/www.zoll-karriere.de\">www.zoll-karriere.de<\/a><\/p>\n<p>Schule beendet &#8211; was dann? Wir sind der Zoll in M\u00fcnchen<br \/>\nWer sich f\u00fcr den Beruf des Z\u00f6llners interessiert, hat am 10.10.2026 die einmalige Chance, sich pers\u00f6nlich vor Ort ein Bild zu machen und sich zu informieren. Dieser Tag steht unter dem Motto &#8222;Wir sind der Zoll in M\u00fcnchen&#8220; und findet in der Landsberger Stra\u00dfe 124 statt, zu dem sich alle Interessierten unter <a href=\"https:\/\/www.presseportal.de\/blaulicht\/pm\/121256\/mailto:presse.hza-muenchen@zoll.bund.de\" class=\"uri-mailto\" rel=\"nofollow noopener\" target=\"_blank\">presse.hza-muenchen@zoll.bund.de<\/a> anmelden k\u00f6nnen.<\/p>\n<p class=\"contact-headline\">R\u00fcckfragen bitte an:<\/p>\n<p class=\"contact-text\">Hauptzollamt M\u00fcnchen<br \/>Pressesprecher<br \/>Thomas Meister<br \/>Telefon: 089 &#8211; 975 90717<br \/>E-Mail: <a href=\"https:\/\/www.presseportal.de\/blaulicht\/pm\/121256\/mailto:Thomas.Meister2@zoll.bund.de\" class=\"uri-mailto\" rel=\"nofollow noopener\" target=\"_blank\">Thomas.Meister2@zoll.bund.de<\/a><br \/><a target=\"_blank\" class=\"uri-ext outbound\" rel=\"noopener nofollow\" href=\"https:\/\/www.zoll.de\">www.zoll.de<\/a><\/p>\n<p class=\"originator\">Original-Content von: Hauptzollamt M\u00fcnchen, \u00fcbermittelt durch news aktuell<\/p>\n","protected":false},"excerpt":{"rendered":"04.09.2026 \u2013 07:30 Hauptzollamt M\u00fcnchen M\u00fcnchen (ots) Rund 1.800 Nachwuchskr\u00e4fte starteten am 01. September 2026 bundesweit in ihr&hellip;\n","protected":false},"author":2,"featured_media":1266941,"comment_status":"","ping_status":"","sticky":false,"template":"","format":"standard","meta":{"footnotes":"","_share_on_mastodon":"0"},"categories":[1827],"tags":[772,2918,29,30,1268,13564,178,180,179,181,615],"class_list":["post-1279526","post","type-post","status-publish","format-standard","has-post-thumbnail","category-muenchen","tag-bayern","tag-by","tag-deutschland","tag-germany","tag-muenchen","tag-personalie","tag-presse","tag-pressemeldung","tag-pressemitteilung","tag-pressemitteilungen","tag-zoll"],"share_on_mastodon":{"url":"","error":""},"_links":{"self":[{"href":"https:\/\/www.europesays.com\/de\/wp-json\/wp\/v2\/posts\/1279526","targetHints":{"allow":["GET"]}}],"collection":[{"href":"https:\/\/www.europesays.com\/de\/wp-json\/wp\/v2\/posts"}],"about":[{"href":"https:\/\/www.europesays.com\/de\/wp-json\/wp\/v2\/types\/post"}],"author":[{"embeddable":true,"href":"https:\/\/www.europesays.com\/de\/wp-json\/wp\/v2\/users\/2"}],"replies":[{"embeddable":true,"href":"https:\/\/www.europesays.com\/de\/wp-json\/wp\/v2\/comments?post=1279526"}],"version-history":[{"count":0,"href":"https:\/\/www.europesays.com\/de\/wp-json\/wp\/v2\/posts\/1279526\/revisions"}],"wp:featuredmedia":[{"embeddable":true,"href":"https:\/\/www.europesays.com\/de\/wp-json\/wp\/v2\/media\/1266941"}],"wp:attachment":[{"href":"https:\/\/www.europesays.com\/de\/wp-json\/wp\/v2\/media?parent=1279526"}],"wp:term":[{"taxonomy":"category","embeddable":true,"href":"https:\/\/www.europesays.com\/de\/wp-json\/wp\/v2\/categories?post=1279526"},{"taxonomy":"post_tag","embeddable":true,"href":"https:\/\/www.europesays.com\/de\/wp-json\/wp\/v2\/tags?post=1279526"}],"curies":[{"name":"wp","href":"https:\/\/api.w.org\/{rel}","templated":true}]}}