{"id":1279527,"date":"2026-09-04T05:59:23","date_gmt":"2026-09-04T05:59:23","guid":{"rendered":"https:\/\/www.europesays.com\/de\/1279527\/"},"modified":"2026-09-04T05:59:23","modified_gmt":"2026-09-04T05:59:23","slug":"anschlag-in-muenchen-verdaechtige-nach-brandanschlag-vor-ermittlungsrichter-bayern","status":"publish","type":"post","link":"https:\/\/www.europesays.com\/de\/1279527\/","title":{"rendered":"Anschlag in M\u00fcnchen &#8211; Verd\u00e4chtige nach Brandanschlag vor Ermittlungsrichter &#8211; Bayern"},"content":{"rendered":"<p data-manual=\"paragraph\" data-schema-org-speakable=\"true\" class=\"css-1eosz7k\">M\u00fcnchen (dpa) &#8211; Nach dem Brandanschlag auf eine Baustelle in unmittelbarer N\u00e4he zu M\u00fcnchner R\u00fcstungsunternehmen sollen die beiden Tatverd\u00e4chtigen nach Angaben des Bayerischen Landeskriminalamtes (LKA) dem Ermittlungsrichter vorgef\u00fchrt werden.<\/p>\n<p data-manual=\"paragraph\" data-schema-org-speakable=\"true\" class=\"css-1eosz7k\">Der entscheidet dann, ob Haftbefehl gegen die 28 Jahre alte Bulgarin und ihren zehn Jahre \u00e4lteren Landsmann erlassen wird. Nachdem Brands\u00e4tze aus einem Auto heraus auf die Baustelle geworfen wurden, stehen die beiden unter Verdacht, mit der Tat zu tun zu haben.<\/p>\n<p data-manual=\"paragraph\" data-schema-org-speakable=\"true\" class=\"css-1eosz7k\">Einen Bericht der \u201eBild\u201c-Zeitung, wonach es nach dem Anschlag auch einen Einsatz in einer Wohnung in Unterhaching gegeben hatte, wollte ein LKA-Sprecher nicht kommentieren. Es gebe aber bislang keine weiteren Tatverd\u00e4chtigen, sagte er.<\/p>\n<p data-manual=\"paragraph\" data-schema-org-speakable=\"true\" class=\"css-1eosz7k\">\u00a9 dpa-infocom, dpa:260904-930-631180\/1<\/p>\n","protected":false},"excerpt":{"rendered":"M\u00fcnchen (dpa) &#8211; Nach dem Brandanschlag auf eine Baustelle in unmittelbarer N\u00e4he zu M\u00fcnchner R\u00fcstungsunternehmen sollen die beiden&hellip;\n","protected":false},"author":2,"featured_media":1279528,"comment_status":"","ping_status":"","sticky":false,"template":"","format":"standard","meta":{"footnotes":"","_share_on_mastodon":"0"},"categories":[1827],"tags":[772,29,987,30,14936,1584,1268,6473,149],"class_list":["post-1279527","post","type-post","status-publish","format-standard","has-post-thumbnail","category-muenchen","tag-bayern","tag-deutschland","tag-feuer","tag-germany","tag-innere-sicherheit","tag-kriminalitaet","tag-muenchen","tag-sicherheitspolitik","tag-sueddeutsche-zeitung"],"share_on_mastodon":{"url":"https:\/\/pubeurope.com\/@de\/117211245066411454","error":""},"_links":{"self":[{"href":"https:\/\/www.europesays.com\/de\/wp-json\/wp\/v2\/posts\/1279527","targetHints":{"allow":["GET"]}}],"collection":[{"href":"https:\/\/www.europesays.com\/de\/wp-json\/wp\/v2\/posts"}],"about":[{"href":"https:\/\/www.europesays.com\/de\/wp-json\/wp\/v2\/types\/post"}],"author":[{"embeddable":true,"href":"https:\/\/www.europesays.com\/de\/wp-json\/wp\/v2\/users\/2"}],"replies":[{"embeddable":true,"href":"https:\/\/www.europesays.com\/de\/wp-json\/wp\/v2\/comments?post=1279527"}],"version-history":[{"count":0,"href":"https:\/\/www.europesays.com\/de\/wp-json\/wp\/v2\/posts\/1279527\/revisions"}],"wp:featuredmedia":[{"embeddable":true,"href":"https:\/\/www.europesays.com\/de\/wp-json\/wp\/v2\/media\/1279528"}],"wp:attachment":[{"href":"https:\/\/www.europesays.com\/de\/wp-json\/wp\/v2\/media?parent=1279527"}],"wp:term":[{"taxonomy":"category","embeddable":true,"href":"https:\/\/www.europesays.com\/de\/wp-json\/wp\/v2\/categories?post=1279527"},{"taxonomy":"post_tag","embeddable":true,"href":"https:\/\/www.europesays.com\/de\/wp-json\/wp\/v2\/tags?post=1279527"}],"curies":[{"name":"wp","href":"https:\/\/api.w.org\/{rel}","templated":true}]}}