{"id":1279531,"date":"2026-09-04T06:01:18","date_gmt":"2026-09-04T06:01:18","guid":{"rendered":"https:\/\/www.europesays.com\/de\/1279531\/"},"modified":"2026-09-04T06:01:18","modified_gmt":"2026-09-04T06:01:18","slug":"bundesweiter-warntag-auch-hamburg-testet-sirenen-und-warn-apps","status":"publish","type":"post","link":"https:\/\/www.europesays.com\/de\/1279531\/","title":{"rendered":"Bundesweiter Warntag: Auch Hamburg testet Sirenen und Warn-Apps"},"content":{"rendered":"<p>        <img decoding=\"async\" src=\"https:\/\/www.europesays.com\/de\/wp-content\/uploads\/2026\/09\/screenshot-33790.webp\" alt=\"Eine Sirene steht auf einem Dach.\" title=\"Eine Sirene steht auf einem Dach. | Screenshot\" class=\"responsive\"\/><\/p>\n<p>\n                Stand: 04.09.2026 07:12 Uhr<\/p>\n<p class=\"preface\">Probe-Alarm in Deutschland: Am 10. September gibt es den n\u00e4chsten bundesweiten Warntag. In Hamburg werden deshalb um elf Uhr mehr als 200 Sirenen im Stadtgebiet ausgel\u00f6st.<\/p>\n<p class=\"\">Mobiltelefone machen sich mit einem lauten Warnton bemerkbar und Meldungen erscheinen auf allen digitalen Werbetafeln in der Stadt. Das B\u00f6llerschie\u00dfen im Bereich des Hafens soll es nach Angaben der Hamburger Innenbeh\u00f6rde ab diesem Jahr aber nicht mehr geben. Die dumpfen Knallger\u00e4usche waren oft kilometerweit zu h\u00f6ren gewesen.<\/p>\n<p class=\"\"><a href=\"https:\/\/www.ndr.de\/nachrichten\/info\/heute-bundesweiter-warntag-das-gibt-uns-selbstvertrauen,warntag-160.html\" title=\"Warntag: Verletzte durch B\u00f6llerschussanlage in Hamburg\" rel=\"nofollow noopener\" target=\"_blank\">Im vergangenen Jahr<\/a> waren beim Ausl\u00f6sen einer B\u00f6llerschussanlage im Stadtteil Hammerbrook zwei Polizisten, die die Anlage bedient hatten, verletzt worden.<\/p>\n<p>    Bev\u00f6lkerung f\u00fcr Gefahrenlagen sensibilisieren<\/p>\n<p class=\"\">Begleitet wird der bundesweite Warntag wieder von einer Info-Veranstaltung: Beh\u00f6rden und Hilfsorganisationen informieren am kommenden Donnerstagvormittag in Bergedorf zum Beispiel dar\u00fcber, was jeder Mensch in einem <a href=\"https:\/\/www.ndr.de\/nachrichten\/info\/Vorbereitung-fuer-den-Ernstfall-Wie-preppe-ich-richtig,ndrinfo73724.html\" title=\"Vorbereitung f\u00fcr den Ernstfall: Wie preppe ich richtig?\" rel=\"nofollow noopener\" target=\"_blank\">Notfall-Rucksack<\/a> griffbereit haben sollte.<\/p>\n<p class=\"\">Der bundesweite Warntag findet seit 2020 jedes Jahr im September statt. Mit ihm sollen die Warnsysteme getestet werden. Au\u00dferdem soll er die Bev\u00f6lkerung f\u00fcr m\u00f6gliche Gefahrenlagen sensibilisieren, so die Innenbeh\u00f6rde.<\/p>\n<p>        <img decoding=\"async\" src=\"https:\/\/www.europesays.com\/de\/wp-content\/uploads\/2026\/09\/warnapps104.webp\" alt=\"Das Logo der Apps KATWARN und NINA.\" title=\"Das Logo der Apps KATWARN und NINA. | NDR\" class=\"responsive\" loading=\"lazy\"\/><\/p>\n<p>Cell Broadcast und Apps wie NINA und KATWARN warnen vor Gefahren wie Unwettern. Was melden sie und wie funktionieren sie?<\/p>\n<p>        <img decoding=\"async\" src=\"https:\/\/www.europesays.com\/de\/wp-content\/uploads\/2026\/09\/warntag-176.webp\" alt=\"An den Hamburger Landungsbr\u00fccken wird im Rahmen des Probealarms eine B\u00f6llerschussanlage abgefeuert.\" title=\"An den Hamburger Landungsbr\u00fccken wird im Rahmen des Probealarms eine B\u00f6llerschussanlage abgefeuert. | picture alliance\/dpa, Bodo Marks\" class=\"responsive\" loading=\"lazy\"\/><\/p>\n<p>Auch im Norden haben im Rahmen des bundesweiten Probealarms die Sirenen geheult. Beim Bet\u00e4tigen einer B\u00f6llerschussanlage in Hamburg wurden zwei Polizisten verletzt.<\/p>\n<p>        <img decoding=\"async\" src=\"https:\/\/www.europesays.com\/de\/wp-content\/uploads\/2026\/09\/stromausfall-166.webp\" alt=\"F\u00fcnf Personen sitzen in Winterkleidung an einem mit Kerzen beleuchteten Tisch. \" title=\"F\u00fcnf Personen sitzen in Winterkleidung an einem mit Kerzen beleuchteten Tisch.  | Colourbox, Marian Vejcik\" class=\"responsive\" loading=\"lazy\"\/><\/p>\n<p>Heizung, Licht, Kochen: Wie kann man sich auf einen Stromausfall wie j\u00fcngst in Berlin vorbereiten, was sollte man im Haus haben?<\/p>\n<p>        <img decoding=\"async\" src=\"https:\/\/www.europesays.com\/de\/wp-content\/uploads\/2026\/09\/vorrat102.webp\" alt=\"Verschiedene Lebensmittel f\u00fcr den Notfall-Vorrat in einem Karton.\" title=\"Verschiedene Lebensmittel f\u00fcr den Notfall-Vorrat in einem Karton. | picture alliance \/ Zoonar, Olena Mykhaylova\" class=\"responsive\" loading=\"lazy\"\/><\/p>\n<p>Beh\u00f6rden raten Verbrauchern, f\u00fcr Notf\u00e4lle einen Vorrat im Haus zu haben. Diese Lebensmittel sollten unbedingt dabei sein.<\/p>\n","protected":false},"excerpt":{"rendered":"Stand: 04.09.2026 07:12 Uhr Probe-Alarm in Deutschland: Am 10. September gibt es den n\u00e4chsten bundesweiten Warntag. In Hamburg&hellip;\n","protected":false},"author":2,"featured_media":1279532,"comment_status":"","ping_status":"","sticky":false,"template":"","format":"standard","meta":{"footnotes":"","_share_on_mastodon":"0"},"categories":[1826],"tags":[26198,4561,19489,29,441,30,692,77559,83,37779,254,107646,23290],"class_list":["post-1279531","post","type-post","status-publish","format-standard","has-post-thumbnail","category-hamburg","tag-alarm","tag-apps","tag-bundesweit","tag-deutschland","tag-fernsehen","tag-germany","tag-hamburg","tag-probealarm","tag-radio","tag-sirenen","tag-test","tag-warntag","tag-warnung"],"share_on_mastodon":{"url":"https:\/\/pubeurope.com\/@de\/117211253306337647","error":""},"_links":{"self":[{"href":"https:\/\/www.europesays.com\/de\/wp-json\/wp\/v2\/posts\/1279531","targetHints":{"allow":["GET"]}}],"collection":[{"href":"https:\/\/www.europesays.com\/de\/wp-json\/wp\/v2\/posts"}],"about":[{"href":"https:\/\/www.europesays.com\/de\/wp-json\/wp\/v2\/types\/post"}],"author":[{"embeddable":true,"href":"https:\/\/www.europesays.com\/de\/wp-json\/wp\/v2\/users\/2"}],"replies":[{"embeddable":true,"href":"https:\/\/www.europesays.com\/de\/wp-json\/wp\/v2\/comments?post=1279531"}],"version-history":[{"count":0,"href":"https:\/\/www.europesays.com\/de\/wp-json\/wp\/v2\/posts\/1279531\/revisions"}],"wp:featuredmedia":[{"embeddable":true,"href":"https:\/\/www.europesays.com\/de\/wp-json\/wp\/v2\/media\/1279532"}],"wp:attachment":[{"href":"https:\/\/www.europesays.com\/de\/wp-json\/wp\/v2\/media?parent=1279531"}],"wp:term":[{"taxonomy":"category","embeddable":true,"href":"https:\/\/www.europesays.com\/de\/wp-json\/wp\/v2\/categories?post=1279531"},{"taxonomy":"post_tag","embeddable":true,"href":"https:\/\/www.europesays.com\/de\/wp-json\/wp\/v2\/tags?post=1279531"}],"curies":[{"name":"wp","href":"https:\/\/api.w.org\/{rel}","templated":true}]}}