{"id":1279547,"date":"2026-09-04T06:10:21","date_gmt":"2026-09-04T06:10:21","guid":{"rendered":"https:\/\/www.europesays.com\/de\/1279547\/"},"modified":"2026-09-04T06:10:21","modified_gmt":"2026-09-04T06:10:21","slug":"beruehmte-kunst-farbenpraechtige-tierwelten-franz-marc-in-duesseldorf","status":"publish","type":"post","link":"https:\/\/www.europesays.com\/de\/1279547\/","title":{"rendered":"Ber\u00fchmte Kunst: Farbenpr\u00e4chtige Tierwelten \u2013 Franz Marc in D\u00fcsseldorf"},"content":{"rendered":"<p class=\"paragraph article__item\">Pferde, K\u00fche, Katzen, Rehe &#8211; Franz Marcs leuchtend bunte Tierbilder geh\u00f6ren zu den ber\u00fchmtesten Werken der Avantgarde des fr\u00fchen 20. Jahrhunderts. In einer gro\u00dfen Ausstellung in der Kunstsammlung NRW in <a class=\"rtr-entity\" href=\"https:\/\/www.zeit.de\/thema\/duesseldorf\" rel=\"nofollow noopener\" target=\"_blank\">D\u00fcsseldorf<\/a> sind ab dem 12. September mehr als 120 Gem\u00e4lde und Paperarbeiten des Mitbegr\u00fcnders der K\u00fcnstlergruppe \u00abBlauer Reiter\u00bb zu sehen. Marc fiel im Alter von nur 36 Jahren 1916 in Verdun.\u00a0\n<\/p>\n<p>Aktuelles<\/p>\n<p>                <a href=\"https:\/\/www.zeit.de\/2026\/37\/franz-gertsch-retrospektive-fotorealismus-kunstmuseum-bern-burgdorf\" data-ct-label=\"Franz Gertsch: Der Zen-Meister mit dem Pinsel\" data-uuid=\"fd600f9c-09c2-4cae-ae02-198666c87a0f\" rel=\"nofollow noopener\" target=\"_blank\"><\/p>\n<p>        Z+ (abopflichtiger Inhalt);<\/p>\n<p>    Franz Gertsch:<br \/>\n                        Der Zen-Meister mit dem Pinsel<\/p>\n<p>                <\/a><\/p>\n<p>                <a href=\"https:\/\/www.zeit.de\/2026\/35\/kloster-beuerberg-ausstellung-seelentrost-hoffnung\" data-ct-label=\"Kloster Beuerberg: Ein bisschen Trost muss sein\" data-uuid=\"1553e68e-85c9-4631-ae3d-72a3deaeccc4\" rel=\"nofollow noopener\" target=\"_blank\"><\/p>\n<p>        Z+ (abopflichtiger Inhalt);<\/p>\n<p>    Kloster Beuerberg:<br \/>\n                        Ein bisschen Trost muss sein<\/p>\n<p>                <\/a><\/p>\n<p>                <a href=\"https:\/\/www.zeit.de\/feuilleton\/kunst\/2026-08\/japanische-kuenstlerin-yayoi-kusama-tot\" data-ct-label=\"Yayoi Kusama: Japanische K\u00fcnstlerin Yayoi Kusama ist tot\" data-uuid=\"77d811d1-1376-4400-a97e-6a765a70e340\" rel=\"nofollow noopener\" target=\"_blank\"><\/p>\n<p>                        Yayoi Kusama:<br \/>\n                        Japanische K\u00fcnstlerin Yayoi Kusama ist tot<\/p>\n<p>                <\/a><\/p>\n<p class=\"paragraph article__item\">Die Ausstellung versammelt Meisterwerke aus deutschen und internationalen Museen sowie aus Privatsammlungen, die nach Angaben der Kunstsammlung nur \u00e4u\u00dferst selten auf <a class=\"rtr-entity\" href=\"https:\/\/www.zeit.de\/thema\/reisen\" rel=\"nofollow noopener\" target=\"_blank\">Reisen<\/a> geschickt werden. Aus Madrid, Chicago, Washington, dem Guggenheim Museum und dem Museum of Modern Art (MoMA) in New York sind bereits gro\u00dfe Transportkisten mit den wertvollen Kunstwerken eingetroffen. Ein erster Blick in den Aufbau der Schau verspricht, dass Besucherinnen und Besucher zahlreiche weltbekannte Bilder aus n\u00e4chster N\u00e4he betrachten und in bunten Farben schwelgen k\u00f6nnen.\u00a0\n<\/p>\n<p class=\"paragraph article__item\"><a class=\"rtr-entity\" href=\"https:\/\/www.zeit.de\/thema\/franz-marc\" rel=\"nofollow noopener\" target=\"_blank\">Franz Marc<\/a> geh\u00f6rt wegen seiner farbenpr\u00e4chtigen ikonischen Tierbilder zu den beliebtesten K\u00fcnstlern der Moderne. \u00abWenn wir an Franz Marc denken, dann haben wir sofort die blauen Pferde im Kopf\u00bb, sagt Kuratorin Susanne Meyer-B\u00fcser. Das Gesamtwerk des K\u00fcnstlers besteht aus nur 244 Gem\u00e4lden und etwa genauso vielen Aquarellen und Zeichnungen, die in wenigen Jahren vor dem Ersten Weltkrieg zwischen 1904 und 1914 entstanden.\u00a0\n<\/p>\n<p class=\"paragraph article__item\">In der Kunstsammlung (K20) wird Marcs gesamter k\u00fcnstlerischer Weg verfolgt, der von sp\u00e4timpressionistischen Werken \u00fcber die Tierbilder bis zur kubistisch inspirierten vollst\u00e4ndigen Abstraktion verlief. Selbst auf dem Schlachtfeld zeichnete Marc noch ber\u00fchrende Bilder von friedlich grasenden Pferden, von Rehen und Schwalben &#8211; nicht aber das Kampfgeschehen und den Tod.\u00a0\n<\/p>\n<p class=\"paragraph article__item\">Zu sehen sind in D\u00fcsseldorf die leuchtenden Bilder von Pferden, K\u00fchen, <a class=\"rtr-entity\" href=\"https:\/\/www.zeit.de\/thema\/katze\" rel=\"nofollow noopener\" target=\"_blank\">Katzen<\/a>, Hunden, Affen, aber auch Frauenakte, die den Einfluss von Paul Gauguin erkennen lassen sowie die bunten abstrakten Kompositionen, die als letzte Gem\u00e4lde Marcs entstanden und in denen Tiere immer mehr in den Hintergrund r\u00fcckten. Schon 1913 bewirkte eine Reise Marcs in das politisch zerrissene S\u00fcdtirol, dass sich die ehemals harmonischen Landschaftsvisionen zu dystopischen Szenerien mit einsamen, ausgemergelten Tierkreaturen verkehrten.\n<\/p>\n<p>            Franz Marc trifft ins Herz            <\/p>\n<p class=\"paragraph article__item\">\u00abEr hat tats\u00e4chlich etwas, was den Menschen ins Herz trifft\u00bb, sagt Meyer-B\u00fcser. Der Titel der Ausstellung \u00abDie Suche nach einer besseren Welt\u00bb treffe auch ein aktuelles Zeitgeistthema &#8211; \u00abein Gef\u00fchl, was in der Luft liegt\u00bb und die Sehnsucht nach einem Ort der Harmonie und der Ruhe. Auch Marc sei damals auf dieser Suche gewesen. \u00abDie Menschen waren \u00fcberw\u00e4ltigt von den ganzen Neuerungen, die es in der Industrialisierung und Technik gab. Und man hat keinen Ort gefunden f\u00fcr sich.\u00bb\n<\/p>\n<p class=\"paragraph article__item\">Die Ausstellung \u00abFranz Marc. Die Suche nach einer besseren Welt\u00bb ist vom 12. September bis zum 24. Januar 2027 in D\u00fcsseldorf zu sehen. Anschlie\u00dfend wird sie vom 26. Februar bis 4. Juli 2027 im Kunstmuseum Bern gezeigt.\n<\/p>\n<p class=\"paragraph article__item\">\u00a9 dpa-infocom, dpa:260904-930-630975\/1<\/p>\n","protected":false},"excerpt":{"rendered":"Pferde, K\u00fche, Katzen, Rehe &#8211; Franz Marcs leuchtend bunte Tierbilder geh\u00f6ren zu den ber\u00fchmtesten Werken der Avantgarde des&hellip;\n","protected":false},"author":2,"featured_media":1279548,"comment_status":"","ping_status":"","sticky":false,"template":"","format":"standard","meta":{"footnotes":"","_share_on_mastodon":"0"},"categories":[1775],"tags":[1793,264031,4540,29,3405,214,13683,30,264033,1794,10277,144244,15,176,1079,264032,215,212362],"class_list":["post-1279547","post","type-post","status-publish","format-standard","has-post-thumbnail","category-kunst-und-design","tag-art-and-design","tag-beruehmte-kunst","tag-chicago","tag-deutschland","tag-duesseldorf","tag-entertainment","tag-franz-marc","tag-germany","tag-guggenheim-museum","tag-kunst-und-design","tag-madrid","tag-museum-of-modern-art","tag-news","tag-nrw","tag-reisen","tag-susanne-meyer-bueser","tag-unterhaltung","tag-verdun"],"share_on_mastodon":{"url":"","error":""},"_links":{"self":[{"href":"https:\/\/www.europesays.com\/de\/wp-json\/wp\/v2\/posts\/1279547","targetHints":{"allow":["GET"]}}],"collection":[{"href":"https:\/\/www.europesays.com\/de\/wp-json\/wp\/v2\/posts"}],"about":[{"href":"https:\/\/www.europesays.com\/de\/wp-json\/wp\/v2\/types\/post"}],"author":[{"embeddable":true,"href":"https:\/\/www.europesays.com\/de\/wp-json\/wp\/v2\/users\/2"}],"replies":[{"embeddable":true,"href":"https:\/\/www.europesays.com\/de\/wp-json\/wp\/v2\/comments?post=1279547"}],"version-history":[{"count":0,"href":"https:\/\/www.europesays.com\/de\/wp-json\/wp\/v2\/posts\/1279547\/revisions"}],"wp:featuredmedia":[{"embeddable":true,"href":"https:\/\/www.europesays.com\/de\/wp-json\/wp\/v2\/media\/1279548"}],"wp:attachment":[{"href":"https:\/\/www.europesays.com\/de\/wp-json\/wp\/v2\/media?parent=1279547"}],"wp:term":[{"taxonomy":"category","embeddable":true,"href":"https:\/\/www.europesays.com\/de\/wp-json\/wp\/v2\/categories?post=1279547"},{"taxonomy":"post_tag","embeddable":true,"href":"https:\/\/www.europesays.com\/de\/wp-json\/wp\/v2\/tags?post=1279547"}],"curies":[{"name":"wp","href":"https:\/\/api.w.org\/{rel}","templated":true}]}}