{"id":1279552,"date":"2026-09-04T06:14:19","date_gmt":"2026-09-04T06:14:19","guid":{"rendered":"https:\/\/www.europesays.com\/de\/1279552\/"},"modified":"2026-09-04T06:14:19","modified_gmt":"2026-09-04T06:14:19","slug":"ab-jetzt-koennt-ihr-euch-auf-netflix-auf-den-groessten-sci-fi-film-2026-vorbereiten","status":"publish","type":"post","link":"https:\/\/www.europesays.com\/de\/1279552\/","title":{"rendered":"Ab jetzt k\u00f6nnt ihr euch auf Netflix auf den gr\u00f6\u00dften Sci-Fi-Film 2026 vorbereiten"},"content":{"rendered":"<p>Alle Sci-Fi-Fans aufgepasst: Wenn ihr euch auf das wohl gr\u00f6\u00dfte Highlight des Jahres vorbereiten wollt, lohnt sich ein Blick auf Netflix.<\/p>\n<p>Wenn du \u00fcber diese Links einkaufst, erhalten wir eine Provision, die unsere<br \/>\nredaktionelle Arbeit unterst\u00fctzt. Der Preis f\u00fcr dich bleibt dabei<br \/>\nunver\u00e4ndert. Diese Affiliate-Links sind durch ein  Symbol<br \/>\ngekennzeichnet. \u00a0<a class=\"alice-affiliate-info__link\" href=\"https:\/\/www.kino.de\/erloesmodelle\/\" target=\"_blank\" rel=\"nofollow noopener\">Mehr erfahren.<\/a><\/p>\n<p>Am <strong>17. Dezember<\/strong> startet mit <a href=\"https:\/\/www.kino.de\/film\/dune-part-3\/\" rel=\"nofollow noopener\" target=\"_blank\">\u201eDune 3\u201c<\/a> der wohl gr\u00f6\u00dfte Science-Fiction-Film des Jahres. Viele Fans freuen sich schon auf gro\u00dfe Finale der <a href=\"https:\/\/www.kino.de\/film\/dune-2021\/\" rel=\"nofollow noopener\" target=\"_blank\">\u201eDune\u201c<\/a>-Trilogie von Regisseur Denis Villeneuve. <a href=\"https:\/\/siren.a.xafl.kino.de?t=https%3A%2F%2Fwww.amazon.de%2FDune-W%25C3%25BCstenplanet-Roman-%25C3%25BCbersetzt-Band%2Fdp%2F3453323130%2F&amp;s=https%3A%2F%2Fwww.kino.de%2F%3Adoc-redirect%2F%3Fcontent_id%3D96099f49-4a7c-4ccd-8c41-206111114386&amp;channel=website&amp;contentPieceId=96099f49-4a7c-4ccd-8c41-206111114386&amp;site=KINO&amp;deviceType=desktop&amp;affiliateOption=Text-link\" rel=\"nofollow noopener sponsored\" target=\"_blank\" class=\"smb-affiliate-link\" data-smb-track=\"display=Text-link&amp;t=affiliate&amp;href=https%3A%2F%2Fwww.amazon.de%2FDune-W%25C3%25BCstenplanet-Roman-%25C3%25BCbersetzt-Band%2Fdp%2F3453323130%2F\">Die Buchervefilmungen<\/a>\u00a0geh\u00f6ren wohl zu den beliebtesten und besten Filmen des Sci-Fi-Genres.<\/p>\n<p>Wenn ihr euch schon einmal auf \u201eDune 3\u201c vorbereiten wollt, k\u00f6nnt ihr euch den Vorg\u00e4nger <a href=\"https:\/\/www.kino.de\/film\/dune-2-2023\/\" rel=\"nofollow noopener\" target=\"_blank\">\u201eDune 2\u201c<\/a> auf <a href=\"https:\/\/www.netflix.com\/de\/title\/81602836\" rel=\"nofollow noopener\" target=\"_blank\">Netflix<\/a> ansehen. <strong>Seit<\/strong>\u00a0<strong>Donnerstag, den 3. September 2026, ist der Film auf dem Streamer im Abo<\/strong> verf\u00fcgbar.<\/p>\n<p>Ihr wollt euch selbst ein Bild von \u201eDune 2\u201c machen? Den Trailer zum Film seht ihr hier.<\/p>\n<p><img decoding=\"async\" class=\"alice-video-feed__placeholder-image\" fetchpriority=\"high\" alt=\"Dune 2 - Trailer 2 Deutsch\" title=\"Dune 2 - Trailer 2 Deutsch\" src=\"https:\/\/www.europesays.com\/de\/wp-content\/uploads\/2026\/09\/773d95c8fc128d57f0dd917bf9_cmUgMTIwMCAwAzFlN2RjYzg3ZDFm_dune-2-trailer-deutsch-thumbnail.jpg\" \/>Worum geht es in \u201eDune 2\u201c?<\/p>\n<p>\u201eDune 2\u201c schlie\u00dft nahtlos an das Ende <a href=\"https:\/\/www.kino.de\/film\/dune-2021\/\" rel=\"nofollow noopener\" target=\"_blank\">vom ersten Teil<\/a> an: Paul Atreides (Timoth\u00e9e Chalamet) hat sich nach dem \u00dcberfall der Harkonnen gemeinsam mit seiner Mutter (Rebecca Ferguson) den Fremen angeschlossen und schw\u00f6rt Rache.<\/p>\n<p>Doch zun\u00e4chst muss er das Leben in der W\u00fcste lernen, wobei ihm Chani (Zendaya) hilft. Schnell entwickelt sich zwischen den Beiden mehr als nur Freundschaft und Paul muss sich zwischen Liebe und seiner vermeintlichen Bestimmung entscheiden.<\/p>\n<p>F\u00fcr wen ist \u201eDune 2\u201c interessant?<\/p>\n<p>Fans von Sci-Fi-Filmen kommen um die \u201eDune\u201c-Filme eigentlich nicht herum. Bereits der erste Teil \u00fcberzeugte ebenso wie die Fortsetzung mit gro\u00dfen Bildern, bombastischer Musik und einem Cast voller Hollywood-Stars. Dar\u00fcber hinaus bieten die Filme auch eine spannende Geschichte voller Wendungen.<\/p>\n<p>Besonders in \u201eDune 2\u201c gibt es einige Handlungselemente und Charakterentwicklungen, die sich stark von vergleichbaren Filmen absetzen und die Zuschauer*innen fordern. Wer also Lust auf bildgewaltige und erwachsene Sci-Fi hat, sollte sich \u201eDune 2\u201c nicht entgehen lassen. Voraussetzung daf\u00fcr ist es aber nat\u00fcrlich den ersten Film der Reihe gesehen zu haben.<\/p>\n","protected":false},"excerpt":{"rendered":"Alle Sci-Fi-Fans aufgepasst: Wenn ihr euch auf das wohl gr\u00f6\u00dfte Highlight des Jahres vorbereiten wollt, lohnt sich ein&hellip;\n","protected":false},"author":2,"featured_media":1279553,"comment_status":"","ping_status":"","sticky":false,"template":"","format":"standard","meta":{"footnotes":"","_share_on_mastodon":"0"},"categories":[1771],"tags":[1778,29,214,30,95,1777,215],"class_list":["post-1279552","post","type-post","status-publish","format-standard","has-post-thumbnail","category-kino","tag-cinema","tag-deutschland","tag-entertainment","tag-germany","tag-kino","tag-movie","tag-unterhaltung"],"share_on_mastodon":{"url":"https:\/\/pubeurope.com\/@de\/117211304254281874","error":""},"_links":{"self":[{"href":"https:\/\/www.europesays.com\/de\/wp-json\/wp\/v2\/posts\/1279552","targetHints":{"allow":["GET"]}}],"collection":[{"href":"https:\/\/www.europesays.com\/de\/wp-json\/wp\/v2\/posts"}],"about":[{"href":"https:\/\/www.europesays.com\/de\/wp-json\/wp\/v2\/types\/post"}],"author":[{"embeddable":true,"href":"https:\/\/www.europesays.com\/de\/wp-json\/wp\/v2\/users\/2"}],"replies":[{"embeddable":true,"href":"https:\/\/www.europesays.com\/de\/wp-json\/wp\/v2\/comments?post=1279552"}],"version-history":[{"count":0,"href":"https:\/\/www.europesays.com\/de\/wp-json\/wp\/v2\/posts\/1279552\/revisions"}],"wp:featuredmedia":[{"embeddable":true,"href":"https:\/\/www.europesays.com\/de\/wp-json\/wp\/v2\/media\/1279553"}],"wp:attachment":[{"href":"https:\/\/www.europesays.com\/de\/wp-json\/wp\/v2\/media?parent=1279552"}],"wp:term":[{"taxonomy":"category","embeddable":true,"href":"https:\/\/www.europesays.com\/de\/wp-json\/wp\/v2\/categories?post=1279552"},{"taxonomy":"post_tag","embeddable":true,"href":"https:\/\/www.europesays.com\/de\/wp-json\/wp\/v2\/tags?post=1279552"}],"curies":[{"name":"wp","href":"https:\/\/api.w.org\/{rel}","templated":true}]}}