{"id":1279556,"date":"2026-09-04T06:16:23","date_gmt":"2026-09-04T06:16:23","guid":{"rendered":"https:\/\/www.europesays.com\/de\/1279556\/"},"modified":"2026-09-04T06:16:23","modified_gmt":"2026-09-04T06:16:23","slug":"das-bvb-transferfenster-ole-book-beeindruckt-gleich-mehrfach-doch-eine-baustelle-bleibt","status":"publish","type":"post","link":"https:\/\/www.europesays.com\/de\/1279556\/","title":{"rendered":"Das BVB-Transferfenster: Ole Book beeindruckt gleich mehrfach &#8211; doch eine Baustelle bleibt"},"content":{"rendered":"<p>Ole Book ist bei Borussia Dortmund noch kein halbes Jahr als Sportdirektor t\u00e4tig. Beim ersten von ihm verantworteten Transferfenster des BVB beeindruckte der 40-J\u00e4hrige aber gleich mehrfach.<\/p>\n<p>Als am Dienstagabend das Transferfenster in Deutschland schloss, war f\u00fcr Ole Book der offiziell 163. Tag als Sportdirektor von Borussia Dortmund beendet. Am 23. M\u00e4rz hatte der BVB den Nachfolger von Sebastian Kehl offiziell verpflichtet. Zwei Tage sp\u00e4ter sa\u00df er, laut eigener Aussage &#8222;nach drei Stunden und 15 Minuten im Amt&#8220; auf dem Podium auf seiner Antrittspressekonferenz, flankiert von den beiden Gesch\u00e4ftsf\u00fchrern Lars Ricken und Carsten Cramer.<\/p>\n<p><img loading=\"lazy\" decoding=\"async\" src=\"https:\/\/www.europesays.com\/de\/wp-content\/uploads\/2026\/09\/ffe09c8960a7445ea5b6f7b1ccdddf1b.gif\" width=\"1\" height=\"1\" alt=\"\" data-fco-pixel-tracker-url=\"https:\/\/www.europesays.com\/de\/wp-content\/uploads\/2026\/09\/ffe09c8960a7445ea5b6f7b1ccdddf1b.gif\" data-fco-pixel-tracker-type=\"vg-wort\"\/><\/p>\n<p>Book sagte damals folgenden Satz: &#8222;Flei\u00df ist die Basis des Scoutings, Scouting ist die Basis der Kaderplanung, die Kaderplanung ist die Basis des Erfolgs des BVB. Deshalb sollten wir erst einmal mit Flei\u00df anfangen.&#8220; Nun hat der 40-J\u00e4hrige seine erste Transferperiode bei den Westfalen hinter sich gebracht &#8211; und mit seiner Herangehensweise sowie den get\u00e4tigten Neueink\u00e4ufen m\u00e4chtig Eindruck hinterlassen.<\/p>\n<p>Z\u00e4hlt man den bereits vor zwei Jahren verpflichteten Justin Lerma dazu, der erst jetzt zum Team stie\u00df, gab es insgesamt 17 Transferbewegungen bei der Borussia. F\u00fcr knapp 110 Millionen Euro wurden sieben neue Spieler verpflichtet. Dem gegen\u00fcber stehen zehn Abg\u00e4nge, die rund 40 Millionen Euro einbrachten. Dazu hat man massig an Gehalt gespart, laut Sport Bild rund 20 Millionen Euro.<\/p>\n<p><img class=\"fco-image__image\" alt=\"Ole Book\"   loading=\"lazy\" decoding=\"async\" fetchpriority=\"auto\" width=\"1600\" height=\"900\" src=\"https:\/\/www.europesays.com\/de\/wp-content\/uploads\/2026\/09\/1788502581_976_1600.jpg\" style=\"aspect-ratio:1600 \/ 900;width:100%;height:100%\"\/>Getty ImagesOle Book beeindruckte in seinem ersten Transferfenster beim BVB <\/p>\n<p>In jeglicher Hinsicht also eine Menge Holz und viel Arbeit f\u00fcr Book, dem zusammen mit seinem Team um Referent David Blacha sowie den Scouts und Analysten ein sehr gutes Zeugnis ausgestellt werden kann. Zumindest f\u00fcr den Moment und auf dem Papier.<\/p>\n<p>Book beeindruckte dabei gleich mehrfach. Zwar ist die Ger\u00e4uschkulisse um den BVB in Sachen Transferger\u00fcchten seit Jahren beinahe unertr\u00e4glich hoch, doch bei den tats\u00e4chlich get\u00e4tigten Eink\u00e4ufen sickerte in fast allen F\u00e4llen kaum etwas allzu fr\u00fchzeitig durch. Das war in der Vergangenheit nur selten der Fall. &#8222;Ich freue mich, dass wir beim BVB die Reihen geschlossen halten, sodass nichts mehr nach au\u00dfen dringt&#8220;, sagte Book im Juli bei Sky und wunderte sich \u00fcber eine beachtliche &#8222;F\u00fclle an Falschinfos&#8220;.<\/p>\n<p>Das Auftreten des ehemaligen Elversbergers kommt zudem angenehm unaufgeregt daher. Book verzieht in seinen Interviews kaum eine Miene, bleibt stets gelassen, l\u00e4sst sich nicht in die Irre locken und moderiert alle Themen souver\u00e4n ab. Dennoch findet er auch deutliche Worte, wie etwa nach dem <a href=\"https:\/\/www.spox.com\/fussball\/news\/offiziell-bestaetigt-millionentransfer-von-said-el-mala-zum-bvb-ist-geplatzt\/blt498e8eb49061b6b3\" rel=\"nofollow noopener\" target=\"_blank\" data-affiliate-type=\"NONE\">gescheiterten Deal mit K\u00f6lns Said El Mala<\/a>.<\/p>\n<p>BVB: Die Zug\u00e4nge in der Saison 2026\/27<\/p>\n<tr>\n<td>\n<p><b><strong>Name<\/strong><\/b><\/p>\n<\/td>\n<td>\n<p><b><strong>abgebender Verein<\/strong><\/b><\/p>\n<\/td>\n<td>\n<p><b><strong>Alter<\/strong><\/b><\/p>\n<\/td>\n<td>\n<p><b><strong>Abl\u00f6sesumme<\/strong><\/b><\/p>\n<\/td>\n<\/tr>\n<tr>\n<td>\n<p>Konstantinos Karetsas<\/p>\n<\/td>\n<td>\n<p>KRC Genk<\/p>\n<\/td>\n<td>\n<p>18<\/p>\n<\/td>\n<td>\n<p>30 Millionen Euro<\/p>\n<\/td>\n<\/tr>\n<tr>\n<td>\n<p>Giannis Konstantelias<\/p>\n<\/td>\n<td>\n<p>PAOK Saloniki<\/p>\n<\/td>\n<td>\n<p>23<\/p>\n<\/td>\n<td>\n<p>26 Millionen Euro<\/p>\n<\/td>\n<\/tr>\n<tr>\n<td>\n<p>Joey Veerman<\/p>\n<\/td>\n<td>\n<p>PSV Eindhoven<\/p>\n<\/td>\n<td>\n<p>27<\/p>\n<\/td>\n<td>\n<p>22 Millionen Euro<\/p>\n<\/td>\n<\/tr>\n<tr>\n<td>\n<p>Joane Gadou<\/p>\n<\/td>\n<td>\n<p>FC Red Bull Salzburg<\/p>\n<\/td>\n<td>\n<p>19<\/p>\n<\/td>\n<td>\n<p>19,5 Millionen Euro<\/p>\n<\/td>\n<\/tr>\n<tr>\n<td>\n<p>Kaua Prates<\/p>\n<\/td>\n<td>\n<p>Cruzeiro Belo Horizonte<\/p>\n<\/td>\n<td>\n<p>18<\/p>\n<\/td>\n<td>\n<p>7 Millionen Euro<\/p>\n<\/td>\n<\/tr>\n<tr>\n<td>\n<p>Justin Lerma<\/p>\n<\/td>\n<td>\n<p>Independiente<\/p>\n<\/td>\n<td>\n<p>18<\/p>\n<\/td>\n<td>\n<p>4 Millionen Euro<\/p>\n<\/td>\n<\/tr>\n<tr>\n<td>\n<p>Ethan Nwaneri<\/p>\n<\/td>\n<td>\n<p>FC Arsenal <\/p>\n<\/td>\n<td>\n<p>19<\/p>\n<\/td>\n<td>\n<p>Leihe<\/p>\n<\/td>\n<\/tr>\n<p><img class=\"fco-image__image\" alt=\"OLE BOOK BORUSSIA DORTMUND \"   loading=\"lazy\" decoding=\"async\" fetchpriority=\"auto\" width=\"1920\" height=\"1080\" src=\"https:\/\/www.europesays.com\/de\/wp-content\/uploads\/2026\/09\/GettyImages-2270860263.jpg\" style=\"aspect-ratio:1920 \/ 1080;width:100%;height:100%\"\/>Getty ImagesOle Book zeigte sich beim BVB auf alle Transferszenarien vorbereitet<\/p>\n<p>&#8222;Ich bin \u00fcberhaupt nicht gl\u00fccklich mit dem Begriff &#8218;Plan B'&#8220;, sagte er damals. &#8222;Wir haben immer verschiedene Spielerprofile und Qualit\u00e4ten, die wir in unserer Mannschaft sehen m\u00f6chten und die auf unterschiedliche Weise zusammenpassen. Wir arbeiten Tag und Nacht daran. Ich w\u00fcrde die anderen Optionen auch nicht &#8218;Plan B&#8216;, &#8218;Plan C&#8216;, &#8218;Plan D&#8216; oder \u00c4hnliches nennen. Vielmehr haben wir einige Spieler im Blick, die unsere Mannschaft verst\u00e4rken k\u00f6nnten.&#8220;<\/p>\n<p>Genau dies ist der augenscheinlichste Unterschied zu Kehl. Book, der bei den Spielen wie sein Vorg\u00e4nger auf der Bank Platzt nimmt, zeigte sich auf alle Szenarien sehr gut vorbereitet. Kaum war die Sache mit El Mala vom Tisch, pr\u00e4sentierte der BVB nur Tage sp\u00e4ter mit Giannis Konstantelias und Joey Veerman zwei Spieler, die mehr als nur Alternativen darstellen. Den ersten Eindr\u00fccken nach zu urteilen, gelang mit dem vielfach begehrten Konstantinos Karetsas ein echter Coup, auch der bereits im Mai geholte Innenverteidiger Joane Gadou <a href=\"https:\/\/www.spox.com\/fussball\/news\/macht-er-kapitaen-emre-can-bald-ueberfluessig-ein-neues-kraftpaket-begeistert-beim-bvb\/bltdd214e6dc73e82f2\" rel=\"nofollow noopener\" target=\"_blank\" data-affiliate-type=\"NONE\">lie\u00df bereits gro\u00dfes Potenzial aufblitzen<\/a>. Selbst nach Konstantelias&#8216; Verletzung hatte Book unter Zeitdruck und in Not <a href=\"https:\/\/www.spox.com\/fussball\/news\/spektakulaere-transfer-wende-bvb-findet-ersatz-fuer-giannis-konstantelias\/blta49322a703b7f052\" rel=\"nofollow noopener\" target=\"_blank\" data-affiliate-type=\"NONE\">im 19-j\u00e4hrigen Marcel Regula (Zaglebie Lubin)<\/a> einen Backup in der Hinterhand, falls es mit der <a href=\"https:\/\/www.spox.com\/fussball\/news\/seine-letzte-leihe-endete-in-einem-fiasko-arsenals-rekord-talent-steht-beim-bvb-vor-der-reifepruefung\/blt2c6f7b9e8898c5e6\" rel=\"nofollow noopener\" target=\"_blank\" data-affiliate-type=\"NONE\">Leihe von Ethan Nwaneri<\/a> nicht geklappt h\u00e4tte.<\/p>\n<p>Auch bedingt durch die Weltmeisterschaft startete der Transfermarkt diesen Sommer ziemlich z\u00e4h. Es bewahrheitete sich ein weiteres Mal, dass er erst richtig loslegt, wenn in England Geld locker gemacht hat. Dann treten allerorts Dominoeffekte ein und es gehen wie zuletzt gesehen noch zahlreiche Transfers in den finalen Tagen \u00fcber die B\u00fchne.<\/p>\n<p><img class=\"fco-image__image\" alt=\"imago-sport-1081118399.jpg\"   loading=\"lazy\" decoding=\"async\" fetchpriority=\"auto\" width=\"4595\" height=\"3063\" src=\"https:\/\/www.europesays.com\/de\/wp-content\/uploads\/2026\/09\/1788502583_73_imago-image.jpeg\" style=\"aspect-ratio:4595 \/ 3063;width:100%;height:100%\"\/>IMAGOWelche Baustelle im Kader des BVB konnte Ole Book nicht schlie\u00dfen?<\/p>\n<p>Book hat sich von dieser speziellen Dynamik weder beeindrucken lassen, noch lie\u00df er sich in Verhandlungen treiben. Vielmehr handelte er stets konsequent: Bei El Mala und <a href=\"https:\/\/www.spox.com\/fussball\/news\/bei-hansi-flick-war-er-unerwuenscht-muss-sich-der-bvb-wegen-eines-verpassten-transfers-noch-aergern\/blt4117ca5708aa5aa3\" rel=\"nofollow noopener\" target=\"_blank\" data-affiliate-type=\"NONE\">dem anvisierten Deal mit Barcelonas Rechtsverteidiger Hector Fort<\/a> stieg der BVB jeweils aus, weil man die geforderten Konditionen schlicht nicht mitgehen wollte.<\/p>\n<p>Die nach der Leihe von Yan Couto offene L\u00fccke hinten rechts ist die einzige Baustelle, die die Dortmunder nicht schlie\u00dfen konnten. Julian Ryerson und Daniel Svensson sind zwar sehr verl\u00e4sslich und selten verletzt, doch im Fall der F\u00e4lle m\u00fcsste man auf dieser Position arg improvisieren.<\/p>\n<p>Davon ab hat Book aber einen Kader nach einem stringenten Plan gebaut &#8211; hier kommt das von ihm oft zitierte Stichwort &#8222;Passung&#8220; ins Spiel -, der einen guten Mix aus Erfahrung und Talent darstellt. Ein Kader, der kleiner geworden ist, weniger an Gehalt verschlingt und dennoch st\u00e4rker geworden sein m\u00fcsste. Und dies, ohne einen Spieler aus den europ\u00e4ischen Top-5-Ligen fest zu verpflichten. Dortmund hat jetzt wieder einige junge und hungrige Profis im Team, die gro\u00dfes Potenzial haben und Werte schaffen k\u00f6nnen, &#8222;sodass wir auch in Zukunft dauerhaft gut dastehen&#8220;, wie Book sagte.<\/p>\n<p><img class=\"fco-image__image\" alt=\"imago-sport-1082141479.jpg\"   loading=\"lazy\" decoding=\"async\" fetchpriority=\"auto\" width=\"2728\" height=\"1819\" src=\"https:\/\/www.europesays.com\/de\/wp-content\/uploads\/2026\/09\/1788502583_503_imago-image.jpeg\" style=\"aspect-ratio:2728 \/ 1819;width:100%;height:100%\"\/>IMAGOTransferfenster des BVB l\u00f6st bei Dortmunds Fans lang vermisste Euphorie aus<\/p>\n<p>Mit dieser neuen, alten Transferstrategie l\u00f6ste der BVB bei Fans und Umfeld eine lang vermisste und sehr herbeigesehnte Euphorie aus. Der Glaube, dass mit Book am Transfer-Steuer endlich wieder etwas zusammenwachsen k\u00f6nnte, er ist zur\u00fcck bei Schwarz-Gelb. Auch beim neutralen Beobachter sorgen die Neuen durchaus f\u00fcr viel Fantasie.<\/p>\n<p>Zu denen geh\u00f6rt Book nach lediglich f\u00fcnf Monaten Amtszeit gewisserma\u00dfen auch noch selbst. Naturgem\u00e4\u00df konnte er innerhalb einer Transferperiode nicht alle Probleme beseitigen, die sich im Kader angeh\u00e4uft haben. Macht Book aber mit seiner plausiblen Gesch\u00e4ftigkeit auf diese Weise weiter, d\u00fcrfte die Mannschaft der Dortmunder in einem Jahr kaum mehr etwas mit jener aus dem Sommer 2025 zu tun haben.<\/p>\n<p>&#8222;Es war nicht das Ziel, bei Borussia Dortmund zu arbeiten, sondern erfolgreich bei Borussia Dortmund zu arbeiten&#8220;, hatte Book im M\u00e4rz bei seiner Vorstellung auf eine Frage zu seiner nur f\u00fcr den BVB g\u00fcltigen Ausstiegsklausel gesagt. Damit steht und f\u00e4llt bei allem berechtigten Lob f\u00fcr sein erstes Transferfenster die endg\u00fcltige Bewertung von Books Arbeit. Denn der finale Teil seiner Antwort ist der entscheidende: &#8222;Dieses Ziel ist noch nicht erreicht.&#8220;<\/p>\n<p>BVB: Die Abg\u00e4nge in der Saison 2026\/27<\/p>\n<tr>\n<td>\n<p><b><strong>Name<\/strong><\/b><\/p>\n<\/td>\n<td>\n<p><b><strong>Alter<\/strong><\/b><\/p>\n<\/td>\n<td>\n<p><b><strong>aufnehmender Verein<\/strong><\/b><\/p>\n<\/td>\n<td>\n<p><b><strong>Abl\u00f6sesumme<\/strong><\/b><\/p>\n<\/td>\n<\/tr>\n<tr>\n<td>\n<p>Karim Adeyemi<\/p>\n<\/td>\n<td>\n<p>24<\/p>\n<\/td>\n<td>\n<p>FC Barcelona<\/p>\n<\/td>\n<td>\n<p>22 Millionen Euro<\/p>\n<\/td>\n<\/tr>\n<tr>\n<td>\n<p>Cole Campbell<\/p>\n<\/td>\n<td>\n<p>20<\/p>\n<\/td>\n<td>\n<p>SV Elversberg<\/p>\n<\/td>\n<td>\n<p>6 Millionen Euro<\/p>\n<\/td>\n<\/tr>\n<tr>\n<td>\n<p>Julien Duranville<\/p>\n<\/td>\n<td>\n<p>20<\/p>\n<\/td>\n<td>\n<p>Olympique Lyon<\/p>\n<\/td>\n<td>\n<p>5 Millionen Euro<\/p>\n<\/td>\n<\/tr>\n<tr>\n<td>\n<p>Yan Couto<\/p>\n<\/td>\n<td>\n<p>24<\/p>\n<\/td>\n<td>\n<p>Como 1907<\/p>\n<\/td>\n<td>\n<p>Leihgeb\u00fchr 3 Millionen Euro<\/p>\n<\/td>\n<\/tr>\n<tr>\n<td>\n<p>Kjell W\u00e4tjen<\/p>\n<\/td>\n<td>\n<p>20<\/p>\n<\/td>\n<td>\n<p>FC Midtjylland<\/p>\n<\/td>\n<td>\n<p>2,5 Millionen Euro<\/p>\n<\/td>\n<\/tr>\n<tr>\n<td>\n<p>Julian Brandt<\/p>\n<\/td>\n<td>\n<p>30<\/p>\n<\/td>\n<td>\n<p>Ajax Amsterdam<\/p>\n<\/td>\n<td>\n<p>abl\u00f6sefrei<\/p>\n<\/td>\n<\/tr>\n<tr>\n<td>\n<p>Salih \u00d6zcan<\/p>\n<\/td>\n<td>\n<p>28<\/p>\n<\/td>\n<td>\n<p>Besiktas<\/p>\n<\/td>\n<td>\n<p>abl\u00f6sefrei<\/p>\n<\/td>\n<\/tr>\n<tr>\n<td>\n<p>Diant Ramaj<\/p>\n<\/td>\n<td>\n<p>24<\/p>\n<\/td>\n<td>\n<p>FC Kopenhagen<\/p>\n<\/td>\n<td>\n<p>Leihe<\/p>\n<\/td>\n<\/tr>\n<tr>\n<td>\n<p>Almugera Kabar<\/p>\n<\/td>\n<td>\n<p>20<\/p>\n<\/td>\n<td>\n<p>NEC Nijmegen<\/p>\n<\/td>\n<td>\n<p>Leihe<\/p>\n<\/td>\n<\/tr>\n<tr>\n<td>\n<p>Niklas S\u00fcle<\/p>\n<\/td>\n<td>\n<p>30<\/p>\n<\/td>\n<td>\n<p>&#8211;<\/p>\n<\/td>\n<td>\n<p>Karriereende<\/p>\n<\/td>\n<\/tr>\n","protected":false},"excerpt":{"rendered":"Ole Book ist bei Borussia Dortmund noch kein halbes Jahr als Sportdirektor t\u00e4tig. Beim ersten von ihm verantworteten&hellip;\n","protected":false},"author":2,"featured_media":1217411,"comment_status":"","ping_status":"","sticky":false,"template":"","format":"standard","meta":{"footnotes":"","_share_on_mastodon":"0"},"categories":[136],"tags":[888,299,29,264035,2033,347,86194,30,217785,257968,216400,264034,4604,265],"class_list":["post-1279556","post","type-post","status-publish","format-standard","has-post-thumbnail","category-sport","tag-borussia-dortmund","tag-bundesliga","tag-deutschland","tag-e-nwaneri","tag-features","tag-fussball","tag-g-konstantelias","tag-germany","tag-j-gadou","tag-j-veerman","tag-k-karetsas","tag-n-book","tag-soccer","tag-sport"],"share_on_mastodon":{"url":"https:\/\/pubeurope.com\/@de\/117211315493163646","error":""},"_links":{"self":[{"href":"https:\/\/www.europesays.com\/de\/wp-json\/wp\/v2\/posts\/1279556","targetHints":{"allow":["GET"]}}],"collection":[{"href":"https:\/\/www.europesays.com\/de\/wp-json\/wp\/v2\/posts"}],"about":[{"href":"https:\/\/www.europesays.com\/de\/wp-json\/wp\/v2\/types\/post"}],"author":[{"embeddable":true,"href":"https:\/\/www.europesays.com\/de\/wp-json\/wp\/v2\/users\/2"}],"replies":[{"embeddable":true,"href":"https:\/\/www.europesays.com\/de\/wp-json\/wp\/v2\/comments?post=1279556"}],"version-history":[{"count":0,"href":"https:\/\/www.europesays.com\/de\/wp-json\/wp\/v2\/posts\/1279556\/revisions"}],"wp:featuredmedia":[{"embeddable":true,"href":"https:\/\/www.europesays.com\/de\/wp-json\/wp\/v2\/media\/1217411"}],"wp:attachment":[{"href":"https:\/\/www.europesays.com\/de\/wp-json\/wp\/v2\/media?parent=1279556"}],"wp:term":[{"taxonomy":"category","embeddable":true,"href":"https:\/\/www.europesays.com\/de\/wp-json\/wp\/v2\/categories?post=1279556"},{"taxonomy":"post_tag","embeddable":true,"href":"https:\/\/www.europesays.com\/de\/wp-json\/wp\/v2\/tags?post=1279556"}],"curies":[{"name":"wp","href":"https:\/\/api.w.org\/{rel}","templated":true}]}}