{"id":1279569,"date":"2026-09-04T06:24:32","date_gmt":"2026-09-04T06:24:32","guid":{"rendered":"https:\/\/www.europesays.com\/de\/1279569\/"},"modified":"2026-09-04T06:24:32","modified_gmt":"2026-09-04T06:24:32","slug":"aachen-brand-am-europahochhaus-feuerwehr-ist-im-einsatz","status":"publish","type":"post","link":"https:\/\/www.europesays.com\/de\/1279569\/","title":{"rendered":"Aachen: Brand am Europahochhaus \u2013 Feuerwehr ist im Einsatz"},"content":{"rendered":"<p>Brand am Morgen <\/p>\n<p>Feuerwehr r\u00fcckt zu h\u00f6chstem Wohnhaus in Aachen aus<\/p>\n<p>04.09.2026 &#8211; 07:37 UhrLesedauer: 1 Min.<\/p>\n<p><a href=\"#focus-0\" class=\"transition-colors block text-current relative\" data-sctrack=\"FocusGalleryImage.Reference\"><img fetchpriority=\"high\" data-testid=\"Opener.Image\"   loading=\"eager\" src=\"https:\/\/www.europesays.com\/de\/wp-content\/uploads\/2026\/09\/1788503071_258_image.jpg\" alt=\"Bildnummer: 56266136 Datum: 22.10.2011 Copyright: imago\/Hans Blossey Luftbild, Europaplatz , Springbrunnen, B1, alte Kaiserstrasse, Aachen, Rheinland, Deutschland, Nordrhein-Westfalen, Germany, Europa !ACHTUNGxMINDESTHONORARx60xEURO! Reisen GER xsp x0x 2011 quer Aachen Rheinland Deutschland Nordrhein-Westfalen Germany Europa Luftbild birds-eyes view Luftaufnahme Luftbildfotografie Luftfotografie overview \u00dcbersicht Vogelperspektive 56266136 Date 22 10 2011 Copyright Imago Hans Blossey Luftbild Europe Square Fountains B1 Old Kaiser street Aachen Rhineland Germany North Rhine Westphalia Germany Europe ACHTUNGxMINDESTHONORARx60xEURO Travel ger xsp x0x 2011 horizontal Aachen Rhineland Germany North Rhine Westphalia Germany Europe Luftbild Birds Eyes View Air intake Aerial photography Aerial photography overview Overview birds eye view\" title=\"Bildnummer: 56266136 Datum: 22.10.2011 Copyright: imago\/Hans Blossey Luftbild, Europaplatz , Springbrunnen, B1, alte Kaiserstrasse, Aachen, Rheinland, Deutschland, Nordrhein-Westfalen, Germany, Europa !ACHTUNGxMINDESTHONORARx60xEURO! Reisen GER xsp x0x 2011 quer Aachen Rheinland Deutschland Nordrhein-Westfalen Germany Europa Luftbild birds-eyes view Luftaufnahme Luftbildfotografie Luftfotografie overview \u00dcbersicht Vogelperspektive 56266136 Date 22 10 2011 Copyright Imago Hans Blossey Luftbild Europe Square Fountains B1 Old Kaiser street Aachen Rhineland Germany North Rhine Westphalia Germany Europe ACHTUNGxMINDESTHONORARx60xEURO Travel ger xsp x0x 2011 horizontal Aachen Rhineland Germany North Rhine Westphalia Germany Europe Luftbild Birds Eyes View Air intake Aerial photography Aerial photography overview Overview birds eye view\" width=\"1853\" height=\"1042\" class=\"bg-[url:var(--lqipURL)] bg-cover bg-center flex h-full w-full max-w-full\" style=\"--lqipURL:url('https:\/\/images.t-online.de\/2026\/09\/Zf13i9W7ZTOt\/0x96:1853x1042\/fit-in\/150x0\/filters:blur(25)\/image.jpg')\" decoding=\"async\"\/><img loading=\"lazy\" src=\"https:\/\/aachen.t-online.de\/s\/paper\/_next\/static\/media\/zoom-in.f7dae02f.svg\" alt=\"Vergr\u00f6\u00dfern des Bildes\" title=\"Vergr\u00f6\u00dfern des Bildes\" class=\"block h-[calc(var(--height)_\/_16_*_1rem)] w-[calc(var(--width)_\/_16_*_1rem)] max-w-none absolute right-8 bottom-8 rounded-4 bg-snow p-8\" style=\"--width:32;--height:32\" decoding=\"async\"\/><\/a><\/p>\n<p>Das Europahochhaus in Aachen (Archivbild): Einsatz am Freitagmorgen (Quelle: imago stock&amp;people)<\/p>\n<p class=\"font-bold text-18 leading-17 user-text-lg:text-22 user-text-xl:text-24\">Am Europahochhaus in Aachen ist am Freitagmorgen offenbar ein Feuer ausgebrochen. Bislang liegen kaum Informationen vor.<\/p>\n<p class=\"text-18 leading-17 user-text-lg:text-22 user-text-xl:text-24\">Die Feuerwehr ist am Freitagmorgen am Europahochhaus in der Joseph von G\u00f6rres Stra\u00dfe 49 in Aachen im Einsatz. Wie die Lageassistenz der Stadt Aachen mitteilte, m\u00fcssen die Einsatzkr\u00e4fte dort einen Brand l\u00f6schen.<\/p>\n<p class=\"text-18 leading-17 user-text-lg:text-22 user-text-xl:text-24\">Weitere Informationen liegen bislang nicht vor. Das Hochhaus liegt direkt am Europaplatz im Osten von Aachen und hat 23 Etagen. Es ist 72 Meter hoch und damit das h\u00f6chste Wohnhaus in Aachen.<\/p>\n","protected":false},"excerpt":{"rendered":"Brand am Morgen Feuerwehr r\u00fcckt zu h\u00f6chstem Wohnhaus in Aachen aus 04.09.2026 &#8211; 07:37 UhrLesedauer: 1 Min. Das&hellip;\n","protected":false},"author":2,"featured_media":1279570,"comment_status":"","ping_status":"","sticky":false,"template":"","format":"standard","meta":{"footnotes":"","_share_on_mastodon":"0"},"categories":[1853],"tags":[1424,3364,29,548,663,264039,3934,985,30,13,264040,14,15,1209,12],"class_list":["post-1279569","post","type-post","status-publish","format-standard","has-post-thumbnail","category-aachen","tag-aachen","tag-de","tag-deutschland","tag-eu","tag-europa","tag-europahochhaus","tag-europe","tag-feuerwehr","tag-germany","tag-headlines","tag-joseph-von-goerres","tag-nachrichten","tag-news","tag-nordrhein-westfalen","tag-schlagzeilen"],"share_on_mastodon":{"url":"","error":""},"_links":{"self":[{"href":"https:\/\/www.europesays.com\/de\/wp-json\/wp\/v2\/posts\/1279569","targetHints":{"allow":["GET"]}}],"collection":[{"href":"https:\/\/www.europesays.com\/de\/wp-json\/wp\/v2\/posts"}],"about":[{"href":"https:\/\/www.europesays.com\/de\/wp-json\/wp\/v2\/types\/post"}],"author":[{"embeddable":true,"href":"https:\/\/www.europesays.com\/de\/wp-json\/wp\/v2\/users\/2"}],"replies":[{"embeddable":true,"href":"https:\/\/www.europesays.com\/de\/wp-json\/wp\/v2\/comments?post=1279569"}],"version-history":[{"count":0,"href":"https:\/\/www.europesays.com\/de\/wp-json\/wp\/v2\/posts\/1279569\/revisions"}],"wp:featuredmedia":[{"embeddable":true,"href":"https:\/\/www.europesays.com\/de\/wp-json\/wp\/v2\/media\/1279570"}],"wp:attachment":[{"href":"https:\/\/www.europesays.com\/de\/wp-json\/wp\/v2\/media?parent=1279569"}],"wp:term":[{"taxonomy":"category","embeddable":true,"href":"https:\/\/www.europesays.com\/de\/wp-json\/wp\/v2\/categories?post=1279569"},{"taxonomy":"post_tag","embeddable":true,"href":"https:\/\/www.europesays.com\/de\/wp-json\/wp\/v2\/tags?post=1279569"}],"curies":[{"name":"wp","href":"https:\/\/api.w.org\/{rel}","templated":true}]}}