{"id":1279571,"date":"2026-09-04T06:26:20","date_gmt":"2026-09-04T06:26:20","guid":{"rendered":"https:\/\/www.europesays.com\/de\/1279571\/"},"modified":"2026-09-04T06:26:20","modified_gmt":"2026-09-04T06:26:20","slug":"wetter-kiel-schleswig-holstein-heute-gewitter-und-50-liter-regen-drohen","status":"publish","type":"post","link":"https:\/\/www.europesays.com\/de\/1279571\/","title":{"rendered":"Wetter Kiel \/ Schleswig-Holstein heute: Gewitter und 50 Liter Regen drohen"},"content":{"rendered":"<p>Kr\u00e4ftiger Wind und Starkregen <\/p>\n<p>Sturm zieht auf Kiel zu \u2013 DWD warnt<\/p>\n<p>04.09.2026 &#8211; 08:20 UhrLesedauer: 2 Min.<\/p>\n<p><a href=\"#focus-0\" class=\"transition-colors block text-current relative\" data-sctrack=\"FocusGalleryImage.Reference\"><img fetchpriority=\"high\" data-testid=\"Opener.Image\"   loading=\"eager\" src=\"https:\/\/www.europesays.com\/de\/wp-content\/uploads\/2026\/09\/kiel-germany-5th-january-2017-kiel-capital-of-schleswig-holstein-north-germany-after-storm-front-axe.jpeg\" alt=\"imago522091651\" title=\"imago522091651\" width=\"6000\" height=\"3375\" class=\"bg-[url:var(--lqipURL)] bg-cover bg-center flex h-full w-full max-w-full\" style=\"--lqipURL:url('https:\/\/images.t-online.de\/2026\/09\/zTjwHiAnldvR\/0x313:6000x3375\/fit-in\/150x0\/filters:blur(25)\/kiel-germany-5th-january-2017-kiel-capital-of-schleswig-holstein-north-germany-after-storm-front-axel-and-a-storm-tide-has-passed-away.jpg')\" decoding=\"async\"\/><img loading=\"lazy\" src=\"https:\/\/www.t-online.de\/s\/paper\/_next\/static\/media\/zoom-in.f7dae02f.svg\" alt=\"Vergr\u00f6\u00dfern des Bildes\" title=\"Vergr\u00f6\u00dfern des Bildes\" class=\"block h-[calc(var(--height)_\/_16_*_1rem)] w-[calc(var(--width)_\/_16_*_1rem)] max-w-none absolute right-8 bottom-8 rounded-4 bg-snow p-8\" style=\"--width:32;--height:32\" decoding=\"async\"\/><\/a><\/p>\n<p>Bew\u00f6lkter Himmel \u00fcber Kiel (Archivbild): Der DWD erwartet am Freitag kr\u00e4ftige B\u00f6en. Im S\u00fcden Schleswig-Holsteins besteht zudem Starkregenpotenzial. (Quelle: Copyright: xbjoerndx via imago-i\/imago)<\/p>\n<p><img loading=\"lazy\" src=\"https:\/\/www.t-online.de\/s\/paper\/_next\/static\/media\/audio-volume.6689034c.svg\" alt=\"\" title=\"\" class=\"block h-[calc(var(--height)_\/_16_*_1rem)] w-[calc(var(--width)_\/_16_*_1rem)] max-w-none group-hover:brightness-0 group-hover:invert\" style=\"--width:16;--height:16\" decoding=\"async\"\/>Vorlesen<\/p>\n<p>Aktuelle Zeit:0:00Gesamtdauer:0:00<\/p>\n<p>1x<img loading=\"lazy\" src=\"https:\/\/www.t-online.de\/s\/paper\/_next\/static\/media\/font-sizes.32942e33.svg\" alt=\"\" title=\"\" class=\"block h-[calc(var(--height)_\/_16_*_1rem)] w-[calc(var(--width)_\/_16_*_1rem)] max-w-none group-hover:hidden group-aria-expanded:hidden\" style=\"--width:16;--height:16\" decoding=\"async\"\/><img loading=\"lazy\" src=\"https:\/\/www.t-online.de\/s\/paper\/_next\/static\/media\/font-sizes-dark-mode.e382645c.svg\" alt=\"\" title=\"\" class=\"block h-[calc(var(--height)_\/_16_*_1rem)] w-[calc(var(--width)_\/_16_*_1rem)] max-w-none hidden group-hover:block group-aria-expanded:block\" style=\"--width:16;--height:16\" decoding=\"async\"\/><img loading=\"lazy\" src=\"https:\/\/www.t-online.de\/s\/paper\/_next\/static\/media\/sharing-menu-icon.1eb71368.svg\" alt=\"\" title=\"\" class=\"block h-[calc(var(--height)_\/_16_*_1rem)] w-[calc(var(--width)_\/_16_*_1rem)] max-w-none group-hover:brightness-0 group-hover:invert\" style=\"--width:16;--height:16\" decoding=\"async\"\/>Artikel teilen<\/p>\n<p class=\"font-bold text-18 leading-17 user-text-lg:text-22 user-text-xl:text-24\"><strong class=\"font-bold\">Kr\u00e4ftiger Wind, Regen und einzelne Gewitter: In Kiel wird es am Freitag deutlich ungem\u00fctlicher. Im S\u00fcden Schleswig-Holsteins drohen \u00f6rtlich erhebliche Regenmengen.<\/strong><\/p>\n<p class=\"text-18 leading-17 user-text-lg:text-22 user-text-xl:text-24\">Die angek\u00fcndigte Wetterversch\u00e4rfung erreicht Kiel an diesem Freitag (4. September). Tiefdruckgebiete und ihre Ausl\u00e4ufer sorgen nach Angaben des Deutschen Wetterdienstes (DWD) in Schleswig-Holstein f\u00fcr wechselhaftes und teils st\u00fcrmisches Wetter.<\/p>\n<p class=\"text-18 leading-17 user-text-lg:text-22 user-text-xl:text-24\">Ab dem Vormittag frischt der Wind auch im Binnenland und an der Ostsee deutlich auf. Der DWD erwartet dort Windb\u00f6en um 55 km\/h. Vereinzelt sind st\u00fcrmische B\u00f6en um 65 km\/h m\u00f6glich.<\/p>\n<p class=\"text-18 leading-17 user-text-lg:text-22 user-text-xl:text-24\">Am Nachmittag k\u00f6nnen vor allem in Schauern\u00e4he noch kr\u00e4ftigere B\u00f6en auftreten. An den K\u00fcsten bleibt der Wind auch am Abend l\u00e4nger ein Thema.<\/p>\n<p class=\"text-18 leading-17 user-text-lg:text-22 user-text-xl:text-24\">Gleichzeitig f\u00e4llt in Kiel Regen. Die DWD-Stationsprognose weist f\u00fcr die Landeshauptstadt bereits am Morgen Regen aus.<\/p>\n<p>Bis zu 50 Liter Regen in Schleswig-Holstein<\/p>\n<p class=\"text-18 leading-17 user-text-lg:text-22 user-text-xl:text-24\">Deutlich gr\u00f6\u00dfere Regenmengen sind vor allem f\u00fcr den S\u00fcden Schleswig-Holsteins und den Raum Hamburg m\u00f6glich. Dort rechnet der DWD zeitweise mit Starkregen zwischen 20 und 35 Litern pro Quadratmeter innerhalb von sechs Stunden.<\/p>\n<p class=\"text-18 leading-17 user-text-lg:text-22 user-text-xl:text-24\">Vereinzelt sind sogar Mengen bis 50 Liter pro Quadratmeter in sechs Stunden nicht ganz ausgeschlossen. Der Wetterdienst ordnet solche Spitzenwerte als m\u00f6gliche Unwetterlage ein.<\/p>\n<p class=\"text-18 leading-17 user-text-lg:text-22 user-text-xl:text-24\">F\u00fcr Kiel selbst sind diese 50 Liter allerdings nicht prognostiziert. Die h\u00f6chsten Regenmengen gelten ausdr\u00fccklich f\u00fcr den S\u00fcden des Landes und den Raum Hamburg.<\/p>\n<p class=\"text-18 leading-17 user-text-lg:text-22 user-text-xl:text-24\">Zus\u00e4tzlich sind am Freitag einzelne starke Gewitter m\u00f6glich. Der DWD h\u00e4lt dabei Starkregen um 20 Liter pro Quadratmeter innerhalb einer Stunde, kleinen Hagel und Sturmb\u00f6en um 85 km\/h f\u00fcr m\u00f6glich. Die Wahrscheinlichkeit solcher kr\u00e4ftigen Gewitter stuft der Wetterdienst allerdings als gering ein.<\/p>\n<p class=\"text-18 leading-17 user-text-lg:text-22 user-text-xl:text-24\">Am Abend l\u00e4sst der Wind im Binnenland zeitweise nach. An den K\u00fcsten bleibt es dagegen l\u00e4nger windig.<\/p>\n<p class=\"text-18 leading-17 user-text-lg:text-22 user-text-xl:text-24\">Auch am Samstag bleibt das Wetter unruhig: Der Wind greift tags\u00fcber erneut auf das Binnenland \u00fcber. Vor allem im \u00e4u\u00dfersten Norden Schleswig-Holsteins sind dann lokal kurze starke Gewitter mit Sturmb\u00f6en um 80 km\/h und kleinem Hagel m\u00f6glich.<\/p>\n","protected":false},"excerpt":{"rendered":"Kr\u00e4ftiger Wind und Starkregen Sturm zieht auf Kiel zu \u2013 DWD warnt 04.09.2026 &#8211; 08:20 UhrLesedauer: 2 Min.&hellip;\n","protected":false},"author":2,"featured_media":1279572,"comment_status":"","ping_status":"","sticky":false,"template":"","format":"standard","meta":{"footnotes":"","_share_on_mastodon":"0"},"categories":[1852],"tags":[722,19636,3364,950,29,4906,548,663,3934,30,19634,692,13,4949,14,15,2852,26246,12,1971],"class_list":["post-1279571","post","type-post","status-publish","format-standard","has-post-thumbnail","category-kiel","tag-722","tag-boee","tag-de","tag-deutscher-wetterdienst","tag-deutschland","tag-dwd","tag-eu","tag-europa","tag-europe","tag-germany","tag-gewitter","tag-hamburg","tag-headlines","tag-kiel","tag-nachrichten","tag-news","tag-ostsee","tag-regenmenge","tag-schlagzeilen","tag-schleswig-holstein"],"share_on_mastodon":{"url":"https:\/\/pubeurope.com\/@de\/117211354170383878","error":""},"_links":{"self":[{"href":"https:\/\/www.europesays.com\/de\/wp-json\/wp\/v2\/posts\/1279571","targetHints":{"allow":["GET"]}}],"collection":[{"href":"https:\/\/www.europesays.com\/de\/wp-json\/wp\/v2\/posts"}],"about":[{"href":"https:\/\/www.europesays.com\/de\/wp-json\/wp\/v2\/types\/post"}],"author":[{"embeddable":true,"href":"https:\/\/www.europesays.com\/de\/wp-json\/wp\/v2\/users\/2"}],"replies":[{"embeddable":true,"href":"https:\/\/www.europesays.com\/de\/wp-json\/wp\/v2\/comments?post=1279571"}],"version-history":[{"count":0,"href":"https:\/\/www.europesays.com\/de\/wp-json\/wp\/v2\/posts\/1279571\/revisions"}],"wp:featuredmedia":[{"embeddable":true,"href":"https:\/\/www.europesays.com\/de\/wp-json\/wp\/v2\/media\/1279572"}],"wp:attachment":[{"href":"https:\/\/www.europesays.com\/de\/wp-json\/wp\/v2\/media?parent=1279571"}],"wp:term":[{"taxonomy":"category","embeddable":true,"href":"https:\/\/www.europesays.com\/de\/wp-json\/wp\/v2\/categories?post=1279571"},{"taxonomy":"post_tag","embeddable":true,"href":"https:\/\/www.europesays.com\/de\/wp-json\/wp\/v2\/tags?post=1279571"}],"curies":[{"name":"wp","href":"https:\/\/api.w.org\/{rel}","templated":true}]}}