{"id":1279575,"date":"2026-09-04T06:28:16","date_gmt":"2026-09-04T06:28:16","guid":{"rendered":"https:\/\/www.europesays.com\/de\/1279575\/"},"modified":"2026-09-04T06:28:16","modified_gmt":"2026-09-04T06:28:16","slug":"gebaeudebrand-in-querum-rauch-zieht-in-richtung-a2","status":"publish","type":"post","link":"https:\/\/www.europesays.com\/de\/1279575\/","title":{"rendered":"Geb\u00e4udebrand in Querum: Rauch zieht in Richtung A2"},"content":{"rendered":"<p class=\"datum\">04.09.2026, 07:05 Uhr<\/p>\n<p><strong>Braunschweig. In den fr\u00fchen Morgenstunden ist in Querum ein Geb\u00e4ude in der N\u00e4he der Forststra\u00dfe in Brand geraten. Die Feuerwehr ist mit Einsatzkr\u00e4ften vor Ort. Es kommt zu einer starken Rauchentwicklung.<br \/><\/strong><br \/>\n<\/p>\n<p>Alarmiert wurden die Kr\u00e4fte in den Habichtweg um kurz nach 6 Uhr mit dem Stichwort &#8222;Brand gro\u00df mit Menschenleben in Gefahr&#8220;. Nach Angaben der <a class=\"redlink\" href=\"https:\/\/regionalheute.de\/blaulicht\/\" rel=\"nofollow noopener\" target=\"_blank\">Polizei<\/a> Braunschweig hat sich eine starke Rauchentwicklung gebildet. Zun\u00e4chst gab es keine Beeintr\u00e4chtigungen f\u00fcr Anwohner oder den umliegenden Verkehr. Inzwischen hat sich die Situation ver\u00e4ndert.<\/p>\n<p>Rauch zieht Richtung Autobahn<\/p>\n<p>Der Rauch zieht in Richtung A2. Zwischen dem Flughafen Braunschweig-Wolfsburg und dem Autobahnkreuz Braunschweig-Nord kann es dadurch zu Sichtbehinderungen kommen. Auch \u00fcber die Warn-App NINA wurde informiert und dazu geraten, Fenster und T\u00fcren geschlossen zu halten. <\/p>\n<p>Weitere Informationen zum Brand und zur m\u00f6glichen Ursache liegen derzeit noch nicht vor.<\/p>\n","protected":false},"excerpt":{"rendered":"04.09.2026, 07:05 Uhr Braunschweig. In den fr\u00fchen Morgenstunden ist in Querum ein Geb\u00e4ude in der N\u00e4he der Forststra\u00dfe&hellip;\n","protected":false},"author":2,"featured_media":1279576,"comment_status":"","ping_status":"","sticky":false,"template":"","format":"standard","meta":{"footnotes":"","_share_on_mastodon":"0"},"categories":[1850],"tags":[6429,3364,29,548,663,3934,30,13,14,15,1411,12],"class_list":["post-1279575","post","type-post","status-publish","format-standard","has-post-thumbnail","category-braunschweig","tag-braunschweig","tag-de","tag-deutschland","tag-eu","tag-europa","tag-europe","tag-germany","tag-headlines","tag-nachrichten","tag-news","tag-niedersachsen","tag-schlagzeilen"],"share_on_mastodon":{"url":"https:\/\/pubeurope.com\/@de\/117211359016242485","error":""},"_links":{"self":[{"href":"https:\/\/www.europesays.com\/de\/wp-json\/wp\/v2\/posts\/1279575","targetHints":{"allow":["GET"]}}],"collection":[{"href":"https:\/\/www.europesays.com\/de\/wp-json\/wp\/v2\/posts"}],"about":[{"href":"https:\/\/www.europesays.com\/de\/wp-json\/wp\/v2\/types\/post"}],"author":[{"embeddable":true,"href":"https:\/\/www.europesays.com\/de\/wp-json\/wp\/v2\/users\/2"}],"replies":[{"embeddable":true,"href":"https:\/\/www.europesays.com\/de\/wp-json\/wp\/v2\/comments?post=1279575"}],"version-history":[{"count":0,"href":"https:\/\/www.europesays.com\/de\/wp-json\/wp\/v2\/posts\/1279575\/revisions"}],"wp:featuredmedia":[{"embeddable":true,"href":"https:\/\/www.europesays.com\/de\/wp-json\/wp\/v2\/media\/1279576"}],"wp:attachment":[{"href":"https:\/\/www.europesays.com\/de\/wp-json\/wp\/v2\/media?parent=1279575"}],"wp:term":[{"taxonomy":"category","embeddable":true,"href":"https:\/\/www.europesays.com\/de\/wp-json\/wp\/v2\/categories?post=1279575"},{"taxonomy":"post_tag","embeddable":true,"href":"https:\/\/www.europesays.com\/de\/wp-json\/wp\/v2\/tags?post=1279575"}],"curies":[{"name":"wp","href":"https:\/\/api.w.org\/{rel}","templated":true}]}}