{"id":1279586,"date":"2026-09-04T06:35:12","date_gmt":"2026-09-04T06:35:12","guid":{"rendered":"https:\/\/www.europesays.com\/de\/1279586\/"},"modified":"2026-09-04T06:35:12","modified_gmt":"2026-09-04T06:35:12","slug":"schlosslichtspiele-mit-neuen-shows-ab-dem-5-september","status":"publish","type":"post","link":"https:\/\/www.europesays.com\/de\/1279586\/","title":{"rendered":"SCHLOSSLICHTSPIELE mit neuen Shows ab dem 5. September"},"content":{"rendered":"<p>Nachdem das SCHLOSSLICHTSPIELE Light Festival 2026 mitten in der letzten Hitzewelle gestartet ist, pr\u00e4gten wechselhaftes Wetter und Regen die folgenden Abende. Nichtsdestotrotz ist auch die nunmehr zw\u00f6lfte Saison der Karlsruher Medienkunstfestivals ein echter Publikumsmagnet \u2013 \u00fcber 135.000 Besucherinnen und Besucher kamen in den ersten beiden Wochen ans Karlsruher Schloss.<\/p>\n<p>Auch die Installation \u201eEcho einer Ordnung\u201c in der Evangelischen Stadtkirche erfreute sich regen Zuspruchs: Gut 6.000 Menschen schauten sich bislang das audiovisuelle Werk von Nikolaus V\u00f6lzow an, das sich mit der Arbeit des Karlsruher Stadtbaumeisters und Architekten der Stadtkirche Friedrich Weinbrenner auseinandersetzt.<\/p>\n<p>Bis zum Sonntag, 13. September 2026, erstrahlt die Fassade des Karlsruher Schlosses allabendlich mit Einbruch der D\u00e4mmerung. In dieser Woche geht es um 20.30 Uhr los, in der letzten Woche (vom 7. bis 13.9.) bereits um 20.15 Uhr.<\/p>\n<p>Neue Show f\u00fcr letzte Spielwoche<\/p>\n<p>Ab dem 5. September ist zudem eine weitere Premiere auf dem Schloss zu sehen. Zum zweiten Mal lud das ZKM zur internationalen Summer School \u201eTIME\u00b3\u201c ein: 14 ausgew\u00e4hlte internationale Kreative haben unter Anleitung des renommierten multidisziplin\u00e4ren Kollektivs ruestungsschmie.de innerhalb von drei Wochen am ZKM eine neue Show kreiert, die unter dem Titel \u201eTIME\u00b3 X !lli\u201c (koreanisch \uc77c\ub9ac = Sinn) am Samstag, 5. September um 21 Uhr ihre Premiere feiert. Unterst\u00fctzung erhielten die Teilnehmenden dabei auch von Expertinnen und Experten der Szene sowie von K\u00fcnstlerinnen und K\u00fcnstlern, die bereits Erfahrungen mit den SCHLOSSLICHTSPIELEN Karlsruhe haben.<\/p>\n<p>Die Berufsfeuerwehr Karlsruhe kommt noch einmal<\/p>\n<p>Dem 100-j\u00e4hrigen Jubil\u00e4um der Berufsfeuerwehr Karlsruhe widmet sich die Show \u201eOn Fire\u201c des Karlsruher K\u00fcnstlers Jonas Denzel. Nach dem \u00fcberraschenden Live-Auftritt der Berufsretter am Premierenabend wird die Feuerwehr ein weiteres Mal mit Einsatzkr\u00e4ften und Fahrzeugen aktiver Teil der Inszenierung am Schloss sein, n\u00e4mlich am Samstag, den 12. September.<\/p>\n<p>Media Art is here \u2013 Medienkunst im ganzen Stadtraum<\/p>\n<p>Ebenfalls bis zum 13. September sind die Medienkunstwerke und Installationen des SCHLOSSLICHTSPIELE Light Festivals und der Ausstellung der Ausstellung \u201eMedia art is here\u201c im Karlsruher Stadtraum zu sehen. Vom Marktplatz \u00fcber den Alten Flugplatz bis an die Alb laden insgesamt 15 Werke, darunter an zentraler Stelle etwa die \u201ePyramide von morgen\u201c (Norina Quinte) auf dem Marktplatz und das Verkehrsschilder-Gedicht \u201eOne way or another\u201c (Tom Biddulph) in der Karl-Friedrich-Stra\u00dfe, dazu ein, Karlsruhe durch Licht- und Medienkunst neu zu entdecken.<\/p>\n<p>Musik und Weinbrenner in der Kirche<\/p>\n<p>Rund um die Installation \u201eEcho einer Ordnung\u201c von Nikolaus V\u00f6lzow in der Evangelischen Stadtkirche laden der Freundeskreis der SCHLOSSLICHTSPIELE e.V. und die Citykirche zur Konzertreihe \u201eKlangkaleidoskop\u201c ein. Am Donnerstag, 10. September, erkundet das Duo Leslie Thom\u00e9 (Fl\u00f6te &amp; Altfl\u00f6te) und Frank Thom\u00e9 (Vibraphon, Gongs, Metall Percussion und Trommeln) den sakralen Raum mit archaischen Kl\u00e4ngen und bewegt sich dabei im Spannungsfeld von sehr alten und neuen Kompositionen. Beginn ist jeweils im 18.30 Uhr, der Eintritt ist frei. Im Anschluss an die Konzerte startet die Installation \u201eEcho einer Ordnung\u201c. Am 8. September um 19 Uhr gibt Dr. Ulrich Maximilian Schumann tiefere Einblicke in das Werk Friedrich Weinbrenners in seinem Vortrag \u201eWeinbrenners R\u00e4ume. Licht- und Schattenspiele\u201c. Zudem ist in der Krypta der Stadtkirche die Ausstellung \u201eWeinbrenner \u2013 Architekt und Stadtplaner\u201c montags bis freitags von 17 bis 19 Uhr und samstags von 16 bis 18 Uhr zu besichtigen.<\/p>\n<p>SCHLOSSLICHTSPIELE Karlsruhe zu Gast im efino Club<\/p>\n<p>Im Rahmen der diesj\u00e4hrigen SCHLOSSLICHTSPIELE Karlsruhe pr\u00e4sentiert der elfino Club in der Kaiserpassage gemeinsam mit dem ZKM | Zentrum f\u00fcr Kunst und Medien eine digitale Bildkunstausstellung: Auf rund 200 Quadratmetern hochaufl\u00f6sender LED-W\u00e4nde werden Shows der SCHLOSSLICHTSPIELE auf neue Art erlebbar. Die Ausstellung ist mittwochs und freitags von 14 bis 18 Uhr im elfino Club, Kaiserpassage 6, zu sehen \u2013 der Eintritt ist frei.<\/p>\n","protected":false},"excerpt":{"rendered":"Nachdem das SCHLOSSLICHTSPIELE Light Festival 2026 mitten in der letzten Hitzewelle gestartet ist, pr\u00e4gten wechselhaftes Wetter und Regen&hellip;\n","protected":false},"author":2,"featured_media":1279587,"comment_status":"","ping_status":"","sticky":false,"template":"","format":"standard","meta":{"footnotes":"","_share_on_mastodon":"0"},"categories":[1844],"tags":[242,1634,3364,29,30,8903,254757,105190,264041,26629],"class_list":["post-1279586","post","type-post","status-publish","format-standard","has-post-thumbnail","category-karlsruhe","tag-242","tag-baden-wuerttemberg","tag-de","tag-deutschland","tag-germany","tag-karlsruhe","tag-media-art-is-here","tag-schlosslichtspiele","tag-schlosslichtspiele-light-festival","tag-spielzeiten"],"share_on_mastodon":{"url":"https:\/\/pubeurope.com\/@de\/117211386869602949","error":""},"_links":{"self":[{"href":"https:\/\/www.europesays.com\/de\/wp-json\/wp\/v2\/posts\/1279586","targetHints":{"allow":["GET"]}}],"collection":[{"href":"https:\/\/www.europesays.com\/de\/wp-json\/wp\/v2\/posts"}],"about":[{"href":"https:\/\/www.europesays.com\/de\/wp-json\/wp\/v2\/types\/post"}],"author":[{"embeddable":true,"href":"https:\/\/www.europesays.com\/de\/wp-json\/wp\/v2\/users\/2"}],"replies":[{"embeddable":true,"href":"https:\/\/www.europesays.com\/de\/wp-json\/wp\/v2\/comments?post=1279586"}],"version-history":[{"count":0,"href":"https:\/\/www.europesays.com\/de\/wp-json\/wp\/v2\/posts\/1279586\/revisions"}],"wp:featuredmedia":[{"embeddable":true,"href":"https:\/\/www.europesays.com\/de\/wp-json\/wp\/v2\/media\/1279587"}],"wp:attachment":[{"href":"https:\/\/www.europesays.com\/de\/wp-json\/wp\/v2\/media?parent=1279586"}],"wp:term":[{"taxonomy":"category","embeddable":true,"href":"https:\/\/www.europesays.com\/de\/wp-json\/wp\/v2\/categories?post=1279586"},{"taxonomy":"post_tag","embeddable":true,"href":"https:\/\/www.europesays.com\/de\/wp-json\/wp\/v2\/tags?post=1279586"}],"curies":[{"name":"wp","href":"https:\/\/api.w.org\/{rel}","templated":true}]}}