{"id":1279588,"date":"2026-09-04T06:36:19","date_gmt":"2026-09-04T06:36:19","guid":{"rendered":"https:\/\/www.europesays.com\/de\/1279588\/"},"modified":"2026-09-04T06:36:19","modified_gmt":"2026-09-04T06:36:19","slug":"beim-polder-bellenkopf-rappenwoert-in-karlsruhe-gehts-jetzt-in-die-naechste-runde","status":"publish","type":"post","link":"https:\/\/www.europesays.com\/de\/1279588\/","title":{"rendered":"Beim Polder Bellenkopf\/Rappenw\u00f6rt in Karlsruhe geht\u2018s jetzt in die n\u00e4chste Runde"},"content":{"rendered":"<p class=\"mb-6 text-xs-varying md:text-m lg:text-l font-serif group-[.font-sans]:font-sans \">\n    Der Hochwasserschutz am Oberrhein nimmt weiter Form an:<strong class=\"font-bold\"> Ab Mitte September 2026 starten in <a href=\"https:\/\/www.ka-news.de\/karlsruhe\" target=\"_self\" class=\"underline \" rel=\"nofollow noopener\">Karlsruhe<\/a>-Daxlanden neue Arbeiten f\u00fcr den R\u00fcckhalteraum Bellenkopf\/Rappenw\u00f6rt<\/strong>. <strong class=\"font-bold\">Am Waidweg m\u00fcssen sich Anwohner und Spazierg\u00e4nger auf Baustellenverkehr und Sperrungen einstellen.<\/strong> Der komplette Polder darf aber noch nicht gebaut werden. Das teilt das Regierungspr\u00e4sidium Karlsruhe (RP) am 31. August mit.\n  <\/p>\n<p>            Regierungspr\u00e4sidium Karlsruhe startet Arbeiten n\u00f6rdlich des Waidwegs<\/p>\n<p class=\"mb-6 text-xs-varying md:text-m lg:text-l font-serif group-[.font-sans]:font-sans \">\n    Das Regierungspr\u00e4sidium Karlsruhe <strong class=\"font-bold\">l\u00e4sst ab Mitte September 2026 neue Vorarbeiten n\u00f6rdlich des Waidwegs durchf\u00fchren.<\/strong> Zwischen dem bestehenden Hochwasserdamm und dem Umspannwerk Daxlanden werden Leerrohre verlegt. Durch diese Rohre sollen sp\u00e4ter mehrere 110-Kilovolt-Erdkabel gef\u00fchrt werden.<strong class=\"font-bold\"> Deshalb muss die Stra\u00dfe w\u00e4hrend der Arbeiten zeitweise halbseitig gesperrt werden.<\/strong> Parallel werden mehrere, bereits genehmigte Bau-Ma\u00dfnahmen umgesetzt, die f\u00fcr den eigentlichen Polders n\u00f6tig sind.\n  <\/p>\n<p>    <img decoding=\"async\" src=\"https:\/\/images.mgpd.de\/img\/109816927\/crop\/c16_9-w100\/1562442747\/1071728667\/geplanter-hochwasserrueckhalteraum-bellenkopfrappenwoert.jpg\" alt=\"Hier soll der geplante Polder entstehen.\" title=\"Hier soll der geplante Polder entstehen.\" loading=\"lazy\" class=\"h-full w-full object-cover\"\/><\/p>\n<p>      Icon vergr\u00f6\u00dfern<\/p>\n<p>    Hier soll der geplante Polder entstehen.<br \/>\n    Foto: Regierungspr\u00e4sidium Karlsruhe<\/p>\n<p>        Schlie\u00dfen <\/p>\n<p>      Icon Schlie\u00dfen<\/p>\n<p>        Icon vergr\u00f6\u00dfern<\/p>\n<p>        Icon verkleinern<\/p>\n<p>      Icon Pfeil bewegen<\/p>\n<p>    Hier soll der geplante Polder entstehen.<br \/>\n    Foto: Regierungspr\u00e4sidium Karlsruhe<\/p>\n<p class=\"mb-6 text-xs-varying md:text-m lg:text-l font-serif group-[.font-sans]:font-sans \">\n    \u201eSo werden ein Unterhaltungsweg f\u00fcr den sp\u00e4teren Damm, ein Holzlagerplatz sowie eine Baustelleneinrichtungsfl\u00e4che f\u00fcr die Errichtung des Pumpwerks Nord erstellt. Indem diese Arbeiten bereits jetzt durchgef\u00fchrt werden, k\u00f6nnen Synergieeffekte genutzt und die Arbeiten beschleunigt werden\u201c, teilt das RP mit.\n  <\/p>\n<p class=\"mb-6 text-xs-varying md:text-m lg:text-l font-serif group-[.font-sans]:font-sans \">\n    <strong class=\"font-bold\">Die Arbeiten sollen laut Regierungspr\u00e4sidium voraussichtlich im Dezember 2026 fertig sein. Bis dahin sei vor allem rund um den Waidweg mit deutlich mehr Baustellenverkehr zu rechnen.<\/strong>\n  <\/p>\n<p>            Der Polder soll bei Rhein-Hochwasser helfen<\/p>\n<p class=\"mb-6 text-xs-varying md:text-m lg:text-l font-serif group-[.font-sans]:font-sans \">\n    <a href=\"https:\/\/www.ka-news.de\/region\/karlsruhe\/baeume-faellen-fuer-den-hochwasserschutz-der-aktuelle-stand-des-polders-bellenkopfrappenwoert-art-3194871\" target=\"_self\" class=\"underline \" rel=\"nofollow noopener\">Der R\u00fcckhalteraum Bellenkopf\/Rappenw\u00f6rt ist ein gro\u00dfes Hochwasserschutzprojekt am Oberrhein<\/a>. Er soll Wasser aus dem Rhein aufnehmen, wenn der Pegel bei Hochwasser steigt. Bis zu\u00a014 Millionen Kubikmeter Rheinhochwasser\u00a0soll der R\u00fcckhalteraum k\u00fcnftig zur\u00fcckhalten k\u00f6nnen, um so St\u00e4dte und Gemeinden flussabw\u00e4rts besser zu sch\u00fctzen.\n  <\/p>\n<p class=\"mb-6 text-xs-varying md:text-m lg:text-l font-serif group-[.font-sans]:font-sans \">\n    <strong class=\"font-bold\">Das Projekt geh\u00f6rt zum<a href=\"https:\/\/rp.baden-wuerttemberg.de\/themen\/wasserboden\/irp\/informationsmaterial#:~:text=Polder&amp;text=Bellenkopf&amp;fromSearch=1\" rel=\"nofollow noopener\" target=\"_blank\" class=\"underline \"> Integrierten Rheinprogramm<\/a>. Insgesamt sollen am Oberrhein 13 solcher R\u00fcckhalter\u00e4ume entstehen. <\/strong>Grundlage daf\u00fcr ist ein deutsch-franz\u00f6sischer Vertrag aus dem Jahr 1982.\n  <\/p>\n<p>    <img decoding=\"async\" src=\"https:\/\/www.europesays.com\/de\/wp-content\/uploads\/2026\/09\/hochwasser-am-rhein-bei-karlsruhe.jpg\" alt=\"Hochwasser bei Karlsruhe\" title=\"Hochwasser bei Karlsruhe\" loading=\"lazy\" class=\"h-full w-full object-cover\"\/><\/p>\n<p>      Icon vergr\u00f6\u00dfern<\/p>\n<p>    Hochwasser bei Karlsruhe<br \/>\n    Foto: Thomas Riedel (Archivbild)<\/p>\n<p>        Schlie\u00dfen <\/p>\n<p>      Icon Schlie\u00dfen<\/p>\n<p>        Icon vergr\u00f6\u00dfern<\/p>\n<p>        Icon verkleinern<\/p>\n<p>      Icon Pfeil bewegen<\/p>\n<p>    Hochwasser bei Karlsruhe<br \/>\n    Foto: Thomas Riedel (Archivbild)<\/p>\n<p>            Warum der komplette Bau bisher nicht starten kann<\/p>\n<p class=\"mb-6 text-xs-varying md:text-m lg:text-l font-serif group-[.font-sans]:font-sans \">\n    Der Bau des Polders ist rechtlich noch nicht vollst\u00e4ndig gekl\u00e4rt. A<strong class=\"font-bold\"><a href=\"https:\/\/www.ka-news.de\/region\/karlsruhe\/hochwasserschutz-in-karlsruhe-mammut-polder-projekt-in-rappenwoert-soll-starten-aber-wann-art-2610230\" target=\"_self\" class=\"underline \" rel=\"nofollow noopener\">n einigen Punkten muss nachgebessert werden. Das bedeutet aber nicht das Aus f\u00fcr den Polder<\/a><\/strong>. Die Fehler k\u00f6nnen laut RP in einem sogenannten Erg\u00e4nzungsverfahren &#8222;geheilt\u201c werden und beauftragte das Landratsamt bereits Anfang 2024 entsprechende Schritte einzuleiten.\n  <\/p>\n<p>            Was wurde beim Polder schon gebaut?<\/p>\n<p class=\"mb-6 text-xs-varying md:text-m lg:text-l font-serif group-[.font-sans]:font-sans \">\n    Seitdem wurden bereits einzelne vorbereitende Arbeiten f\u00fcr das Gro\u00dfprojekt durchgef\u00fchrt. <strong class=\"font-bold\">2<\/strong>024 begann der Bau eines Durchlasses an der Hermann-Schneider-Allee. I<strong class=\"font-bold\">m M\u00e4rz 2025 fiel unter anderem mit dem Bau eines Infozentrums an der Hermann-Schneider-Allee der offizielle Startschuss f\u00fcr die zul\u00e4ssigen Arbeiten.<\/strong> W<strong class=\"font-bold\">\u00e4hrend der Bauzeit soll das Geb\u00e4ude \u00fcber den Polder informieren.<\/strong> Danach will die Stadt Karlsruhe es als Forstst\u00fctzpunkt nutzen. Auch 2026 sind weitere Bauma\u00dfnahmen vorgesehen. Weitere Informationen gibt es auf der H<a href=\"https:\/\/rp.baden-wuerttemberg.de\/themen\/wasser\/irp\/rueckhalteraeume\/polder-bellenkopf\/rappenwoert\/\" rel=\"nofollow noopener\" target=\"_blank\" class=\"underline \">omepage des Regierungspr\u00e4sidium Karlsruhe (externer Link).<\/a>\n  <\/p>\n","protected":false},"excerpt":{"rendered":"Der Hochwasserschutz am Oberrhein nimmt weiter Form an: Ab Mitte September 2026 starten in Karlsruhe-Daxlanden neue Arbeiten f\u00fcr&hellip;\n","protected":false},"author":2,"featured_media":1279589,"comment_status":"","ping_status":"","sticky":false,"template":"","format":"standard","meta":{"footnotes":"","_share_on_mastodon":"0"},"categories":[1844],"tags":[17440,1634,3364,29,30,5669,8903,148491,54610,16489,5206,264042],"class_list":["post-1279588","post","type-post","status-publish","format-standard","has-post-thumbnail","category-karlsruhe","tag-hochwasserschutz","tag-baden-wuerttemberg","tag-de","tag-deutschland","tag-germany","tag-hochwasser","tag-karlsruhe","tag-mammutprojekt","tag-oberrhein","tag-regierungspraesidium","tag-rhein","tag-rueckhalteraum"],"share_on_mastodon":{"url":"https:\/\/pubeurope.com\/@de\/117211393526154335","error":""},"_links":{"self":[{"href":"https:\/\/www.europesays.com\/de\/wp-json\/wp\/v2\/posts\/1279588","targetHints":{"allow":["GET"]}}],"collection":[{"href":"https:\/\/www.europesays.com\/de\/wp-json\/wp\/v2\/posts"}],"about":[{"href":"https:\/\/www.europesays.com\/de\/wp-json\/wp\/v2\/types\/post"}],"author":[{"embeddable":true,"href":"https:\/\/www.europesays.com\/de\/wp-json\/wp\/v2\/users\/2"}],"replies":[{"embeddable":true,"href":"https:\/\/www.europesays.com\/de\/wp-json\/wp\/v2\/comments?post=1279588"}],"version-history":[{"count":0,"href":"https:\/\/www.europesays.com\/de\/wp-json\/wp\/v2\/posts\/1279588\/revisions"}],"wp:featuredmedia":[{"embeddable":true,"href":"https:\/\/www.europesays.com\/de\/wp-json\/wp\/v2\/media\/1279589"}],"wp:attachment":[{"href":"https:\/\/www.europesays.com\/de\/wp-json\/wp\/v2\/media?parent=1279588"}],"wp:term":[{"taxonomy":"category","embeddable":true,"href":"https:\/\/www.europesays.com\/de\/wp-json\/wp\/v2\/categories?post=1279588"},{"taxonomy":"post_tag","embeddable":true,"href":"https:\/\/www.europesays.com\/de\/wp-json\/wp\/v2\/tags?post=1279588"}],"curies":[{"name":"wp","href":"https:\/\/api.w.org\/{rel}","templated":true}]}}