{"id":1279590,"date":"2026-09-04T06:37:15","date_gmt":"2026-09-04T06:37:15","guid":{"rendered":"https:\/\/www.europesays.com\/de\/1279590\/"},"modified":"2026-09-04T06:37:15","modified_gmt":"2026-09-04T06:37:15","slug":"pol-da-muenster-sicher-im-alter-musik-trifft-praevention-polizei-informiert","status":"publish","type":"post","link":"https:\/\/www.europesays.com\/de\/1279590\/","title":{"rendered":"POL-DA: M\u00fcnster: &#8222;Sicher im Alter &#8211; Musik trifft Pr\u00e4vention&#8220; \/ Polizei informiert &#8230;"},"content":{"rendered":"<p class=\"date\">04.09.2026 \u2013 08:03<\/p>\n<p class=\"customer\">\n                        <a class=\"story-customer\" title=\"weiter zum newsroom von Polizeipr\u00e4sidium S\u00fcdhessen\" href=\"https:\/\/www.presseportal.de\/blaulicht\/nr\/4969\" rel=\"nofollow noopener\" target=\"_blank\">Polizeipr\u00e4sidium S\u00fcdhessen<\/a>\n                    <\/p>\n<p><a class=\"glightbox-pseudo event-trigger\" href=\"https:\/\/cache.pressmailing.net\/thumbnail\/story_hires\/f55d420f-e3aa-461e-bb0a-0ee64df6a8de\/M%C3%BCnster_B05.jpg.jpg\" data-description=\"Landespolizeiorchester.\" data-category=\"medialightbox\" data-action=\"click\" data-label=\"single\" data-value=\"6a9a5f2d270000fd2cc879b9\" rel=\"nofollow noopener\" target=\"_blank\"><img decoding=\"async\" height=\"540\" with=\"720\" src=\"https:\/\/www.europesays.com\/de\/wp-content\/uploads\/2026\/09\/pol-da-m-nster-sicher-im-alter-musik-trifft-pr-vention-polizei-informiert-seniorinnen-und-senioren-b.jpeg\"   alt=\"POL-DA: M\u00fcnster: &quot;Sicher im Alter - Musik trifft Pr\u00e4vention&quot; \/ Polizei informiert Seniorinnen und Senioren \u00fcber Betrugsmaschen\" class=\"single\"\/><\/a><\/p>\n<p><a data-category=\"citylink-story-view\" data-action=\"click\" data-label=\"Citylink in Meldungsansicht\" class=\"story-city event-trigger\" href=\"https:\/\/www.presseportal.de\/regional\/M%FCnster\" title=\"News aus M\u00fcnster \" rel=\"nofollow noopener\" target=\"_blank\">M\u00fcnster<\/a> (ots)<\/p>\n<p>Einen abwechslungsreichen Nachmittag ganz im Zeichen der Kriminalpr\u00e4vention erlebten die Besucherinnen und Besucher des Seniorennachmittags der Gemeinden M\u00fcnster und Eppertshausen am Mittwoch (2.9.) in der Kulturhalle in M\u00fcnster.<\/p>\n<p>Hier wurde erstmalig das neue Format &#8222;Sicher im Alter &#8211; Musik trifft Pr\u00e4vention&#8220; in S\u00fcdhessen vorgestellt. Im Mittelpunkt standen die Betrugsmaschen &#8222;Schockanrufe&#8220; und &#8222;falsche Handwerker&#8220;. Simone Stock von der Polizeilichen Beratungsstelle informierte anschaulich \u00fcber das Vorgehen der T\u00e4ter und gab konkrete Tipps, wie sich insbesondere \u00e4ltere Menschen sch\u00fctzen k\u00f6nnen. F\u00fcr die musikalische Umrahmung des Nachmittags sorgte das Landespolizeiorchester und pr\u00e4sentierte Musikst\u00fccke von bekannten Krimiserien oder Filmen.<\/p>\n<p>Die Veranstaltung zeigte eindrucksvoll, dass Pr\u00e4vention auch auf kreative Art und Weise kommuniziert werden kann. Insbesondere die Verbindung mit Musik und ein pers\u00f6nlicher Austausch mit den Besucherinnen und Besuchern schufen eine angenehme Atmosph\u00e4re und erm\u00f6glichten es, wichtige Pr\u00e4ventionsbotschaften nachhaltig zu vermitteln.<\/p>\n<p>In diesem Jahr finden noch weitere Veranstaltungen in diesem Rahmen statt. Auch f\u00fcr das n\u00e4chste Jahr 2027 sind bereits Seniorennachmittage in diesem Format geplant.<\/p>\n<p class=\"contact-headline\">R\u00fcckfragen bitte an:<\/p>\n<p class=\"contact-text\">Polizeipr\u00e4sidium S\u00fcdhessen<br \/>Pressestelle<br \/>Klappacher Stra\u00dfe 145<br \/>64285 Darmstadt<br \/>Murat Avci<br \/>Telefon: 06151 \/ 969 &#8211; 13 120<br \/>Mobil: 0173 \/ 4192693<br \/><a target=\"_blank\" class=\"uri-ext outbound\" rel=\"noopener nofollow\" href=\"https:\/\/www.polizei.hessen.de\/\">https:\/\/www.polizei.hessen.de\/<\/a><br \/>Pressestelle (zentrale Erreichbarkeit):<br \/>Telefon: 06151 \/ 969 &#8211; 13500<br \/>E-Mail: <a href=\"https:\/\/www.presseportal.de\/blaulicht\/pm\/4969\/mailto:pressestelle.ppsh@polizei.hessen.de\" class=\"uri-mailto\" rel=\"nofollow noopener\" target=\"_blank\">pressestelle.ppsh@polizei.hessen.de<\/a><\/p>\n<p class=\"originator\">Original-Content von: Polizeipr\u00e4sidium S\u00fcdhessen, \u00fcbermittelt durch news aktuell<\/p>\n","protected":false},"excerpt":{"rendered":"04.09.2026 \u2013 08:03 Polizeipr\u00e4sidium S\u00fcdhessen M\u00fcnster (ots) Einen abwechslungsreichen Nachmittag ganz im Zeichen der Kriminalpr\u00e4vention erlebten die Besucherinnen&hellip;\n","protected":false},"author":2,"featured_media":1279591,"comment_status":"","ping_status":"","sticky":false,"template":"","format":"standard","meta":{"footnotes":"","_share_on_mastodon":"0"},"categories":[1843],"tags":[3364,29,30,1087,177,8970,1209,121,178,180,179,181],"class_list":["post-1279590","post","type-post","status-publish","format-standard","has-post-thumbnail","category-muenster","tag-de","tag-deutschland","tag-germany","tag-he","tag-kriminalitt","tag-muenster","tag-nordrhein-westfalen","tag-polizei","tag-presse","tag-pressemeldung","tag-pressemitteilung","tag-pressemitteilungen"],"share_on_mastodon":{"url":"https:\/\/pubeurope.com\/@de\/117211396231044103","error":""},"_links":{"self":[{"href":"https:\/\/www.europesays.com\/de\/wp-json\/wp\/v2\/posts\/1279590","targetHints":{"allow":["GET"]}}],"collection":[{"href":"https:\/\/www.europesays.com\/de\/wp-json\/wp\/v2\/posts"}],"about":[{"href":"https:\/\/www.europesays.com\/de\/wp-json\/wp\/v2\/types\/post"}],"author":[{"embeddable":true,"href":"https:\/\/www.europesays.com\/de\/wp-json\/wp\/v2\/users\/2"}],"replies":[{"embeddable":true,"href":"https:\/\/www.europesays.com\/de\/wp-json\/wp\/v2\/comments?post=1279590"}],"version-history":[{"count":0,"href":"https:\/\/www.europesays.com\/de\/wp-json\/wp\/v2\/posts\/1279590\/revisions"}],"wp:featuredmedia":[{"embeddable":true,"href":"https:\/\/www.europesays.com\/de\/wp-json\/wp\/v2\/media\/1279591"}],"wp:attachment":[{"href":"https:\/\/www.europesays.com\/de\/wp-json\/wp\/v2\/media?parent=1279590"}],"wp:term":[{"taxonomy":"category","embeddable":true,"href":"https:\/\/www.europesays.com\/de\/wp-json\/wp\/v2\/categories?post=1279590"},{"taxonomy":"post_tag","embeddable":true,"href":"https:\/\/www.europesays.com\/de\/wp-json\/wp\/v2\/tags?post=1279590"}],"curies":[{"name":"wp","href":"https:\/\/api.w.org\/{rel}","templated":true}]}}