{"id":1279598,"date":"2026-09-04T06:41:21","date_gmt":"2026-09-04T06:41:21","guid":{"rendered":"https:\/\/www.europesays.com\/de\/1279598\/"},"modified":"2026-09-04T06:41:21","modified_gmt":"2026-09-04T06:41:21","slug":"polizeipraesident-markus-roehrl-spricht-ueber-strassenkriminalitaet-in-wuppertal","status":"publish","type":"post","link":"https:\/\/www.europesays.com\/de\/1279598\/","title":{"rendered":"Polizeipr\u00e4sident Markus R\u00f6hrl spricht \u00fcber Stra\u00dfenkriminalit\u00e4t in Wuppertal"},"content":{"rendered":"<p class=\" richtext text-em-55 !leading-serif mx-6 desktop:mx-0\">Markus R\u00f6rl: Das kann man schwer sagen. Bis 2025 haben wir einen H\u00f6chststand erzielt, was das Thema Messerkriminalit\u00e4t angeht. Nach wie vor sind die Zahlen hoch. Wir haben in den letzten 20 Jahren enorme Zuw\u00e4chse gehabt, wenn man auf die sogenannten Rohheitsdelikte schaut, also K\u00f6rperverletzung und Raubstraftaten. 2004 hatten wir davon in Wuppertal 1734, 2025 waren es 4442, ein Mehr von \u00fcber 150 Prozent. Und speziell auf \u00f6ffentlichen Wegen, Stra\u00dfen und Pl\u00e4tzen hatten wir solche Rohheitsdelikte 2004 gerade 199, 2025 waren es 662, ein Plus von 230 Prozent. Interessanterweise erleben wir 2016 einen sehr deutlichen Anstieg bei diesen Rohheitsdelikten. Und wir haben zwischen 2016 und 2025 noch mal eine Steigerung. Sicherlich sind auch Strukturver\u00e4nderungen in der Bev\u00f6lkerung daf\u00fcr verantwortlich. Wir haben einen stetigen, sehr starken Anstieg von Straft\u00e4tern festgestellt, die keinen deutschen Pass haben. Wir stellen darunter viele fest, die Mehrfach- und Intensivstraft\u00e4ter sind. Diese Zahlen machen uns Sorgen. Wir haben versucht dagegenzuhalten mit mehr Ma\u00dfnahmen, gr\u00f6\u00dferen Aktionen auf der Stra\u00dfe. Wir haben um die 60 Messer- und Waffentrageverbote. Wir haben auch besondere Fahndungsinstrumente eingesetzt, um Straft\u00e4ter zu identifizieren, in Haft zu bekommen. Und wir analysieren bei jedem Mehrfachstraft\u00e4ter, inwiefern aufenthaltsrechtliche Ma\u00dfnahmen dazu f\u00fchren k\u00f6nnen, dass er das Land verl\u00e4sst. <br \/>Speziell jetzt zum 1. September haben wir eine neue Einheit gegr\u00fcndet, die nennt sich EK Stra\u00dfe. Da haben wir Schutz- und Kriminalpolizisten in einer Einheit zusammengezogen und die haben die Aufgabe, sehr viel pr\u00e4senter auf der Stra\u00dfe zu sein, insbesondere in Bereichen, wo wir Schwierigkeiten sehen, in Elberfeld, Barmen und Oberbarmen. Deren Ziel ist es, sehr viel genauer diese Klientel der Mehrfachintensivt\u00e4ter zu beobachten, im Zweifelsfall auch festzunehmen. Und dann soll die gesamte Bearbeitung aus einer Hand erfolgen \u2013 von Beobachtungen \u00fcber Durchsuchungen bis zu Festnahmen und kriminalpolizeilicher Sachbearbeitung. Davon verspreche ich mir einiges. <\/p>\n","protected":false},"excerpt":{"rendered":"Markus R\u00f6rl: Das kann man schwer sagen. Bis 2025 haben wir einen H\u00f6chststand erzielt, was das Thema Messerkriminalit\u00e4t&hellip;\n","protected":false},"author":2,"featured_media":1279599,"comment_status":"","ping_status":"","sticky":false,"template":"","format":"standard","meta":{"footnotes":"","_share_on_mastodon":"0"},"categories":[1840],"tags":[48049,48,3364,18066,29,30,13213,1981,60664,1209,78174,264043,175018,1996,524,8025,40905,39146,4418],"class_list":["post-1279598","post","type-post","status-publish","format-standard","has-post-thumbnail","category-wuppertal","tag-48049","tag-48","tag-de","tag-delikte","tag-deutschland","tag-germany","tag-markus","tag-messer","tag-messerstraftaten","tag-nordrhein-westfalen","tag-polizeipraesident","tag-rohheitsdelikte","tag-roehrl","tag-straftaten","tag-strasse","tag-strassen","tag-strassenkriminalitaet","tag-thema","tag-wuppertal"],"share_on_mastodon":{"url":"https:\/\/pubeurope.com\/@de\/117211410377849752","error":""},"_links":{"self":[{"href":"https:\/\/www.europesays.com\/de\/wp-json\/wp\/v2\/posts\/1279598","targetHints":{"allow":["GET"]}}],"collection":[{"href":"https:\/\/www.europesays.com\/de\/wp-json\/wp\/v2\/posts"}],"about":[{"href":"https:\/\/www.europesays.com\/de\/wp-json\/wp\/v2\/types\/post"}],"author":[{"embeddable":true,"href":"https:\/\/www.europesays.com\/de\/wp-json\/wp\/v2\/users\/2"}],"replies":[{"embeddable":true,"href":"https:\/\/www.europesays.com\/de\/wp-json\/wp\/v2\/comments?post=1279598"}],"version-history":[{"count":0,"href":"https:\/\/www.europesays.com\/de\/wp-json\/wp\/v2\/posts\/1279598\/revisions"}],"wp:featuredmedia":[{"embeddable":true,"href":"https:\/\/www.europesays.com\/de\/wp-json\/wp\/v2\/media\/1279599"}],"wp:attachment":[{"href":"https:\/\/www.europesays.com\/de\/wp-json\/wp\/v2\/media?parent=1279598"}],"wp:term":[{"taxonomy":"category","embeddable":true,"href":"https:\/\/www.europesays.com\/de\/wp-json\/wp\/v2\/categories?post=1279598"},{"taxonomy":"post_tag","embeddable":true,"href":"https:\/\/www.europesays.com\/de\/wp-json\/wp\/v2\/tags?post=1279598"}],"curies":[{"name":"wp","href":"https:\/\/api.w.org\/{rel}","templated":true}]}}