{"id":1279610,"date":"2026-09-04T06:48:29","date_gmt":"2026-09-04T06:48:29","guid":{"rendered":"https:\/\/www.europesays.com\/de\/1279610\/"},"modified":"2026-09-04T06:48:29","modified_gmt":"2026-09-04T06:48:29","slug":"darum-lagern-die-niederlande-ihr-gold-nicht-mehr-in-den-usa","status":"publish","type":"post","link":"https:\/\/www.europesays.com\/de\/1279610\/","title":{"rendered":"Darum lagern die Niederlande ihr Gold nicht mehr in den USA"},"content":{"rendered":"<p class=\"tracking-tight font-semibold text-base\" q:key=\"O8_0\">Die Niederlande ziehen einen Grossteil ihrer Goldreserven aus den USA ab. Geopolitische Risiken und Misstrauen gegen\u00fcber Trump spielen die Schl\u00fcsselrolle.<\/p>\n<p><img onload=\"this.style.backgroundColor = ''\" loading=\"eager\" fetchpriority=\"high\" decoding=\"sync\" height=\"450\" alt=\"gold usa niederlande\" width=\"900\"  style=\"aspect-ratio:2;object-fit:cover;background-color:#CFAB77\"  src=\"https:\/\/www.europesays.com\/de\/wp-content\/uploads\/2026\/09\/gold-usa-niederlande.jpg\" class=\"rounded-xl mx-auto\" on:load=\"q-B2-ggAx_.js#s_pVFDuJsFGxQ\"\/>Die Niederlande verlagern 86 Tonnen Gold aus den USA nach London. Wachsende Skepsis gegen\u00fcber der Trump-Regierung ist der Hauptgrund. (Symbolbild) &#8211; keystone<\/p>\n<p preventdefault:click=\"\" lang=\"de\" class=\"text-base hyphens-auto\" on:click=\"q-Cx7-XsBU.js#s_Dola2XqN0FU[0 1]\" q:key=\"YR_0\" q:id=\"8e\">Die Niederlande haben <a href=\"https:\/\/www.nau.ch\/news\/wirtschaft\/niederlande-ziehen-teil-von-goldreserve-aus-den-usa-ab-67170477\" rel=\"nofollow noopener\" target=\"_blank\">einen Grossteil ihrer Goldreserven<\/a> aus den USA und Kanada nach London verschoben. Wie das \u00ab<a href=\"https:\/\/www.nau.ch\/news\/srf\" rel=\"nofollow noopener\" target=\"_blank\">SRF<\/a>\u00bb berichtet, wurden rund 86 Tonnen Gold aus New York und Ottawa abgezogen.<\/p>\n<p preventdefault:click=\"\" lang=\"de\" class=\"text-base hyphens-auto\" on:click=\"q-Cx7-XsBU.js#s_Dola2XqN0FU[0 1]\" q:key=\"YR_0\" q:id=\"8g\">Das entspricht etwa einem Viertel der niederl\u00e4ndischen Goldvorr\u00e4te, die bislang in Nordamerika lagerten. Insgesamt verf\u00fcgen die Niederlande \u00fcber 313 Tonnen Gold.<\/p>\n<p>Findest du es richtig, dass die Niederlande ihr Gold aus den USA abziehen?<\/p>\n<p>1Ja.<\/p>\n<p>2Nein.<\/p>\n<p preventdefault:click=\"\" lang=\"de\" class=\"text-base hyphens-auto\" on:click=\"q-Cx7-XsBU.js#s_Dola2XqN0FU[0 1]\" q:key=\"YR_0\" q:id=\"8q\">Die niederl\u00e4ndische <a href=\"https:\/\/www.nau.ch\/news\/ezb\" rel=\"nofollow noopener\" target=\"_blank\">Zentralbank<\/a> DNB begr\u00fcndete den Schritt mit wachsenden geopolitischen Risiken, wie der \u00ab<a href=\"https:\/\/www.nau.ch\/news\/orf\" rel=\"nofollow noopener\" target=\"_blank\">ORF<\/a>\u00bb berichtet. Der Anteil der USA an den niederl\u00e4ndischen Goldreserven sank dabei von gut 31 auf nur noch 18,5 Prozent.<\/p>\n<p>Niederlande: Misstrauen gegen\u00fcber den USA als Ausl\u00f6ser<\/p>\n<p preventdefault:click=\"\" lang=\"de\" class=\"text-base hyphens-auto\" on:click=\"q-Cx7-XsBU.js#s_Dola2XqN0FU[0 1]\" q:key=\"YR_0\" q:id=\"8s\"><a href=\"https:\/\/www.nau.ch\/news\/srf\" rel=\"nofollow noopener\" target=\"_blank\">SRF<\/a>-Wirtschaftskorrespondent Pascal Lago nennt als Hauptgrund das schwindende Vertrauen in die USA <a href=\"https:\/\/www.nau.ch\/news\/amerika\/trump-will-sich-bild-uber-goldreserven-in-fort-knox-verschaffen-66918250\" rel=\"nofollow noopener\" target=\"_blank\">unter Pr\u00e4sident Donald Trump<\/a>. Die zunehmenden Angriffe Trumps auf die US-Notenbank Fed h\u00e4tten die Unabh\u00e4ngigkeit der <a href=\"https:\/\/www.nau.ch\/news\/ezb\" rel=\"nofollow noopener\" target=\"_blank\">Zentralbank<\/a> infrage gestellt.<\/p>\n<p preventdefault:click=\"\" lang=\"de\" class=\"text-base hyphens-auto\" on:click=\"q-Cx7-XsBU.js#s_Dola2XqN0FU[0 1]\" q:key=\"YR_0\" q:id=\"8u\">Die Bef\u00fcrchtung wachse, dass die USA im Zuge von Sanktionen oder Handelsstreitigkeiten das Gold beschlagnahmen k\u00f6nnten, erkl\u00e4rt Lago laut \u00ab<a href=\"https:\/\/www.nau.ch\/news\/srf\" rel=\"nofollow noopener\" target=\"_blank\">SRF<\/a>\u00bb. Deshalb wollen die Niederlande ihre Goldreserven nicht mehr in diesem Ausmass in den USA lagern.<\/p>\n<p preventdefault:click=\"\" lang=\"de\" class=\"text-base hyphens-auto\" on:click=\"q-Cx7-XsBU.js#s_Dola2XqN0FU[0 1]\" q:key=\"YR_0\" q:id=\"8w\">Auch der anhaltende Handelsstreit zwischen den USA und Kanada spielte eine Rolle. Die USA haben neue Z\u00f6lle auf Stahl, Aluminium, Holz und Fahrzeuge angek\u00fcndigt, wie der \u00ab<a href=\"https:\/\/www.nau.ch\/news\/orf\" rel=\"nofollow noopener\" target=\"_blank\">ORF<\/a>\u00bb berichtet.<\/p>\n<p>Komplexer Transport \u00fcber Monate<\/p>\n<p preventdefault:click=\"\" lang=\"de\" class=\"text-base hyphens-auto\" on:click=\"q-Cx7-XsBU.js#s_Dola2XqN0FU[0 1]\" q:key=\"YR_0\" q:id=\"8y\">Die Verlagerung war aufwendig und erstreckte sich von M\u00e4rz bis August. Laut dem \u00ab<a href=\"https:\/\/www.nau.ch\/news\/orf\" rel=\"nofollow noopener\" target=\"_blank\">ORF<\/a>\u00bb wurden rund 59 Tonnen Gold in New York verkauft und gleichzeitig konformes Gold in London erworben.<\/p>\n<p preventdefault:click=\"\" lang=\"de\" class=\"text-base hyphens-auto\" on:click=\"q-Cx7-XsBU.js#s_Dola2XqN0FU[0 1]\" q:key=\"YR_0\" q:id=\"90\">Weitere 27 Tonnen wurden physisch von Nordamerika in die Niederlande transportiert, berichtet der \u00ab<a href=\"https:\/\/www.nau.ch\/news\/orf\" rel=\"nofollow noopener\" target=\"_blank\">ORF<\/a>\u00bb. Der Standardweg f\u00fcr solche Transporte ist die Luftfracht.<\/p>\n<p><img onload=\"this.style.backgroundColor = ''\" loading=\"lazy\" decoding=\"async\" height=\"450\" alt=\"Gold usa niederlande\" width=\"900\"  style=\"aspect-ratio:2;object-fit:cover;background-color:#9B7536\"  src=\"https:\/\/www.europesays.com\/de\/wp-content\/uploads\/2026\/09\/1788504509_687_gold-usa-niederlande.jpg\" class=\"rounded-xl mx-auto\" on:load=\"q-B2-ggAx_.js#s_pVFDuJsFGxQ\"\/>Die Niederlande lagern ihre Reserven aus den USA nach London um. (Symbolbild) &#8211; keystone<\/p>\n<p preventdefault:click=\"\" lang=\"de\" class=\"text-base hyphens-auto\" on:click=\"q-Cx7-XsBU.js#s_Dola2XqN0FU[0 1]\" q:key=\"YR_0\" q:id=\"95\">DNB-Chef Olaf Sleijpen erkl\u00e4rte laut \u00abT-Online\u00bb, der Schritt verbessere die Einsatzf\u00e4higkeit der Goldreserve erheblich. Man gehe zwar nicht davon aus, das Gold je einsetzen zu m\u00fcssen, doch die Widerstandsf\u00e4higkeit m\u00fcsse gest\u00e4rkt werden.<\/p>\n<p preventdefault:click=\"\" lang=\"de\" class=\"text-base hyphens-auto\" on:click=\"q-Cx7-XsBU.js#s_Dola2XqN0FU[0 1]\" q:key=\"YR_0\" q:id=\"97\">Die Niederlande sind nicht das erste Land, das Gold aus den USA abzieht. Frankreich hat Anfang des Jahres seine letzten Goldreserven aus den USA nach Europa gebracht, wie der \u00abFocus\u00bb meldet.<\/p>\n<p preventdefault:click=\"\" lang=\"de\" class=\"text-base hyphens-auto\" on:click=\"q-Cx7-XsBU.js#s_Dola2XqN0FU[0 1]\" q:key=\"YR_0\" q:id=\"99\">Laut dem \u00ab<a href=\"https:\/\/www.nau.ch\/news\/srf\" rel=\"nofollow noopener\" target=\"_blank\">SRF<\/a>\u00bb w\u00e4chst auch in <a href=\"https:\/\/www.nau.ch\/lifestyle\/deutschland\" rel=\"nofollow noopener\" target=\"_blank\">Deutschland<\/a> und Italien der politische Druck, \u00e4hnliche Schritte einzuleiten.<\/p>\n<p preventdefault:click=\"\" lang=\"de\" class=\"text-base hyphens-auto\" on:click=\"q-Cx7-XsBU.js#s_Dola2XqN0FU[0 1]\" q:key=\"YR_0\" q:id=\"9b\">Die deutsche Bundesbank sieht bislang <a href=\"https:\/\/www.nau.ch\/news\/europa\/bundesbank-chef-deutsche-goldreserven-in-usa-sind-sicher-67088396\" rel=\"nofollow noopener\" target=\"_blank\">jedoch keinen Handlungsbedarf<\/a>, wie \u00abT-Online\u00bb berichtet. Die Bundesbank h\u00e4lt mit 3350 Tonnen die zweitgr\u00f6ssten Goldreserven weltweit \u2013 nur die USA besitzen mehr.<\/p>\n","protected":false},"excerpt":{"rendered":"Die Niederlande ziehen einen Grossteil ihrer Goldreserven aus den USA ab. Geopolitische Risiken und Misstrauen gegen\u00fcber Trump spielen&hellip;\n","protected":false},"author":2,"featured_media":1279611,"comment_status":"","ping_status":"","sticky":false,"template":"","format":"standard","meta":{"footnotes":"","_share_on_mastodon":"0"},"categories":[3977],"tags":[331,332,668,33319,4732,13,14,15,965,12,113,4017,4018,4016,64,4019,4020],"class_list":["post-1279610","post","type-post","status-publish","format-standard","has-post-thumbnail","category-usa","tag-aktuelle-nachrichten","tag-aktuelle-news","tag-gold","tag-goldreserven","tag-grund","tag-headlines","tag-nachrichten","tag-news","tag-niederlande","tag-schlagzeilen","tag-trump","tag-united-states","tag-united-states-of-america","tag-us","tag-usa","tag-vereinigte-staaten","tag-vereinigte-staaten-von-amerika"],"share_on_mastodon":{"url":"https:\/\/pubeurope.com\/@de\/117211440892066451","error":""},"_links":{"self":[{"href":"https:\/\/www.europesays.com\/de\/wp-json\/wp\/v2\/posts\/1279610","targetHints":{"allow":["GET"]}}],"collection":[{"href":"https:\/\/www.europesays.com\/de\/wp-json\/wp\/v2\/posts"}],"about":[{"href":"https:\/\/www.europesays.com\/de\/wp-json\/wp\/v2\/types\/post"}],"author":[{"embeddable":true,"href":"https:\/\/www.europesays.com\/de\/wp-json\/wp\/v2\/users\/2"}],"replies":[{"embeddable":true,"href":"https:\/\/www.europesays.com\/de\/wp-json\/wp\/v2\/comments?post=1279610"}],"version-history":[{"count":0,"href":"https:\/\/www.europesays.com\/de\/wp-json\/wp\/v2\/posts\/1279610\/revisions"}],"wp:featuredmedia":[{"embeddable":true,"href":"https:\/\/www.europesays.com\/de\/wp-json\/wp\/v2\/media\/1279611"}],"wp:attachment":[{"href":"https:\/\/www.europesays.com\/de\/wp-json\/wp\/v2\/media?parent=1279610"}],"wp:term":[{"taxonomy":"category","embeddable":true,"href":"https:\/\/www.europesays.com\/de\/wp-json\/wp\/v2\/categories?post=1279610"},{"taxonomy":"post_tag","embeddable":true,"href":"https:\/\/www.europesays.com\/de\/wp-json\/wp\/v2\/tags?post=1279610"}],"curies":[{"name":"wp","href":"https:\/\/api.w.org\/{rel}","templated":true}]}}