{"id":1279614,"date":"2026-09-04T06:51:23","date_gmt":"2026-09-04T06:51:23","guid":{"rendered":"https:\/\/www.europesays.com\/de\/1279614\/"},"modified":"2026-09-04T06:51:23","modified_gmt":"2026-09-04T06:51:23","slug":"2026-frankreichs-heissester-sommer-umweltministerin-legt-bilanz-vor","status":"publish","type":"post","link":"https:\/\/www.europesays.com\/de\/1279614\/","title":{"rendered":"2026: Frankreichs hei\u00dfester Sommer &#8211; Umweltministerin legt Bilanz vor"},"content":{"rendered":"<p>  Von&amp;nbsp<a href=\"https:\/\/de.euronews.com\/profile\/2448\" rel=\"nofollow noopener\" target=\"_blank\">Etienne Paponaud<\/a>&amp;nbspmit&amp;nbsp<b>AFP<\/b><\/p>\n<p>\n         Zuerst ver\u00f6ffentlicht am<br \/>\n            04\/09\/2026 &#8211; 8:38 MESZ\n            <\/p>\n<p>Frankreich hat im Jahr 2026 den bislang hei\u00dfesten Sommer seit Beginn der Aufzeichnungen erlebt. Das Land litt unter Hitzewellen, Trockenheit und gro\u00dffl\u00e4chigen Waldbr\u00e4nden, wie Umweltministerin Monique Barbut am Donnerstag mitteilte.<\/p>\n<p>          <img decoding=\"async\" class=\"c-ad__placeholder__logo\" src=\"https:\/\/static.euronews.com\/website\/images\/logos\/logo-euronews-stacked-outlined-72x72-grey-9.svg\" width=\"72\" height=\"72\" alt=\"\" loading=\"lazy\"\/><br \/>\n          WERBUNG<\/p>\n<p>          <img decoding=\"async\" class=\"c-ad__placeholder__logo\" src=\"https:\/\/static.euronews.com\/website\/images\/logos\/logo-euronews-stacked-outlined-72x72-grey-9.svg\" width=\"72\" height=\"72\" alt=\"\" loading=\"lazy\"\/><br \/>\n          WERBUNG<\/p>\n<p>&#8222;Wir haben gerade den hei\u00dfesten Sommer seit Beginn der Messungen im Jahr 1900 erlebt&#8220;, sagte Barbut bei der Vorstellung der sommerlichen Klimabilanz, die f\u00fcr Meteorologinnen und Meteorologen die Monate Juni bis August umfasst.<\/p>\n<p>Damit reiht sich Frankreich neben Belgien und Gro\u00dfbritannien in die Staaten ein, die ihren bislang hei\u00dfesten Sommer seit Beginn der Wetteraufzeichnungen verzeichnen. Die Saison hat Europa stark belastet. Kein anderer Kontinent erw\u00e4rmt sich so schnell wie Europa.<\/p>\n<p>Wissenschaftlerinnen und Wissenschaftler sehen im menschengemachten Klimawandel die Ursache daf\u00fcr, dass extreme Wetterereignisse h\u00e4ufiger und heftiger auftreten.<\/p>\n<p>Frankreich wurde von mehreren schweren Hitzewellen getroffen. Ende Juni erreichte eine von ihnen eine bisher unerreichte Intensit\u00e4t.<\/p>\n<p>Eine weitere Hitzewelle von Ende Juli bis in den August hinein stellte mit 23 Tagen die Rekordmarke f\u00fcr die l\u00e4ngste Hitzewelle des Landes ein. Zuvor hatte der Rekord aus dem Jahr 1983 bestanden.<\/p>\n<p>In dieser Zeit verw\u00fcsteten mehrere gro\u00dfe Waldbr\u00e4nde das Land. &#8222;Ende August hatten Waldbr\u00e4nde bereits eine Fl\u00e4che zerst\u00f6rt, die sechsmal so gro\u00df war wie der Durchschnitt der vergangenen 20 Jahre&#8220;, bilanzierte Barbut.<\/p>\n<p>Der Wetterdienst M\u00e9t\u00e9o-France meldete am Donnerstag, dass es in diesem Sommer 53 Tage mit offizieller Hitzewarnung gab, ein &#8222;v\u00f6llig beispielloser Wert&#8220;.<\/p>\n<p>&#8222;Der Sommer 2026 wird in die Annalen eingehen&#8220;, sagte die Ministerin.<\/p>\n<p>Appell zur Senkung der Treibhausgasemissionen<\/p>\n<p>&#8222;Die entscheidende Frage ist nun, wie wir uns an diesen Sommer erinnern \u2026 Als ersten einer langen Reihe von Rekordsommern. Oder als Wendepunkt, an dem wir die Herausforderung von Anpassung und Minderung angenommen und die Treibhausgasemissionen gesenkt haben&#8220;, pl\u00e4dierte sie f\u00fcr mehr Klimaschutz.<\/p>\n<p>Ende Juli hatte Premierminister S\u00e9bastien Lecornu die Umweltministerin mit der Ausarbeitung zus\u00e4tzlicher Ma\u00dfnahmen beauftragt. Diese sollen die Umsetzung des nationalen Anpassungsplans Frankreichs an den Klimawandel beschleunigen.<\/p>\n<p>Am Donnerstag k\u00fcndigte Barbut Ergebnisse &#8222;bis Ende September&#8220; an, darunter einen neuen Finanzierungsplan f\u00fcr f\u00fcnf Jahre.<\/p>\n<p>Die Hitzewellen haben in ganz Europa Menschenleben gekostet. Die franz\u00f6sischen Beh\u00f6rden registrierten Tausende zus\u00e4tzliche Todesf\u00e4lle.<\/p>\n<p>Nicht nur in der franz\u00f6sischen Hauptstadt, in der nur wenige Wohnungen \u00fcber Klimaanlagen verf\u00fcgen, klebten manche Bewohnerinnen und Bewohner Rettungsdecken aus Aluminium mit Klebeband an ihre Fenster, um sich vor der Sonne zu sch\u00fctzen.<\/p>\n<p>Schulen schlossen vor\u00fcbergehend, und Ventilatoren sowie Klimager\u00e4te wurden massenhaft gekauft.<\/p>\n<p>&#8222;Bis zum n\u00e4chsten Sommer werden wir nicht alle Schulen saniert haben&#8220;, r\u00e4umte Barbut ein, &#8222;aber wir k\u00f6nnen zumindest Rolll\u00e4den und Ventilatoren installieren lassen&#8220;. Sie sprach von &#8222;Situationen, auf die wir h\u00e4tten besser vorbereitet sein k\u00f6nnen&#8220;.<\/p>\n","protected":false},"excerpt":{"rendered":"Von&amp;nbspEtienne Paponaud&amp;nbspmit&amp;nbspAFP Zuerst ver\u00f6ffentlicht am 04\/09\/2026 &#8211; 8:38 MESZ Frankreich hat im Jahr 2026 den bislang hei\u00dfesten Sommer&hellip;\n","protected":false},"author":2,"featured_media":1279615,"comment_status":"","ping_status":"","sticky":false,"template":"","format":"standard","meta":{"footnotes":"","_share_on_mastodon":"0"},"categories":[3974],"tags":[331,332,548,663,3934,3980,156,13,18113,952,14,15,12,2715],"class_list":["post-1279614","post","type-post","status-publish","format-standard","has-post-thumbnail","category-frankreich","tag-aktuelle-nachrichten","tag-aktuelle-news","tag-eu","tag-europa","tag-europe","tag-france","tag-frankreich","tag-headlines","tag-hitzewelle","tag-klimawandel","tag-nachrichten","tag-news","tag-schlagzeilen","tag-sommer"],"share_on_mastodon":{"url":"https:\/\/pubeurope.com\/@de\/117211452651498263","error":""},"_links":{"self":[{"href":"https:\/\/www.europesays.com\/de\/wp-json\/wp\/v2\/posts\/1279614","targetHints":{"allow":["GET"]}}],"collection":[{"href":"https:\/\/www.europesays.com\/de\/wp-json\/wp\/v2\/posts"}],"about":[{"href":"https:\/\/www.europesays.com\/de\/wp-json\/wp\/v2\/types\/post"}],"author":[{"embeddable":true,"href":"https:\/\/www.europesays.com\/de\/wp-json\/wp\/v2\/users\/2"}],"replies":[{"embeddable":true,"href":"https:\/\/www.europesays.com\/de\/wp-json\/wp\/v2\/comments?post=1279614"}],"version-history":[{"count":0,"href":"https:\/\/www.europesays.com\/de\/wp-json\/wp\/v2\/posts\/1279614\/revisions"}],"wp:featuredmedia":[{"embeddable":true,"href":"https:\/\/www.europesays.com\/de\/wp-json\/wp\/v2\/media\/1279615"}],"wp:attachment":[{"href":"https:\/\/www.europesays.com\/de\/wp-json\/wp\/v2\/media?parent=1279614"}],"wp:term":[{"taxonomy":"category","embeddable":true,"href":"https:\/\/www.europesays.com\/de\/wp-json\/wp\/v2\/categories?post=1279614"},{"taxonomy":"post_tag","embeddable":true,"href":"https:\/\/www.europesays.com\/de\/wp-json\/wp\/v2\/tags?post=1279614"}],"curies":[{"name":"wp","href":"https:\/\/api.w.org\/{rel}","templated":true}]}}