{"id":1279628,"date":"2026-09-04T07:00:20","date_gmt":"2026-09-04T07:00:20","guid":{"rendered":"https:\/\/www.europesays.com\/de\/1279628\/"},"modified":"2026-09-04T07:00:20","modified_gmt":"2026-09-04T07:00:20","slug":"hza-du-berufseinsteiger-beim-hauptzollamt-duisburg-jetzt-karriere-beim-zoll-starten-2","status":"publish","type":"post","link":"https:\/\/www.europesays.com\/de\/1279628\/","title":{"rendered":"HZA-DU: Berufseinsteiger beim Hauptzollamt Duisburg &#8211; Jetzt Karriere beim ZOLL starten!"},"content":{"rendered":"<p class=\"date\">04.09.2026 \u2013 07:39<\/p>\n<p class=\"customer\">\n                        <a class=\"story-customer\" title=\"weiter zum newsroom von Hauptzollamt Duisburg\" href=\"https:\/\/www.presseportal.de\/blaulicht\/nr\/121243\" rel=\"nofollow noopener\" target=\"_blank\">Hauptzollamt Duisburg<\/a>\n                    <\/p>\n<p><a class=\"glightbox event-trigger\" href=\"https:\/\/cache.pressmailing.net\/thumbnail\/story_hires\/c87f3f90-bc4d-4873-9829-74c15a1e0aa6\/Gruppenfoto.jpeg.jpg\" data-description=\"Quelle: Hauptzollamt Duisburg, 2026\" data-category=\"medialightbox\" data-action=\"click\" data-label=\"single\" data-value=\"6a9a598e270000fd2cc86fc9\" rel=\"nofollow noopener\" target=\"_blank\"><img decoding=\"async\" height=\"540\" with=\"720\" src=\"https:\/\/www.europesays.com\/de\/wp-content\/uploads\/2026\/09\/hza-du-berufseinsteiger-beim-hauptzollamt-duisburg-jetzt-karriere-beim-zoll-starten.jpeg\"   alt=\"HZA-DU: Berufseinsteiger beim Hauptzollamt Duisburg - Jetzt Karriere beim ZOLL starten!\" class=\"single\"\/><\/a><\/p>\n<p><a data-category=\"citylink-story-view\" data-action=\"click\" data-label=\"Citylink in Meldungsansicht\" class=\"story-city event-trigger\" href=\"https:\/\/www.presseportal.de\/regional\/Duisburg%3B%20Essen%3B%20Oberhausen%3B%20M%FClheim%20a.%20d.%20Ruhr%3B%20Kreis%20Kleve%3B%20Kreis%20Wesel\" title=\"News aus Duisburg; Essen; Oberhausen; M\u00fclheim a. d. Ruhr; Kreis Kleve; Kreis Wesel \" rel=\"nofollow noopener\" target=\"_blank\">Duisburg; Essen; Oberhausen; M\u00fclheim a. d. Ruhr; Kreis Kleve; Kreis Wesel<\/a> (ots)<\/p>\n<p>Rund 1.800 Nachwuchskr\u00e4fte starteten am 1. September ihre Karriere beim Zoll. 39 davon beim Hauptzollamt Duisburg.<br \/>\n&#8222;F\u00fcr mich ist es eine Freude, 39 junge Menschen feierlich zu vereidigen und bei dem Beginn eines neuen Lebensabschnitts zu begleiten. Die Nachwuchskr\u00e4fte erwartet eine spannende und abwechslungsreiche Anw\u00e4rterzeit&#8220;, sagt Frau Stephanie Imhof, Leiterin des Hauptzollamt Duisburg.<\/p>\n<p>Die Berufseinsteiger absolvieren im mittleren Dienst eine zweij\u00e4hrige Ausbildung. Im gehobenen Dienst ist es ein dreij\u00e4hriges Studium und schlie\u00dft mit einem Bachelor ab. Theorie und Praxis wechseln sich dabei ab und bauen aufeinander auf. Die fachtheoretischen Teile im gehobenen Dienst werden an der Hochschule des Bundes f\u00fcr \u00f6ffentliche Verwaltung in M\u00fcnster oder Rostock absolviert. Im mittleren Dienst erfolgt die theoretische Ausbildung an den zolleigenen Bildungszentren in Leipzig, Plessow, Sigmaringen oder Erfurt. Die Praxisphasen verbringen die Zoll-Nachwuchskr\u00e4fte in verschiedenen Bereichen des Ausbildungshauptzollamts und bei nahen gelegenen Zoll\u00e4mtern sowie Zollfahndungs\u00e4mtern.<\/p>\n<p>Nach Abschluss der Ausbildung bzw. des dualen Studiums erwartet die jungen Z\u00f6llnerinnen und Z\u00f6llner eine Verwendung in den unterschiedlichsten Aufgabenbereichen des Zolls. Das Spektrum reicht von Steuererhebung bis Spezialeinheit sowie von Finanzkontrolle Schwarzarbeit bis Zollfahndung. Grunds\u00e4tzlich \u00fcbernimmt der Zoll alle seine geeigneten Nachwuchskr\u00e4fte.<\/p>\n<p>Mit der Einstellung beim Zoll erhalten die Auszubildenden und Studierenden nicht nur eine fachlich hochwertige Ausbildung bzw. ein hochwertiges Studium, sondern auch einen sicheren Arbeitsplatz mit vielen spannenden und abwechslungsreichen T\u00e4tigkeiten, mit denen sie u.a. f\u00fcr Steuereinnahmen, Verbraucherschutz und die Sicherung von Arbeitspl\u00e4tzen in Deutschland sorgen.<\/p>\n<p>Auch in den kommenden Jahren wird der Zoll verst\u00e4rkt Ausbildungs- und Studienpl\u00e4tze f\u00fcr eine sichere Zukunft in einer gro\u00dfen Bundesverwaltung anbieten.<\/p>\n<p>F\u00fcr eine Einstellung zum 1. September 2027 k\u00f6nnen sich Interessierte noch bis zum 15. Oktober 2026 beim Hauptzollamt Duisburg (mittlerer und gehobener Zolldienst) oder bei der Generalzolldirektion (Verwaltungsinformatik) bewerben.<\/p>\n<p>Ausf\u00fchrliche Informationen zu Bewerbung, Einstellung, Ausbildung und Studium beim ZOLL finden sich unter <a target=\"_blank\" class=\"uri-ext outbound\" rel=\"noopener nofollow\" href=\"https:\/\/www.zoll-karriere.de\">www.zoll-karriere.de<\/a> oder <a target=\"_blank\" class=\"uri-ext outbound\" rel=\"noopener nofollow\" href=\"https:\/\/www.zoll.de\">www.zoll.de<\/a> (&#8222;Karriere&#8220;).<\/p>\n<p class=\"contact-headline\">R\u00fcckfragen bitte an:<\/p>\n<p class=\"contact-text\">Hauptzollamt Duisburg<br \/>Pressestelle<br \/>Telefon: 0203 \/ 6048 &#8211; 1661, &#8211; 1531<br \/>E-Mail: <a href=\"https:\/\/www.presseportal.de\/blaulicht\/pm\/121243\/mailto:presse.hza-duisburg@zoll.bund.de\" class=\"uri-mailto\" rel=\"nofollow noopener\" target=\"_blank\">presse.hza-duisburg@zoll.bund.de<\/a><br \/><a target=\"_blank\" class=\"uri-ext outbound\" rel=\"noopener nofollow\" href=\"https:\/\/www.zoll.de\">www.zoll.de<\/a><\/p>\n<p class=\"originator\">Original-Content von: Hauptzollamt Duisburg, \u00fcbermittelt durch news aktuell<\/p>\n","protected":false},"excerpt":{"rendered":"04.09.2026 \u2013 07:39 Hauptzollamt Duisburg Duisburg; Essen; Oberhausen; M\u00fclheim a. d. Ruhr; Kreis Kleve; Kreis Wesel (ots) Rund&hellip;\n","protected":false},"author":2,"featured_media":1279629,"comment_status":"","ping_status":"","sticky":false,"template":"","format":"standard","meta":{"footnotes":"","_share_on_mastodon":"0"},"categories":[1838],"tags":[3364,29,3715,30,1209,176,13564,178,180,179,181,3699,615],"class_list":["post-1279628","post","type-post","status-publish","format-standard","has-post-thumbnail","category-duisburg","tag-de","tag-deutschland","tag-duisburg","tag-germany","tag-nordrhein-westfalen","tag-nrw","tag-personalie","tag-presse","tag-pressemeldung","tag-pressemitteilung","tag-pressemitteilungen","tag-veranstaltung","tag-zoll"],"share_on_mastodon":{"url":"","error":""},"_links":{"self":[{"href":"https:\/\/www.europesays.com\/de\/wp-json\/wp\/v2\/posts\/1279628","targetHints":{"allow":["GET"]}}],"collection":[{"href":"https:\/\/www.europesays.com\/de\/wp-json\/wp\/v2\/posts"}],"about":[{"href":"https:\/\/www.europesays.com\/de\/wp-json\/wp\/v2\/types\/post"}],"author":[{"embeddable":true,"href":"https:\/\/www.europesays.com\/de\/wp-json\/wp\/v2\/users\/2"}],"replies":[{"embeddable":true,"href":"https:\/\/www.europesays.com\/de\/wp-json\/wp\/v2\/comments?post=1279628"}],"version-history":[{"count":0,"href":"https:\/\/www.europesays.com\/de\/wp-json\/wp\/v2\/posts\/1279628\/revisions"}],"wp:featuredmedia":[{"embeddable":true,"href":"https:\/\/www.europesays.com\/de\/wp-json\/wp\/v2\/media\/1279629"}],"wp:attachment":[{"href":"https:\/\/www.europesays.com\/de\/wp-json\/wp\/v2\/media?parent=1279628"}],"wp:term":[{"taxonomy":"category","embeddable":true,"href":"https:\/\/www.europesays.com\/de\/wp-json\/wp\/v2\/categories?post=1279628"},{"taxonomy":"post_tag","embeddable":true,"href":"https:\/\/www.europesays.com\/de\/wp-json\/wp\/v2\/tags?post=1279628"}],"curies":[{"name":"wp","href":"https:\/\/api.w.org\/{rel}","templated":true}]}}