{"id":1279630,"date":"2026-09-04T07:01:51","date_gmt":"2026-09-04T07:01:51","guid":{"rendered":"https:\/\/www.europesays.com\/de\/1279630\/"},"modified":"2026-09-04T07:01:51","modified_gmt":"2026-09-04T07:01:51","slug":"duisburg-tritte-vor-den-kopf","status":"publish","type":"post","link":"https:\/\/www.europesays.com\/de\/1279630\/","title":{"rendered":"Duisburg: Tritte vor den Kopf"},"content":{"rendered":"<p class=\"text_ohne_einzug richtext text-em-55 !leading-serif mx-6 desktop:mx-0\">  Ein 42-j\u00e4hriger Mann ist am sp\u00e4ten Dienstagabend (2. September, gegen 22.40 Uhr) bei einer Auseinandersetzung auf der M\u00fcnzstra\u00dfe schwer verletzt worden. Das teilte die <a href=\"https:\/\/rp-online.de\/thema\/polizei\/\" rel=\"nofollow noopener\" target=\"_blank\">Polizei<\/a> am Donnerstag mit.<\/p>\n<p class=\"richtext text-em-55 !leading-serif mx-6 desktop:mx-0\">Nach bisherigen Erkenntnissen gerieten vor einem Backshop mit Kiosk zun\u00e4chst mehrere Personen verbal aneinander. Ein Zeuge berichtete den Einsatzkr\u00e4ften, dass sich anschlie\u00dfend f\u00fcnf bis sechs Personen gerangelt h\u00e4tten. Im weiteren Verlauf st\u00fcrzte der 42-J\u00e4hrige zu Boden. Ein bislang unbekannter junger Mann soll daraufhin mehrfach gegen den Kopf des am Boden Liegenden getreten haben.<\/p>\n<p class=\"text_ohne_einzug richtext text-em-55 !leading-serif mx-6 desktop:mx-0\">Anschlie\u00dfend fl\u00fcchtete die Gruppe in Richtung Unterstra\u00dfe. Als die alarmierten Polizisten eintrafen, fanden sie den 42-J\u00e4hrigen nicht ansprechbar auf dem Boden liegend vor. Ein Rettungswagen brachte ihn in ein Krankenhaus. Nach aktuellem Stand besteht keine Lebensgefahr. Ein Zeuge beschrieb den Mann, der gegen den Kopf des 42-J\u00e4hrigen getreten haben soll, als etwa 18 bis 20 Jahre alt und 1,80 bis 1,85 Meter gro\u00df. Er soll einen wei\u00dfen Pullover getragen haben. Ein weiterer Zeuge beschrieb die fl\u00fcchtige Gruppe als f\u00fcnf bis sechs junge M\u00e4nner im Alter zwischen etwa 15 und 25 Jahren.<\/p>\n<p class=\"richtext text-em-55 !leading-serif mx-6 desktop:mx-0\">Einer von ihnen soll ein wei\u00dfes Shirt, ein weiterer eine rote Jacke und ein anderer einen grauen Hoodie getragen haben. Eine weitere Person soll eine M\u00fctze aufgehabt haben.<\/p>\n<p class=\"richtext text-em-55 !leading-serif mx-6 desktop:mx-0\">Das Kriminalkommissariat 36 hat die Ermittlungen aufgenommen und sucht weitere Zeuginnen und Zeugen, die Angaben zu den beteiligten Personen machen k\u00f6nnen.<\/p>\n<p class=\"italic richtext text-em-55 !leading-serif mx-6 desktop:mx-0\">Hinweise nimmt die Polizei <a href=\"https:\/\/rp-online.de\/thema\/duisburg\/\" rel=\"nofollow noopener\" target=\"_blank\">Duisburg<\/a> unter der Rufnummer 0203 2800 entgegen.<\/p>\n","protected":false},"excerpt":{"rendered":"Ein 42-j\u00e4hriger Mann ist am sp\u00e4ten Dienstagabend (2. September, gegen 22.40 Uhr) bei einer Auseinandersetzung auf der M\u00fcnzstra\u00dfe&hellip;\n","protected":false},"author":2,"featured_media":1279631,"comment_status":"","ping_status":"","sticky":false,"template":"","format":"standard","meta":{"footnotes":"","_share_on_mastodon":"0"},"categories":[1838],"tags":[8434,2922,3483,3364,29,3715,30,36147,20684,10914,1209,10321,4651,78170],"class_list":["post-1279630","post","type-post","status-publish","format-standard","has-post-thumbnail","category-duisburg","tag-alter","tag-altstadt","tag-boden","tag-de","tag-deutschland","tag-duisburg","tag-germany","tag-getreten","tag-gruppe","tag-kopf","tag-nordrhein-westfalen","tag-person","tag-schlaegerei","tag-zeuge"],"share_on_mastodon":{"url":"https:\/\/pubeurope.com\/@de\/117211492627674606","error":""},"_links":{"self":[{"href":"https:\/\/www.europesays.com\/de\/wp-json\/wp\/v2\/posts\/1279630","targetHints":{"allow":["GET"]}}],"collection":[{"href":"https:\/\/www.europesays.com\/de\/wp-json\/wp\/v2\/posts"}],"about":[{"href":"https:\/\/www.europesays.com\/de\/wp-json\/wp\/v2\/types\/post"}],"author":[{"embeddable":true,"href":"https:\/\/www.europesays.com\/de\/wp-json\/wp\/v2\/users\/2"}],"replies":[{"embeddable":true,"href":"https:\/\/www.europesays.com\/de\/wp-json\/wp\/v2\/comments?post=1279630"}],"version-history":[{"count":0,"href":"https:\/\/www.europesays.com\/de\/wp-json\/wp\/v2\/posts\/1279630\/revisions"}],"wp:featuredmedia":[{"embeddable":true,"href":"https:\/\/www.europesays.com\/de\/wp-json\/wp\/v2\/media\/1279631"}],"wp:attachment":[{"href":"https:\/\/www.europesays.com\/de\/wp-json\/wp\/v2\/media?parent=1279630"}],"wp:term":[{"taxonomy":"category","embeddable":true,"href":"https:\/\/www.europesays.com\/de\/wp-json\/wp\/v2\/categories?post=1279630"},{"taxonomy":"post_tag","embeddable":true,"href":"https:\/\/www.europesays.com\/de\/wp-json\/wp\/v2\/tags?post=1279630"}],"curies":[{"name":"wp","href":"https:\/\/api.w.org\/{rel}","templated":true}]}}