{"id":1279651,"date":"2026-09-04T07:15:16","date_gmt":"2026-09-04T07:15:16","guid":{"rendered":"https:\/\/www.europesays.com\/de\/1279651\/"},"modified":"2026-09-04T07:15:16","modified_gmt":"2026-09-04T07:15:16","slug":"nwaneri-bvb-bosse-lernten-aus-pikantem-fehler-sport","status":"publish","type":"post","link":"https:\/\/www.europesays.com\/de\/1279651\/","title":{"rendered":"Nwaneri: BVB-Bosse lernten aus pikantem Fehler | Sport"},"content":{"rendered":"<p><b>Dortmund \u2013 Ethan Nwaneri (19) hinterlie\u00df bei seiner Trainings-Premiere am Donnerstag sofort Eindruck. \u201eEr hat technische F\u00e4higkeiten, die sehr gut sind, das haben wir im Training schon beobachten k\u00f6nnen. Ich bin sehr zufrieden\u201c, schw\u00e4rmte Cheftrainer Niko Kovac (54) und erkl\u00e4rte ihn direkt zur Startelf-Option f\u00fcr das Liga-Spiel am Samstag (15.30 Uhr\/Sky, Live-Ticker bei BILD.de) in Hoffenheim: \u201eEthan ist ein fitter Spieler, der theoretisch und vielleicht auch praktisch sofort spielen k\u00f6nnte.\u201c<\/b><\/p>\n<p>BILD hatte bereits enth\u00fcllt, dass die Verhandlungen \u00fcber den Leih-Deal mit dem FC Arsenal extrem kompliziert waren: Sport-Boss Lars Ricken (50) und Sportdirektor Ole Book (40) hatten am vergangenen Montag bis tief in die Nacht telefoniert. Dabei ging es auch um ein ganz spezielles Vertrags-Detail, das den Dortmundern bei einem anderen Transfer gewaltig auf die F\u00fc\u00dfe gefallen war. Diesmal verhandelten die Verantwortlichen besser!<\/p>\n<p>Lesen Sie hier mit BILD PLUS, aus welchem pikanten Fehler die BVB-Bosse entscheidend gelernt haben!<\/p>\n","protected":false},"excerpt":{"rendered":"Dortmund \u2013 Ethan Nwaneri (19) hinterlie\u00df bei seiner Trainings-Premiere am Donnerstag sofort Eindruck. \u201eEr hat technische F\u00e4higkeiten, die&hellip;\n","protected":false},"author":2,"featured_media":1279652,"comment_status":"","ping_status":"","sticky":false,"template":"","format":"standard","meta":{"footnotes":"","_share_on_mastodon":"0"},"categories":[1833],"tags":[888,3364,29,217,538,10398,347,30,5133,1209,957,803,819],"class_list":["post-1279651","post","type-post","status-publish","format-standard","has-post-thumbnail","category-dortmund","tag-borussia-dortmund","tag-de","tag-deutschland","tag-dortmund","tag-erste-bundesliga","tag-fc-arsenal","tag-fussball","tag-germany","tag-hueber-yannick","tag-nordrhein-westfalen","tag-premier-league","tag-spielertransfer","tag-sport-leuchtturm-essen"],"share_on_mastodon":{"url":"https:\/\/pubeurope.com\/@de\/117211543895933449","error":""},"_links":{"self":[{"href":"https:\/\/www.europesays.com\/de\/wp-json\/wp\/v2\/posts\/1279651","targetHints":{"allow":["GET"]}}],"collection":[{"href":"https:\/\/www.europesays.com\/de\/wp-json\/wp\/v2\/posts"}],"about":[{"href":"https:\/\/www.europesays.com\/de\/wp-json\/wp\/v2\/types\/post"}],"author":[{"embeddable":true,"href":"https:\/\/www.europesays.com\/de\/wp-json\/wp\/v2\/users\/2"}],"replies":[{"embeddable":true,"href":"https:\/\/www.europesays.com\/de\/wp-json\/wp\/v2\/comments?post=1279651"}],"version-history":[{"count":0,"href":"https:\/\/www.europesays.com\/de\/wp-json\/wp\/v2\/posts\/1279651\/revisions"}],"wp:featuredmedia":[{"embeddable":true,"href":"https:\/\/www.europesays.com\/de\/wp-json\/wp\/v2\/media\/1279652"}],"wp:attachment":[{"href":"https:\/\/www.europesays.com\/de\/wp-json\/wp\/v2\/media?parent=1279651"}],"wp:term":[{"taxonomy":"category","embeddable":true,"href":"https:\/\/www.europesays.com\/de\/wp-json\/wp\/v2\/categories?post=1279651"},{"taxonomy":"post_tag","embeddable":true,"href":"https:\/\/www.europesays.com\/de\/wp-json\/wp\/v2\/tags?post=1279651"}],"curies":[{"name":"wp","href":"https:\/\/api.w.org\/{rel}","templated":true}]}}