{"id":1279653,"date":"2026-09-04T07:16:18","date_gmt":"2026-09-04T07:16:18","guid":{"rendered":"https:\/\/www.europesays.com\/de\/1279653\/"},"modified":"2026-09-04T07:16:18","modified_gmt":"2026-09-04T07:16:18","slug":"mein-klein-leipzig-lob-ich-mir-kreuzer-online","status":"publish","type":"post","link":"https:\/\/www.europesays.com\/de\/1279653\/","title":{"rendered":"Mein Klein-Leipzig lob\u2019 ich mir \u2014 kreuzer online"},"content":{"rendered":"<p>Freundliche Haupt- und Residenzstadt des F\u00fcrstenthums Reu\u00df j\u00fcngere Linie mit 20.800 Einwohnern, macht einen fast gro\u00dfst\u00e4dtischen Eindruck und wird deshalb h\u00e4ufig \u203aKlein-Leipzig\u2039 genannt.\u00ab So bewirbt Heinrich Schwerdt vom Leipziger Verlag Bibliographisches Institut die Stadt Gera 1879 in seinem Th\u00fcringen-Reisef\u00fchrer. In der Zwischenzeit hat sich viel getan.<\/p>\n<p>F\u00fcrstliche Hauptstadt ist Gera seit 1919 nicht mehr. Daf\u00fcr war man von 1952 bis 1990 Bezirkshauptstadt (wie Leipzig auch). In dieser Zeit knackte man die Gro\u00dfstadtmarke von 100.000 Einwohnern. Die Wende lie\u00df Gera knapp darunter rutschen (derzeit 96.000 Einwohnerinnen und Einwohner), ein nicht unerheblicher Teil ist in Leipzig gelandet. Mit der Messestadt ist Gera schon lange verbunden. Im Jahr 1745 \u00fcbernahmen f\u00fcnf Kaufleute aus Gera die B\u00fcrgschaft f\u00fcr die Stadt Leipzig, da diese eine Zahlung an die preu\u00dfische Armee nicht aufbringen konnte. Als Gera durch die Textilindustrie seinen ersten Aufschwung hatte, erw\u00e4hnte es Gottlob Friedrich Krebel 1767 in einem Reisef\u00fchrer erstmals als Klein-Leipzig. In dieser Zeit entstanden in Gera mehrere schmucke Patrizierh\u00e4user nach Leipziger Vorbild, die noch heute in der Gro\u00dfen Kirchstra\u00dfe zu sehen sind.<\/p>\n<p><img src=\"https:\/\/www.europesays.com\/de\/wp-content\/uploads\/2026\/09\/DSCF9761_editcredit_Jacob-Queissner_800.jpg\" style=\"width: 200px; height: 299px;\" alt=\"\" width=\"800\" height=\"1200\" loading=\"lazy\" decoding=\"async\"\/><\/p>\n<p>Parallelen zwischen Gera und Leipzig gibt es einige: An der Wei\u00dfen Elster gelegen, Ursprung in slawischen Siedlungen, Tagebaue im Umland. Die Architekten Lossow und K\u00fchne, die einst den Leipziger Hauptbahnhof entwarfen, bauten auch Geras Schloss Osterstein um. Die Art der Deckengestaltung in den Eingangshallen des Bahnhofes fand sich auch im Westfl\u00fcgel des kriegszerst\u00f6rten Schlosses wieder.<\/p>\n<p>W\u00e4hrend Gera in Sachen bezahlbarer und verf\u00fcgbarer Wohnraum sowie stabiler Haushalt Leipzig voraus ist, fehlt es an der Anziehungskraft, die Leipzig hat. Doch Gera wandelt sich in letzter Zeit zum lohnenswerten Ausflugsziel. Die Stadt gewinnt an Selbstbewusstsein und nutzt ihr Potenzial. Mehrere gro\u00dfe Events im September zeugen davon. Zu erreichen sind sie mit dem Zug vom Leipziger Hauptbahnhof in einer Stunde.<\/p>\n<p>Organisiert von einem st\u00e4dtischen Team um den DJ Mathias Kaden findet am 5. September das vierte Open-Air \u00bbGeht Raus!\u00ab mit einem umfangreichen House- und Techno-Line-up statt. Am 20. September wird zudem erstmals zum Simsonbrunnentag geladen. An diesem Familien- und Aktivtag gibt es neben einem vielf\u00e4ltigen Programm um den Brunnen auf dem Marktplatz Besichtigungen von historischen Geb\u00e4uden sowie gef\u00fchrte Radtouren und Wanderungen mit bekannten Sportlerinnen und Sportlern wie Olaf Ludwig, Josie Hofmann, Andre Greipel und Jens Wei\u00dfflog.<\/p>\n<p>Geras historische Geb\u00e4ude kann man bereits eine Woche vorher, am 13. September, am bundesweiten Tag des offenen Denkmals erleben. Die Geb\u00e4ude sind immer eine Reise wert. Zwar sind viele von Geras alten Gassen und H\u00e4usern den Weltkriegsbomben und der DDR-Stadtplanung zum Opfer gefallen. Doch \u00fcber 600 Denkm\u00e4ler blieben der Stadt erhalten \u2013 auch deshalb war Gera 2025 die Denkmalhauptstadt. Bauliche Highlights sind der barocke Marktplatz mit dem kunstvollen Apotheken-Erker, das Neorenaissance-Theater und das Haus der Kultur, das als Monument der Ostmoderne gilt. Besonders spannend ist der Wechsel zwischen DDR-Bauten und anderen Bauepochen: Gr\u00fcnderzeitvillen, mittelalterliche Stadtmauerreste und alte Bauerngeh\u00f6fte sind umrahmt von Plattenbauten.<\/p>\n<p>Vom Wohlstand der vergangenen Jahrzehnte zeugen zahlreiche erhaltene Gr\u00fcnderzeitbauten. Gera hat die meisten Villen pro Kopf in Deutschland. Zudem gibt es hier eine gro\u00dfe Zahl an gut erhaltenen Bauten des Bauhaus beziehungsweise Neuen Bauens. Geras bekanntester Bauhaus-Architekt, Thilo Schoder, hat auch das ehemalige Bezirkskrankenhaus und die Siedlung Goethestra\u00dfe 13\u201325 in Zwenkau entworfen. Eines von Schoders Werken kann man am 12. September in Gera beim Tierpark- und Dahlienfest erleben: Nahe des Waldtierparks befindet sich Deutschlands \u00e4ltester Dahlienschaugarten, in dessen Mitte ein von Schoder entworfener Brunnen steht.<\/p>\n<p>Der beginnende Herbst bringt Gera in Feierlaune. Am ersten Oktoberwochenende findet das gr\u00f6\u00dfte Stadtfest, das H\u00f6hlerfest, statt. In diesem Jahr dreht es sich nicht nur um die namensgebenden Tunnelg\u00e4nge und Bierlagerst\u00e4tten unter der Altstadt, sondern auch um 789 Jahre Stadtrecht, welches mit einem festlichen Umzug gefeiert wird.<\/p>\n<p>&gt; Elektro-Open-Air \u00bbGeht Raus!\u00ab, 5.9., Hofwiesenpark, <a target=\"_blank\" href=\"http:\/\/www.gera.de\/gehtraus\" rel=\"nofollow noopener\">www.gera.de\/gehtraus<\/a>\u200b<br \/>&gt; Tierpark- und Dahlienfest, 12.9.<br \/>&gt; Tag des offenen Denkmals u. a. zu historischen Geb\u00e4uden, 13.9.<br \/>&gt; Simsonbrunnentag, 20.9., <a target=\"_blank\" href=\"http:\/\/www.simsonbrunnentag.de\" rel=\"nofollow noopener\">www.simsonbrunnentag.de<\/a><\/p>\n","protected":false},"excerpt":{"rendered":"Freundliche Haupt- und Residenzstadt des F\u00fcrstenthums Reu\u00df j\u00fcngere Linie mit 20.800 Einwohnern, macht einen fast gro\u00dfst\u00e4dtischen Eindruck und&hellip;\n","protected":false},"author":2,"featured_media":1279654,"comment_status":"","ping_status":"","sticky":false,"template":"","format":"standard","meta":{"footnotes":"","_share_on_mastodon":"0"},"categories":[1832],"tags":[3903,264048,5071,44655,3364,29,3490,2507,264049,24492,30,71,38812,859,34471,35998,13156,26361],"class_list":["post-1279653","post","type-post","status-publish","format-standard","has-post-thumbnail","category-leipzig","tag-ausflug","tag-ausflugstip","tag-ausflugsziel","tag-baugeschichte","tag-de","tag-deutschland","tag-fahrt","tag-freizeit","tag-freizeittip","tag-gera","tag-germany","tag-leipzig","tag-openair","tag-sachsen","tag-september","tag-tagesausflug","tag-wandern","tag-wanderung"],"share_on_mastodon":{"url":"https:\/\/pubeurope.com\/@de\/117211549841847367","error":""},"_links":{"self":[{"href":"https:\/\/www.europesays.com\/de\/wp-json\/wp\/v2\/posts\/1279653","targetHints":{"allow":["GET"]}}],"collection":[{"href":"https:\/\/www.europesays.com\/de\/wp-json\/wp\/v2\/posts"}],"about":[{"href":"https:\/\/www.europesays.com\/de\/wp-json\/wp\/v2\/types\/post"}],"author":[{"embeddable":true,"href":"https:\/\/www.europesays.com\/de\/wp-json\/wp\/v2\/users\/2"}],"replies":[{"embeddable":true,"href":"https:\/\/www.europesays.com\/de\/wp-json\/wp\/v2\/comments?post=1279653"}],"version-history":[{"count":0,"href":"https:\/\/www.europesays.com\/de\/wp-json\/wp\/v2\/posts\/1279653\/revisions"}],"wp:featuredmedia":[{"embeddable":true,"href":"https:\/\/www.europesays.com\/de\/wp-json\/wp\/v2\/media\/1279654"}],"wp:attachment":[{"href":"https:\/\/www.europesays.com\/de\/wp-json\/wp\/v2\/media?parent=1279653"}],"wp:term":[{"taxonomy":"category","embeddable":true,"href":"https:\/\/www.europesays.com\/de\/wp-json\/wp\/v2\/categories?post=1279653"},{"taxonomy":"post_tag","embeddable":true,"href":"https:\/\/www.europesays.com\/de\/wp-json\/wp\/v2\/tags?post=1279653"}],"curies":[{"name":"wp","href":"https:\/\/api.w.org\/{rel}","templated":true}]}}