{"id":1279659,"date":"2026-09-04T07:19:22","date_gmt":"2026-09-04T07:19:22","guid":{"rendered":"https:\/\/www.europesays.com\/de\/1279659\/"},"modified":"2026-09-04T07:19:22","modified_gmt":"2026-09-04T07:19:22","slug":"duesseldorf-zehn-schuesse-sieben-treffer-wer-steckt-hinter-anschlag-mitten-in-der-stadt","status":"publish","type":"post","link":"https:\/\/www.europesays.com\/de\/1279659\/","title":{"rendered":"D\u00fcsseldorf: Zehn Sch\u00fcsse, sieben Treffer \u2013 wer steckt hinter Anschlag mitten in der Stadt?"},"content":{"rendered":"<p class=\"richtext text-em-55 !leading-serif mx-6 desktop:mx-0\">Zehn Sch\u00fcsse, sieben Treffer &#8211; trotzdem hat das Opfer \u00fcberlebt. Was als eiskalte Hinrichtung auf der D\u00fcsseldorfer Kaiserstra\u00dfe geplant schien, scheiterte an der Kunst der \u00c4rzte in der Landeshauptstadt. Sie retteten dem 40 Jahre alten Opfer mit einer Notoperation das Leben.<\/p>\n<p class=\"richtext text-em-55 !leading-serif mx-6 desktop:mx-0\">Der Prozess um den Mordanschlag auf den Neffen eines ber\u00fcchtigten Drogenbosses startet an diesem Montag in D\u00fcsseldorf unter scharfen Sicherheitsvorkehrungen. Das Landgericht zieht daf\u00fcr sogar in den Hochsicherheitstrakt des Oberlandesgerichts um.<\/p>\n<p class=\"richtext text-em-55 !leading-serif mx-6 desktop:mx-0\">Das Opfer tr\u00e4gt einen Nachnamen, der bei vielen Menschen blanke Furcht ausl\u00f6st. Es ist der Neffe von H\u00fcseyin B., der auch \u201ePablo Escobar Europas\u201c oder einfach der \u201ePate\u201c genannt wird. Seit rund 28 Jahren sitzt der kurdisch-t\u00fcrkische Drogenboss in den Niederlanden im Gef\u00e4ngnis.<\/p>\n<p>Folterkammer im Obergeschoss      <\/p>\n<p class=\"richtext text-em-55 !leading-serif mx-6 desktop:mx-0\">Ermittler hatten Telefonate mitgeschnitten, in denen er reihenweise Mordauftr\u00e4ge erteilte. Britischen Medien zufolge soll H\u00fcseyin B., der in diesem Jahr 70 Jahre alt wird, mit Heroinhandel Milliarden verdient haben. In seinem Haus in London, wo er eine Weile lebte, sei sp\u00e4ter eine schallisolierte Folterkammer entdeckt worden.<\/p>\n<p class=\"richtext text-em-55 !leading-serif mx-6 desktop:mx-0\">W\u00e4hrend des Prozesses gegen einen Cousin von B. am Landgericht Bonn h\u00e4tten nach massiven Drohungen s\u00e4mtliche Richter unter Personenschutz gestanden, berichtete der \u201eBonner General-Anzeiger\u201c damals.<\/p>\n<p>Kundgebung vor dem Konsulat      <\/p>\n<p class=\"richtext text-em-55 !leading-serif mx-6 desktop:mx-0\">B.s Neffe war am 30. Dezember 2025 nach D\u00fcsseldorf gereist, um vor dem niederl\u00e4ndischen Generalkonsulat f\u00fcr die Freilassung seines ber\u00fcchtigten Onkels zu demonstrieren.<\/p>\n<p class=\"richtext text-em-55 !leading-serif mx-6 desktop:mx-0\">Schon dort sei er beobachtet worden, fanden die Ermittler heraus. Als er nach der Kundgebung in einem Taxi die Heimreise antrat, seien ihm drei M\u00e4nner in einem Auto gefolgt. Schon bald habe der Wagen das Taxi auf einer vierspurigen Nord-S\u00fcd-Verbindung Kaiserstra\u00dfe \u00fcberholt.<\/p>\n<p class=\"richtext text-em-55 !leading-serif mx-6 desktop:mx-0\">Zwei M\u00e4nner seien aus dem Auto gesprungen. In unmittelbarer N\u00e4he des NRW-Finanzministeriums h\u00e4tten sie das Feuer er\u00f6ffnet. W\u00e4hrend der 40-J\u00e4hrige von sieben Kugeln getroffen wird, bleiben der Fahrer und die zwei weiteren Insassen des Taxis unverletzt.<\/p>\n<p>Wer wollte dem Neffen ans Leben?      <\/p>\n<p class=\"richtext text-em-55 !leading-serif mx-6 desktop:mx-0\">Ermittler vermuten hinter dem Mordanschlag einen seit Jahren gewaltt\u00e4tig ausgetragenen Streit unter kriminellen Banden, der in der T\u00fcrkei seinen Ursprung haben soll und sich von dort \u00fcber Europa ausgebreitet hat.<\/p>\n<p class=\"richtext text-em-55 !leading-serif mx-6 desktop:mx-0\">Die \u201eDaltons\u201c h\u00e4tten sich mit weiteren Banden zusammengetan, um dem B.-Clan zuzusetzen, verr\u00e4t ein Ermittler. Man gehe davon aus, dass dies auch der Hintergrund f\u00fcr die aufsehenerregende Bluttat in D\u00fcsseldorf sei.<\/p>\n<p class=\"richtext text-em-55 !leading-serif mx-6 desktop:mx-0\">Drei M\u00e4nner werden am Montag aus der Untersuchungshaft auf die Anklagebank gebracht. Zwei von ihnen wirft die Staatsanwaltschaft versuchten Mord vor, dem dritten Beihilfe dazu. Ein vierter Verd\u00e4chtiger wird noch gesucht. Die Anklage wurde Anfang Juni erhoben.<\/p>\n<p class=\"richtext text-em-55 !leading-serif mx-6 desktop:mx-0\">Ihr zufolge waren ein 39-j\u00e4hriger Syrer und ein 22-j\u00e4hriger T\u00fcrke die M\u00e4nner, die am 30. Dezember 2025 in D\u00fcsseldorf schossen. Der 39-J\u00e4hrige war im nieders\u00e4chsischen Hameln von Spezialkr\u00e4ften festgenommen worden, der 22-J\u00e4hrige in Gelsenkirchen. In seiner Wohnung waren ein Sturmgewehr und eine weitere Schusswaffe sichergestellt worden.<\/p>\n<p>Vierter Verd\u00e4chtiger ist fl\u00fcchtig      <\/p>\n<p class=\"richtext text-em-55 !leading-serif mx-6 desktop:mx-0\">Dem Duo wird nicht nur versuchter Mord, sondern auch der Einsatz von Kriegswaffen zur Last gelegt. Ein 37-J\u00e4hriger soll ihnen sein Auto als Tat- und Fluchtwagen zur Verf\u00fcgung gestellt haben. Er ist wegen Beihilfe zum versuchten Mord angeklagt. Nach dem Mann, der zur Tatzeit am Steuer sa\u00df, wird noch gesucht.<\/p>\n<p class=\"richtext text-em-55 !leading-serif mx-6 desktop:mx-0\">Rechtsanwalt Ali Mojab aus Bad Oeynhausen vertritt einen der mutma\u00dflichen Sch\u00fctzen: \u201eMein Mandant ist unschuldig und hat mit diesen Leuten nichts zu tun\u201c, sagt er. Weitere Verteidiger lie\u00dfen Anfragen zun\u00e4chst unbeantwortet.<\/p>\n","protected":false},"excerpt":{"rendered":"Zehn Sch\u00fcsse, sieben Treffer &#8211; trotzdem hat das Opfer \u00fcberlebt. Was als eiskalte Hinrichtung auf der D\u00fcsseldorfer Kaiserstra\u00dfe&hellip;\n","protected":false},"author":2,"featured_media":1279660,"comment_status":"","ping_status":"","sticky":false,"template":"","format":"standard","meta":{"footnotes":"","_share_on_mastodon":"0"},"categories":[1831],"tags":[13774,513,115734,3364,29,179194,3405,30,5402,2183,36986,264050,1209,19170,1269,20421,256875],"class_list":["post-1279659","post","type-post","status-publish","format-standard","has-post-thumbnail","category-duesseldorf","tag-anschlag","tag-auto","tag-beruechtigten","tag-de","tag-deutschland","tag-drogenboss","tag-duesseldorf","tag-germany","tag-maenner","tag-mord","tag-mordanschlag","tag-mordauftraege","tag-nordrhein-westfalen","tag-opfer","tag-prozess","tag-sieben","tag-ueberlebt"],"share_on_mastodon":{"url":"https:\/\/pubeurope.com\/@de\/117211559688126755","error":""},"_links":{"self":[{"href":"https:\/\/www.europesays.com\/de\/wp-json\/wp\/v2\/posts\/1279659","targetHints":{"allow":["GET"]}}],"collection":[{"href":"https:\/\/www.europesays.com\/de\/wp-json\/wp\/v2\/posts"}],"about":[{"href":"https:\/\/www.europesays.com\/de\/wp-json\/wp\/v2\/types\/post"}],"author":[{"embeddable":true,"href":"https:\/\/www.europesays.com\/de\/wp-json\/wp\/v2\/users\/2"}],"replies":[{"embeddable":true,"href":"https:\/\/www.europesays.com\/de\/wp-json\/wp\/v2\/comments?post=1279659"}],"version-history":[{"count":0,"href":"https:\/\/www.europesays.com\/de\/wp-json\/wp\/v2\/posts\/1279659\/revisions"}],"wp:featuredmedia":[{"embeddable":true,"href":"https:\/\/www.europesays.com\/de\/wp-json\/wp\/v2\/media\/1279660"}],"wp:attachment":[{"href":"https:\/\/www.europesays.com\/de\/wp-json\/wp\/v2\/media?parent=1279659"}],"wp:term":[{"taxonomy":"category","embeddable":true,"href":"https:\/\/www.europesays.com\/de\/wp-json\/wp\/v2\/categories?post=1279659"},{"taxonomy":"post_tag","embeddable":true,"href":"https:\/\/www.europesays.com\/de\/wp-json\/wp\/v2\/tags?post=1279659"}],"curies":[{"name":"wp","href":"https:\/\/api.w.org\/{rel}","templated":true}]}}