{"id":1279663,"date":"2026-09-04T07:21:23","date_gmt":"2026-09-04T07:21:23","guid":{"rendered":"https:\/\/www.europesays.com\/de\/1279663\/"},"modified":"2026-09-04T07:21:23","modified_gmt":"2026-09-04T07:21:23","slug":"red-bull-cerro-abajo-bild-klaert-alle-fragen-zum-urban-downhill-in-stuttgart-sport","status":"publish","type":"post","link":"https:\/\/www.europesays.com\/de\/1279663\/","title":{"rendered":"Red Bull Cerro Abajo: BILD kl\u00e4rt alle Fragen zum \u201eUrban Downhill\u201c in Stuttgart | Sport"},"content":{"rendered":"<p><a class=\"skip-content skip-content--link\" href=\"#in-content-skip-link-target-v-0-0\">TTS-Player \u00fcberspringen\u21b5<\/a><a id=\"in-content-skip-link-target-v-0-0\" class=\"skip-content--target-link-hidden skip-content skip-content--target-link\" href=\"#in-content-skip-link-target-v-0-0\">Artikel weiterlesen<\/a><\/p>\n<p><b>\u201eIch erwarte, dass in Stuttgart richtig was abgeht. Stuttgart und die ganze Region sind absolut fahrradverr\u00fcckt. Wenn ein Event wie Red Bull Cerro Abajo dort zum ersten Mal stattfindet, werden die Leute in Scharen anreisen, um sich das Spektakel nicht entgehen zu lassen. Ich rechne mit extrem vielen Zuschauern und einer richtig geilen Show.\u201c<\/b><\/p>\n<p>Sagt Johannes Fischbach (38). <a href=\"https:\/\/www.bild.de\/sport\/mehr-sport\/downhill-star-fischbach-ueber-unfaelle-ich-bin-gut-davon-gekommen-6a993bcaca00b4462f069c26\" class=\"text-link\" rel=\"nofollow noopener\" target=\"_blank\">Deutschlands Vorzeige-Downhill-Biker freut sich auf die Deutschland-Premiere des krassesten \u201eUrban-Downhill-Rennens\u201c weltweit.<\/a> Am Samstag und Sonntag mutiert der Stuttgarter Kessel zur Downhill-Arena. BILD kl\u00e4rt alle Fragen zum Red Bull Cerro Abajo. <\/p>\n<p><img decoding=\"async\" width=\"992\" height=\"558\" alt=\"Johannes Fischbach feiert seinen zweiten Platz beim letzten Rennen in Genua\" loading=\"lazy\" src=\"https:\/\/www.europesays.com\/de\/wp-content\/uploads\/2026\/09\/2137c6e77db43b5e3a3246bd769bbd9a,aca14518.jpeg\"   class=\"landscape\"\/><\/p>\n<p class=\"fig__caption__text\">Johannes Fischbach feiert seinen zweiten Platz beim letzten Rennen in Genua<\/p>\n<p>Foto: Bartek Wolinski\/Red Bull Content Pool<\/p>\n<p>Wie l\u00e4uft ein Red-Bull-Cerro-Abajo-Rennen?<\/p>\n<p>Red Bull Cerro Abajo ist Urban Downhill im Einzelzeitfahren: Jeder Fahrer startet allein auf die City-Line, die schnellste Zeit entscheidet \u00fcber Sieg, Podium und letztlich den WM-Titel. <\/p>\n<p>Qualifikationsrunde: Alle 35 Fahrer treten in einem Einzelzeitfahren gegeneinander an. Die schnellsten 15 Fahrer qualifizieren sich direkt f\u00fcr das Finale. Einige Fahrer sind \u201eprotected\u201c, das hei\u00dft, sie k\u00f6nnen auch dann ins Finale einziehen, wenn sie sich aufgrund eines technischen Problems oder eines Sturzes nicht qualifizieren konnten.<\/p>\n<p>Finals: Die 15 besten Rider der Quali treten in der Finalrunde an. Die Fahrer starten nacheinander, wobei der langsamste aus der Quali als Erster und der Schnellste als Letzter ins Rennen geht. Der Rider mit der schnellsten Endzeit gewinnt das Rennen.<\/p>\n<p>Red Bull Cerro Abajo: Krassestes \u201eUrban-Downhill-Rennen\u201c kommt nach Stuttgart<a class=\"anchor video-teaser__anchor\" href=\"https:\/\/www.bild.de\/sport\/mehr-sport\/red-bull-cerro-abajo-krassestes-urban-downhill-rennen-kommt-nach-stuttgart-6a956501518a586e1855e2ec\" rel=\"nofollow noopener\" target=\"_blank\"><img decoding=\"async\" width=\"992\" height=\"558\" alt=\"\" loading=\"lazy\" src=\"https:\/\/www.europesays.com\/de\/wp-content\/uploads\/2026\/09\/d8201880df4a492c2cb395df571158d2,4e7c30ee.jpeg\"   class=\"landscape teaser__image\"\/><\/a><\/p>\n<p>Quelle: Red Bull Media House03.09.2026<\/p>\n<p>Wie verl\u00e4uft die Strecke in Stuttgart?<\/p>\n<p>Die Fahrer starten an der Aussichtsplattform im Wei\u00dfenburgpark. Der Park und die Bopseranlage sind am Renntag aus organisatorischen Gr\u00fcnden f\u00fcr die \u00d6ffentlichkeit gesperrt. Das erste f\u00fcr Fans zug\u00e4ngliche Highlight ist der \u201eBridge Drop\u201c an der Hohenheimer Stra\u00dfe. Von der 8,50 Meter hohen Fu\u00dfg\u00e4ngerbr\u00fccke springen die Fahrer seitlich hinab auf die Bopserwaldstra\u00dfe. Von dort sind sie in hohem Tempo am Bopserbr\u00fcnnle zu beobachten bis zum Rampensprung \u00fcber die Etzelstra\u00dfe. Die n\u00e4chste sehr schmale Passage mit den Schikanen in der Carola-Blume-Anlage ist aufgrund der Enge der Strecke nicht f\u00fcr Zuschauende zug\u00e4nglich oder begehbar. Aber an der Etzelstra\u00dfe gibt eine Videowand Einblick in den gesamten Streckenverlauf.<\/p>\n<p><img decoding=\"async\" width=\"992\" height=\"558\" alt=\"1,2 Kilometer lang, 130 H\u00f6henmeter bergab, die Strecke des Red Bull Cerro Abajo in Stuttgart\" loading=\"lazy\" src=\"https:\/\/www.europesays.com\/de\/wp-content\/uploads\/2026\/09\/49cfc58c04a0e19653b68b1a075a7cd6,ac22b6b6.jpeg\"   class=\"landscape\"\/><\/p>\n<p class=\"fig__caption__text\">1,2 Kilometer lang, 130 H\u00f6henmeter bergab, die Strecke des Red Bull Cerro Abajo in Stuttgart <\/p>\n<p>Foto: Red Bull<\/p>\n<p>Wo hat man die beste Sicht?<\/p>\n<p>Zuschauerbereiche mit riesigen Video-Leinw\u00e4nden sind unter anderem am Bopser-Br\u00fcnnle sowie zwischen Mozartplatz und Ziel am Wilhelmsplatz eingerichtet. Der Eintritt ist frei.<\/p>\n<p><img decoding=\"async\" width=\"992\" height=\"558\" alt=\"Alle Highlights des Red Bull Cerro Abajo\" loading=\"lazy\" src=\"https:\/\/www.europesays.com\/de\/wp-content\/uploads\/2026\/09\/715460b39c9087f60053c63aeb1d9d94,fc15214.jpeg\"   class=\"landscape\"\/><\/p>\n<p class=\"fig__caption__text\">Alle Highlights des Red Bull Cerro Abajo<\/p>\n<p>Foto: Red Bull<\/p>\n<p>Wie kann ich das Rennen im TV sehen?<\/p>\n<p>Samstag ist Training, Sonntag Quali und Rennen. Der SWR \u00fcbertr\u00e4gt live am Sonntag ab 15 Uhr im TV und Livestream. Red Bull TV startet seinen Livestream am Sonntag um 14.50 Uhr in der App und bei YouTube. <\/p>\n<p>Wie ist der Zeitplan?<\/p>\n<p>Samstag<\/p>\n<p>13.30 Uhr: Zielbereich ge\u00f6ffnet &amp; Start der Practice Sessions ab Bopser Br\u00fcnnle<\/p>\n<p>14 Uhr: Pr\u00e4sentation der Fahrer &amp; Signing Session im Zielbereich <\/p>\n<p>16 Uhr: After Hour in der Leonhardstra\u00dfe (bis 22 Uhr)<\/p>\n<p>18.20 Uhr: Practice Sessions (Full Runs)<\/p>\n<p>21 Uhr: Zielbereich geschlossen<\/p>\n<p>Sonntag <\/p>\n<p>9 Uhr: Zielbereich ge\u00f6ffnet und Start der Warm-up Runs<\/p>\n<p>12 Uhr: Start der Qualifikation<\/p>\n<p>14.15 Uhr: Start der Progression Session<\/p>\n<p>14.50: Uhr Start des Finales<\/p>\n<p>17 Uhr: Ende der Veranstaltung<\/p>\n<p>Mehr zum Thema<\/p>\n","protected":false},"excerpt":{"rendered":"TTS-Player \u00fcberspringen\u21b5Artikel weiterlesen \u201eIch erwarte, dass in Stuttgart richtig was abgeht. Stuttgart und die ganze Region sind absolut&hellip;\n","protected":false},"author":2,"featured_media":1279664,"comment_status":"","ping_status":"","sticky":false,"template":"","format":"standard","meta":{"footnotes":"","_share_on_mastodon":"0"},"categories":[1830],"tags":[1634,3364,29,32191,30,32192,1651,1441],"class_list":["post-1279663","post","type-post","status-publish","format-standard","has-post-thumbnail","category-stuttgart","tag-baden-wuerttemberg","tag-de","tag-deutschland","tag-downhill","tag-germany","tag-mountainbike","tag-red-bull","tag-stuttgart"],"share_on_mastodon":{"url":"https:\/\/pubeurope.com\/@de\/117211570772616876","error":""},"_links":{"self":[{"href":"https:\/\/www.europesays.com\/de\/wp-json\/wp\/v2\/posts\/1279663","targetHints":{"allow":["GET"]}}],"collection":[{"href":"https:\/\/www.europesays.com\/de\/wp-json\/wp\/v2\/posts"}],"about":[{"href":"https:\/\/www.europesays.com\/de\/wp-json\/wp\/v2\/types\/post"}],"author":[{"embeddable":true,"href":"https:\/\/www.europesays.com\/de\/wp-json\/wp\/v2\/users\/2"}],"replies":[{"embeddable":true,"href":"https:\/\/www.europesays.com\/de\/wp-json\/wp\/v2\/comments?post=1279663"}],"version-history":[{"count":0,"href":"https:\/\/www.europesays.com\/de\/wp-json\/wp\/v2\/posts\/1279663\/revisions"}],"wp:featuredmedia":[{"embeddable":true,"href":"https:\/\/www.europesays.com\/de\/wp-json\/wp\/v2\/media\/1279664"}],"wp:attachment":[{"href":"https:\/\/www.europesays.com\/de\/wp-json\/wp\/v2\/media?parent=1279663"}],"wp:term":[{"taxonomy":"category","embeddable":true,"href":"https:\/\/www.europesays.com\/de\/wp-json\/wp\/v2\/categories?post=1279663"},{"taxonomy":"post_tag","embeddable":true,"href":"https:\/\/www.europesays.com\/de\/wp-json\/wp\/v2\/tags?post=1279663"}],"curies":[{"name":"wp","href":"https:\/\/api.w.org\/{rel}","templated":true}]}}