{"id":1279686,"date":"2026-09-04T07:36:22","date_gmt":"2026-09-04T07:36:22","guid":{"rendered":"https:\/\/www.europesays.com\/de\/1279686\/"},"modified":"2026-09-04T07:36:22","modified_gmt":"2026-09-04T07:36:22","slug":"fuer-grenzenlose-mobilitaet-alpwalk-s1-hueft-assistenz-exoskelett-auf-der-ifa-berlin-2026","status":"publish","type":"post","link":"https:\/\/www.europesays.com\/de\/1279686\/","title":{"rendered":"F\u00dcR GRENZENLOSE MOBILIT\u00c4T: AlpWalk S1 H\u00fcft-Assistenz-Exoskelett auf der IFA Berlin 2026"},"content":{"rendered":"<p>BERLIN, Sept. 04, 2026 (GLOBE NEWSWIRE) &#8212; AlpWalk, eine globale Technologiemarke im Bereich der verk\u00f6rperten Intelligenz, hat heute bekannt gegeben, dass sie ihr H\u00fcft-Assistenz-Exoskelett AlpWalk S1 auf der IFA Berlin 2026 vom 4. bis 8. September am Stand 306 in Halle H5.2 vorstellen wird.<\/p>\n<p>AlpWalk setzt sich daf\u00fcr ein, Senioren ein aktives Leben zu erm\u00f6glichen und daf\u00fcr zu sorgen, dass das Alter niemals ein Grund daf\u00fcr sein muss, die eigene Mobilit\u00e4t einzuschr\u00e4nken.<\/p>\n<p><img decoding=\"async\" height=\"400.0px\" src=\"https:\/\/www.europesays.com\/de\/wp-content\/uploads\/2026\/09\/image1.jpg\" width=\"600.0px\" data-dpi=\"96\" data-file=\"\"\/><\/p>\n<p>Bei der Konstruktion des AlpWalk S1 steht die Sicherheit an erster Stelle. Das Ger\u00e4t verf\u00fcgt \u00fcber eine Gelenkwinkelsteuerung mit einer Genauigkeit von 0,1 Grad, eine Tr\u00e4gerkonstruktion aus hochfestem Kohlefaser-Verbundwerkstoff sowie mehrstufige mechanische Sicherheitsanschl\u00e4ge, die daf\u00fcr sorgen, dass die Gelenke innerhalb eines sicheren Bewegungsbereichs bleiben. Das System kann wahlweise durch einen U-f\u00f6rmigen Airbag zum Schutz vor St\u00fcrzen erg\u00e4nzt werden. Die H\u00fcftgelenkmotoren bieten unterst\u00fctzendes Drehmoment und reduzieren so den Energieaufwand beim allt\u00e4glichen Gehen, Bergaufgehen und Treppensteigen um bis zu 35 %. Dabei bleiben beide H\u00e4nde frei, was eine nat\u00fcrliche K\u00f6rperhaltung erm\u00f6glicht.<\/p>\n<p>Der Tragekomfort macht den AlpWalk S1 zu einem Begleiter, den Senioren auch \u00fcber einen l\u00e4ngeren Zeitraum bequem tragen k\u00f6nnen. Das vierdimensionale ergonomische Design zeichnet sich durch l\u00e4ngenverstellbare, atmungsaktive Nylongurte, eine Taillenpolsterung aus viskoelastischem Schaumstoff sowie eine an die K\u00f6rperkontur angepasste H\u00fcftgurtkonstruktion aus. Der ultraleichte, faltbare Rahmen l\u00e4sst sich in einem 20-Liter-Rucksack verstauen und daher m\u00fchelos transportieren.<\/p>\n<p><img decoding=\"async\" height=\"600.09px\" src=\"https:\/\/www.europesays.com\/de\/wp-content\/uploads\/2026\/09\/image2.png\" width=\"450.07px\" data-dpi=\"96\" data-file=\"\"\/><\/p>\n<p>AlpWalk wurde zudem speziell f\u00fcr die Bewegungsmuster \u00e4lterer Nutzer optimiert: der propriet\u00e4re &#8222;Gentle-Pace&#8220;-KI-Gangalgorithmus wurde auf der Grundlage eines Datensatzes mit mehr als 10.000 Bewegungsmustern von Senioren trainiert. Dadurch kann er in Echtzeit und mit einer Genauigkeit von 99 % zwischen Gehen, Bergaufgehen, Treppensteigen und Stillstehen unterscheiden und lernt dabei kontinuierlich das individuelle Gangmuster des jeweiligen Tr\u00e4gers.<\/p>\n<p>Ein Akku mit einer Kapazit\u00e4t von 4.600 mAh sorgt f\u00fcr Leistung und Zuverl\u00e4ssigkeit im Alltag. Unter Standardtestbedingungen bietet er eine Laufzeit von bis zu <strong>6 Stunden<\/strong> bzw. eine Reichweite von 20 Kilometern. Er verf\u00fcgt zudem \u00fcber eine 65-W-USB-C-Schnellladefunktion sowie ein austauschbares Akkusystem. Die begleitende Smart-Health-Care-App erfasst t\u00e4glich die Schrittzahl, die zur\u00fcckgelegte Strecke und die Nutzungsdauer und erm\u00f6glicht es Familienmitgliedern, die Aktivit\u00e4ten ihrer Angeh\u00f6rigen aus der Ferne mitzuverfolgen. Das Ger\u00e4t verf\u00fcgt \u00fcber ein IP54-Rating gegen Staub und Spritzwasser, funktioniert zuverl\u00e4ssig in einem Temperaturbereich von -20 \u00b0C bis 50 \u00b0C und wurde 10.000 Stunden lang einem strengen Gesamtsystemtest unterzogen.<\/p>\n<p>AlpWalk untersucht dar\u00fcber hinaus B2B-Anwendungen &#8211; darunter passive Exoskelette f\u00fcr die oberen Gliedma\u00dfen, Hebe-Exoskelette sowie agile Exoskelette &#8211; in den Bereichen Industrie, Brandbek\u00e4mpfung, Inspektion und Rettung sowie Logistik.<\/p>\n<p><strong>\u00dcber AlpWalk:<\/strong><\/p>\n<p>AlpWalk vereint ein Forschungsteam mit globaler Perspektive und umfassenden Kompetenzen im Bereich der verk\u00f6rperten Intelligenz, die sich \u00fcber die gesamte Prozesskette von der Wahrnehmung bis zur Bewegung erstrecken. Ziel ist es, das Leben der Menschen durch Technologien zu bereichern, die unterst\u00fctzen, st\u00e4rken und sch\u00fctzen.<\/p>\n<p>Medienkontakt:<\/p>\n<p>Ansprechpartner: Dennis Bao<\/p>\n<p>E-Mail: marketing@alpwalk.com<\/p>\n<p>Fotos zu dieser Mitteilung finden Sie unter<\/p>\n<p>https:\/\/www.globenewswire.com\/NewsRoom\/AttachmentNg\/b4102a77-15b8-4aa2-8b06-2a04e1199b25<\/p>\n<p>https:\/\/www.globenewswire.com\/NewsRoom\/AttachmentNg\/f71cfe4a-afb2-40e4-81d1-4b5d9e884568<\/p>\n<p><img decoding=\"async\" alt=\"\" src=\"https:\/\/www.globenewswire.com\/newsroom\/ti?nf=OTgyMTQ5NSM3ODE0OTI1IzUwMDE2NzMxNw==\"\/><br \/><img decoding=\"async\" alt=\"\" src=\"https:\/\/www.europesays.com\/de\/wp-content\/uploads\/2026\/09\/AlpWalk.png\" referrerpolicy=\"no-referrer-when-downgrade\"\/><\/p>\n","protected":false},"excerpt":{"rendered":"BERLIN, Sept. 04, 2026 (GLOBE NEWSWIRE) &#8212; AlpWalk, eine globale Technologiemarke im Bereich der verk\u00f6rperten Intelligenz, hat heute&hellip;\n","protected":false},"author":2,"featured_media":4508,"comment_status":"","ping_status":"","sticky":false,"template":"","format":"standard","meta":{"footnotes":"","_share_on_mastodon":"0"},"categories":[1825],"tags":[242,264053,194019,296,29,208316,30,264052,264054,8787],"class_list":["post-1279686","post","type-post","status-publish","format-standard","has-post-thumbnail","category-berlin","tag-242","tag-alpwalk","tag-assistenz","tag-berlin","tag-deutschland","tag-exoskelett","tag-germany","tag-grenzenlose","tag-hft","tag-mobilitt"],"share_on_mastodon":{"url":"https:\/\/pubeurope.com\/@de\/117211630006025252","error":""},"_links":{"self":[{"href":"https:\/\/www.europesays.com\/de\/wp-json\/wp\/v2\/posts\/1279686","targetHints":{"allow":["GET"]}}],"collection":[{"href":"https:\/\/www.europesays.com\/de\/wp-json\/wp\/v2\/posts"}],"about":[{"href":"https:\/\/www.europesays.com\/de\/wp-json\/wp\/v2\/types\/post"}],"author":[{"embeddable":true,"href":"https:\/\/www.europesays.com\/de\/wp-json\/wp\/v2\/users\/2"}],"replies":[{"embeddable":true,"href":"https:\/\/www.europesays.com\/de\/wp-json\/wp\/v2\/comments?post=1279686"}],"version-history":[{"count":0,"href":"https:\/\/www.europesays.com\/de\/wp-json\/wp\/v2\/posts\/1279686\/revisions"}],"wp:featuredmedia":[{"embeddable":true,"href":"https:\/\/www.europesays.com\/de\/wp-json\/wp\/v2\/media\/4508"}],"wp:attachment":[{"href":"https:\/\/www.europesays.com\/de\/wp-json\/wp\/v2\/media?parent=1279686"}],"wp:term":[{"taxonomy":"category","embeddable":true,"href":"https:\/\/www.europesays.com\/de\/wp-json\/wp\/v2\/categories?post=1279686"},{"taxonomy":"post_tag","embeddable":true,"href":"https:\/\/www.europesays.com\/de\/wp-json\/wp\/v2\/tags?post=1279686"}],"curies":[{"name":"wp","href":"https:\/\/api.w.org\/{rel}","templated":true}]}}