{"id":1279698,"date":"2026-09-04T07:44:35","date_gmt":"2026-09-04T07:44:35","guid":{"rendered":"https:\/\/www.europesays.com\/de\/1279698\/"},"modified":"2026-09-04T07:44:35","modified_gmt":"2026-09-04T07:44:35","slug":"cinestar-bremen-veranstaltet-the-fast-and-the-furious-nacht-programm","status":"publish","type":"post","link":"https:\/\/www.europesays.com\/de\/1279698\/","title":{"rendered":"Cinestar Bremen veranstaltet &#8222;The Fast and the Furious&#8220;-Nacht \u2013 Programm"},"content":{"rendered":"<p>&#8222;Fast &amp; Furious Jubil\u00e4ums Car Night&#8220; <\/p>\n<p>Hei\u00dfe Schlitten in Bremen: Kino veranstaltet besondere Filmnacht<\/p>\n<p>03.09.2026 &#8211; 14:49 UhrLesedauer: 2 Min.<\/p>\n<p><a href=\"#focus-0\" class=\"transition-colors block text-current relative\" data-sctrack=\"FocusGalleryImage.Reference\"><img fetchpriority=\"high\" data-testid=\"Opener.Image\"   loading=\"eager\" src=\"https:\/\/www.europesays.com\/de\/wp-content\/uploads\/2026\/09\/paul-walker-in-the-the-fast-and-the-furious-er-spielte-brian-o-connor.jpg\" alt=\"Paul Walker in the &quot;The Fast and the Furious&quot;: Er spielte Brian O' Connor.\" title=\"Paul Walker in the &quot;The Fast and the Furious&quot;: Er spielte Brian O' Connor.\" width=\"3619\" height=\"2035\" class=\"bg-[url:var(--lqipURL)] bg-cover bg-center flex h-full w-full max-w-full\" style=\"--lqipURL:url('https:\/\/images.t-online.de\/2026\/09\/QmMnvIjZbikS\/371x0:3619x2035\/fit-in\/150x0\/filters:blur(25)\/paul-walker-in-the-the-fast-and-the-furious-er-spielte-brian-o-connor.jpg')\" decoding=\"async\"\/><img loading=\"lazy\" src=\"https:\/\/bremen.t-online.de\/s\/paper\/_next\/static\/media\/zoom-in.f7dae02f.svg\" alt=\"Vergr\u00f6\u00dfern des Bildes\" title=\"Vergr\u00f6\u00dfern des Bildes\" class=\"block h-[calc(var(--height)_\/_16_*_1rem)] w-[calc(var(--width)_\/_16_*_1rem)] max-w-none absolute right-8 bottom-8 rounded-4 bg-snow p-8\" style=\"--width:32;--height:32\" decoding=\"async\"\/><\/a><\/p>\n<p>Paul Walker in the &#8222;The Fast and the Furious&#8220;: Er spielte Brian O&#8216; Conner. (Quelle: IMAGO\/CAP\/FB)<\/p>\n<p><img loading=\"lazy\" src=\"https:\/\/bremen.t-online.de\/s\/paper\/_next\/static\/media\/audio-volume.6689034c.svg\" alt=\"\" title=\"\" class=\"block h-[calc(var(--height)_\/_16_*_1rem)] w-[calc(var(--width)_\/_16_*_1rem)] max-w-none group-hover:brightness-0 group-hover:invert\" style=\"--width:16;--height:16\" decoding=\"async\"\/>Vorlesen<\/p>\n<p>Aktuelle Zeit:0:00Gesamtdauer:0:00<\/p>\n<p>1x<img loading=\"lazy\" src=\"https:\/\/bremen.t-online.de\/s\/paper\/_next\/static\/media\/font-sizes.32942e33.svg\" alt=\"\" title=\"\" class=\"block h-[calc(var(--height)_\/_16_*_1rem)] w-[calc(var(--width)_\/_16_*_1rem)] max-w-none group-hover:hidden group-aria-expanded:hidden\" style=\"--width:16;--height:16\" decoding=\"async\"\/><img loading=\"lazy\" src=\"https:\/\/bremen.t-online.de\/s\/paper\/_next\/static\/media\/font-sizes-dark-mode.e382645c.svg\" alt=\"\" title=\"\" class=\"block h-[calc(var(--height)_\/_16_*_1rem)] w-[calc(var(--width)_\/_16_*_1rem)] max-w-none hidden group-hover:block group-aria-expanded:block\" style=\"--width:16;--height:16\" decoding=\"async\"\/><img loading=\"lazy\" src=\"https:\/\/bremen.t-online.de\/s\/paper\/_next\/static\/media\/sharing-menu-icon.1eb71368.svg\" alt=\"\" title=\"\" class=\"block h-[calc(var(--height)_\/_16_*_1rem)] w-[calc(var(--width)_\/_16_*_1rem)] max-w-none group-hover:brightness-0 group-hover:invert\" style=\"--width:16;--height:16\" decoding=\"async\"\/>Artikel teilen<\/p>\n<p class=\"font-bold text-18 leading-17 user-text-lg:text-22 user-text-xl:text-24\">Auf Autofans wartet eine besondere Veranstaltung in Bremen. Auch ein Kultfilm wird gezeigt.<\/p>\n<p class=\"text-18 leading-17 user-text-lg:text-22 user-text-xl:text-24\">&#8222;Fast and Furious&#8220; z\u00e4hlt zu den Kultfilmen. Der erste Teil kam 2001 in die Kinos und feiert nun 25-j\u00e4hriges Jubil\u00e4um. Aus diesem Anlass veranstaltet das Kino Cinestar in Bremen ein besonderes Event.<\/p>\n<p class=\"text-18 leading-17 user-text-lg:text-22 user-text-xl:text-24\">Am Freitag, 4. September, hei\u00dft es &#8222;Fast &amp; Furious Jubil\u00e4ums Car Night&#8220;. Ab 19 Uhr gibt es eine gro\u00dfe Auto-Ausstellung drau\u00dfen vor dem Kino. Besucher k\u00f6nnen ihre Stimme f\u00fcr das sch\u00f6nste Modell abgeben.<\/p>\n<p>Kinosaal so gut wie ausverkauft<\/p>\n<p class=\"text-18 leading-17 user-text-lg:text-22 user-text-xl:text-24\">Ab 22.30 Uhr geht es dann im Kinosaal 4 weiter. Dort werden die Pokale an die Besitzer der sch\u00f6nsten Autos vergeben. Au\u00dferdem werden unter allen Besuchern, die ihre Stimme abgegeben haben, Tickets f\u00fcr die DTM verlost. Im Anschluss daran wird &#8222;The Fast and the Furious&#8220; gezeigt. Tickets f\u00fcr das Event gibt es ab 12,90 Euro. Allerdings gibt es im Kinosaal nur noch Restpl\u00e4tze.<\/p>\n<p class=\"text-18 leading-17 user-text-lg:text-22 user-text-xl:text-24\">&#8222;Fast &amp; Furious&#8220; geh\u00f6rt zu den erfolgreichsten Filmreihen. Mittlerweile gibt es zehn Teile. &#8222;Fast Forever&#8220; soll nach jetzigem Stand 2028 in die Kinos kommen.<\/p>\n<ul class=\"text-18 leading-17 block pl-24 *:pb-16 *:before:inline-block *:before:size-8 *:before:bg-magenta *:before:mt-0 *:before:mr-12 *:before:mb-2 *:before:-ml-[20px]\">\n<li><strong class=\"font-bold\">Mord an junger Frau:<\/strong> <a href=\"https:\/\/bremen.t-online.de\/region\/bremen\/id_101418710\/neue-folgen-xy-geloest-folge-zeigt-mord-an-swantje-starke-aus-cuxhaven.html\" class=\"transition-colors cursor-pointer no-underline md:hover:text-magenta md:focus:text-magenta border-b border-solid border-current text-salemsfur md:hover:border-magenta\" data-tracking=\"{&quot;action&quot;:&quot;click&quot;,&quot;category&quot;:&quot;intextLink&quot;,&quot;label&quot;:&quot;\/region\/bremen\/id_101418710\/neue-folgen-xy-geloest-folge-zeigt-mord-an-swantje-starke-aus-cuxhaven.html&quot;}\" data-sctrack=\"BodyAnchor\" rel=\"nofollow noopener\" target=\"_blank\">&#8222;XY gel\u00f6st&#8220; zeigt Fall von der Nordsee<\/a><\/li>\n<li><strong class=\"font-bold\">Perfektes Match bei &#8222;First Dates&#8220;:<\/strong> <a href=\"https:\/\/bremen.t-online.de\/region\/bremen\/id_101418104\/first-dates-luca-aus-rotenburg-bei-bremen-trifft-heute-auf-erika-match-.html\" class=\"transition-colors cursor-pointer no-underline md:hover:text-magenta md:focus:text-magenta border-b border-solid border-current text-salemsfur md:hover:border-magenta\" data-tracking=\"{&quot;action&quot;:&quot;click&quot;,&quot;category&quot;:&quot;intextLink&quot;,&quot;label&quot;:&quot;\/region\/bremen\/id_101418104\/first-dates-luca-aus-rotenburg-bei-bremen-trifft-heute-auf-erika-match-.html&quot;}\" data-sctrack=\"BodyAnchor\" rel=\"nofollow noopener\" target=\"_blank\">Rotenburger sucht die Liebe im TV<\/a><\/li>\n<\/ul>\n<p class=\"text-18 leading-17 user-text-lg:text-22 user-text-xl:text-24\">Ging es im ersten Teil der Reihe noch um die Streetracing-Szene, wurde &#8222;The Fast and the Furious&#8220; mit der Zeit zu einer Mischung aus Heist- und Agenten-Action. Autos spielen aber in jedem Teil eine zentrale Rolle. 2013 wurden die Dreharbeiten zum siebten Teil &#8222;Fast &amp; Furious 7&#8220; \u00fcberschattet, als Paul Walker bei einem Autounfall starb. Er spielte die Rolle des Brian O&#8216; Conner und pr\u00e4gte seit Teil 1 das gesamte Franchise.<\/p>\n<p class=\"text-18 leading-17 user-text-lg:text-22 user-text-xl:text-24\">Paul Walkers Br\u00fcder Caleb und Cody fungierten f\u00fcr die restlichen Dreharbeiten f\u00fcr Teil 7 als Double. Au\u00dferdem kamen CGI und Archivmaterial aus vorigen Filmen zum Einsatz, um fehlende Szenen mit Brian O&#8216; Conner abzudrehen.<\/p>\n","protected":false},"excerpt":{"rendered":"&#8222;Fast &amp; Furious Jubil\u00e4ums Car Night&#8220; Hei\u00dfe Schlitten in Bremen: Kino veranstaltet besondere Filmnacht 03.09.2026 &#8211; 14:49 UhrLesedauer:&hellip;\n","protected":false},"author":2,"featured_media":1279699,"comment_status":"","ping_status":"","sticky":false,"template":"","format":"standard","meta":{"footnotes":"","_share_on_mastodon":"0"},"categories":[1771],"tags":[513,2420,1778,29,214,24575,30,95,38837,1777,264055,215],"class_list":["post-1279698","post","type-post","status-publish","format-standard","has-post-thumbnail","category-kino","tag-auto","tag-bremen","tag-cinema","tag-deutschland","tag-entertainment","tag-filmnacht","tag-germany","tag-kino","tag-kultfilm","tag-movie","tag-paul-walker","tag-unterhaltung"],"share_on_mastodon":{"url":"https:\/\/pubeurope.com\/@de\/117211658458399880","error":""},"_links":{"self":[{"href":"https:\/\/www.europesays.com\/de\/wp-json\/wp\/v2\/posts\/1279698","targetHints":{"allow":["GET"]}}],"collection":[{"href":"https:\/\/www.europesays.com\/de\/wp-json\/wp\/v2\/posts"}],"about":[{"href":"https:\/\/www.europesays.com\/de\/wp-json\/wp\/v2\/types\/post"}],"author":[{"embeddable":true,"href":"https:\/\/www.europesays.com\/de\/wp-json\/wp\/v2\/users\/2"}],"replies":[{"embeddable":true,"href":"https:\/\/www.europesays.com\/de\/wp-json\/wp\/v2\/comments?post=1279698"}],"version-history":[{"count":0,"href":"https:\/\/www.europesays.com\/de\/wp-json\/wp\/v2\/posts\/1279698\/revisions"}],"wp:featuredmedia":[{"embeddable":true,"href":"https:\/\/www.europesays.com\/de\/wp-json\/wp\/v2\/media\/1279699"}],"wp:attachment":[{"href":"https:\/\/www.europesays.com\/de\/wp-json\/wp\/v2\/media?parent=1279698"}],"wp:term":[{"taxonomy":"category","embeddable":true,"href":"https:\/\/www.europesays.com\/de\/wp-json\/wp\/v2\/categories?post=1279698"},{"taxonomy":"post_tag","embeddable":true,"href":"https:\/\/www.europesays.com\/de\/wp-json\/wp\/v2\/tags?post=1279698"}],"curies":[{"name":"wp","href":"https:\/\/api.w.org\/{rel}","templated":true}]}}