{"id":1279723,"date":"2026-09-04T07:58:24","date_gmt":"2026-09-04T07:58:24","guid":{"rendered":"https:\/\/www.europesays.com\/de\/1279723\/"},"modified":"2026-09-04T07:58:24","modified_gmt":"2026-09-04T07:58:24","slug":"braunschweig-querum-wohnhaus-brennt-warnung-wegen-rauch-ueber-der-a2","status":"publish","type":"post","link":"https:\/\/www.europesays.com\/de\/1279723\/","title":{"rendered":"Braunschweig-Querum: Wohnhaus brennt \u2013 Warnung wegen Rauch \u00fcber der A2"},"content":{"rendered":"<p>Wohnhaus brennt <\/p>\n<p>Rauchwolke zieht \u00fcber Braunschweig \u2013 Warnung<\/p>\n<p>Aktualisiert am 04.09.2026 &#8211; 08:48 UhrLesedauer: 1 Min.<\/p>\n<p><a href=\"#focus-0\" class=\"transition-colors block text-current relative\" data-sctrack=\"FocusGalleryImage.Reference\"><img fetchpriority=\"high\" data-testid=\"Opener.Image\"   loading=\"eager\" src=\"https:\/\/www.europesays.com\/de\/wp-content\/uploads\/2026\/09\/1788508703_196_image.jpg\" alt=\"imago images 0243037157\" title=\"imago images 0243037157\" width=\"4300\" height=\"2419\" class=\"bg-[url:var(--lqipURL)] bg-cover bg-center flex h-full w-full max-w-full\" style=\"--lqipURL:url('https:\/\/images.t-online.de\/2026\/09\/2E50FLVU3dQN\/0x206:4300x2419\/fit-in\/150x0\/filters:blur(25)\/image.jpg')\" decoding=\"async\"\/><img loading=\"lazy\" src=\"https:\/\/braunschweig.t-online.de\/s\/paper\/_next\/static\/media\/zoom-in.f7dae02f.svg\" alt=\"Vergr\u00f6\u00dfern des Bildes\" title=\"Vergr\u00f6\u00dfern des Bildes\" class=\"block h-[calc(var(--height)_\/_16_*_1rem)] w-[calc(var(--width)_\/_16_*_1rem)] max-w-none absolute right-8 bottom-8 rounded-4 bg-snow p-8\" style=\"--width:32;--height:32\" decoding=\"async\"\/><\/a><\/p>\n<p>Eine dichte Rauchwolke (Symbolbild): In Braunschweig besteht am Freitagmorgen eine amtliche Gefahreninformation. (Quelle: IMAGO\/Joerg Boethling)<\/p>\n<p><img loading=\"lazy\" src=\"https:\/\/braunschweig.t-online.de\/s\/paper\/_next\/static\/media\/audio-volume.6689034c.svg\" alt=\"\" title=\"\" class=\"block h-[calc(var(--height)_\/_16_*_1rem)] w-[calc(var(--width)_\/_16_*_1rem)] max-w-none group-hover:brightness-0 group-hover:invert\" style=\"--width:16;--height:16\" decoding=\"async\"\/>Vorlesen<\/p>\n<p>Aktuelle Zeit:0:00Gesamtdauer:0:00<\/p>\n<p>1x<img loading=\"lazy\" src=\"https:\/\/braunschweig.t-online.de\/s\/paper\/_next\/static\/media\/font-sizes.32942e33.svg\" alt=\"\" title=\"\" class=\"block h-[calc(var(--height)_\/_16_*_1rem)] w-[calc(var(--width)_\/_16_*_1rem)] max-w-none group-hover:hidden group-aria-expanded:hidden\" style=\"--width:16;--height:16\" decoding=\"async\"\/><img loading=\"lazy\" src=\"https:\/\/braunschweig.t-online.de\/s\/paper\/_next\/static\/media\/font-sizes-dark-mode.e382645c.svg\" alt=\"\" title=\"\" class=\"block h-[calc(var(--height)_\/_16_*_1rem)] w-[calc(var(--width)_\/_16_*_1rem)] max-w-none hidden group-hover:block group-aria-expanded:block\" style=\"--width:16;--height:16\" decoding=\"async\"\/><img loading=\"lazy\" src=\"https:\/\/braunschweig.t-online.de\/s\/paper\/_next\/static\/media\/sharing-menu-icon.1eb71368.svg\" alt=\"\" title=\"\" class=\"block h-[calc(var(--height)_\/_16_*_1rem)] w-[calc(var(--width)_\/_16_*_1rem)] max-w-none group-hover:brightness-0 group-hover:invert\" style=\"--width:16;--height:16\" decoding=\"async\"\/>Artikel teilen<\/p>\n<p class=\"font-bold text-18 leading-17 user-text-lg:text-22 user-text-xl:text-24\">Ein Wohnhaus brennt am Freitagmorgen in Braunschweig-Querum. Der Rauch zieht bis \u00fcber die A2. Anwohner sollen Fenster und T\u00fcren schlie\u00dfen. Zwei Feuerwehrm\u00e4nner verletzten sich.<\/p>\n<p class=\"text-18 leading-17 user-text-lg:text-22 user-text-xl:text-24\">In Braunschweig-Querum bek\u00e4mpft die Feuerwehr seit Freitagmorgen einen Wohnhausbrand. Das Feuer brach gegen 6 Uhr im Bereich von Forststra\u00dfe und Habichtweg aus. Die Polizei informierte um 6.49 Uhr \u00fcber ihren WhatsApp-Kanal \u00fcber den Einsatz.<\/p>\n<p class=\"text-18 leading-17 user-text-lg:text-22 user-text-xl:text-24\">Ein Polizeisprecher sagte der &#8222;Braunschweiger Zeitung&#8220;, es sei zun\u00e4chst nicht auszuschlie\u00dfen gewesen, dass Menschenleben in Gefahr seien. Nach Angaben der Feuerwehr verletzten sich zwei Einsatzkr\u00e4fte w\u00e4hrend der L\u00f6scharbeiten.<\/p>\n<p>Rauch kann Sicht auf A2 behindern<\/p>\n<p class=\"text-18 leading-17 user-text-lg:text-22 user-text-xl:text-24\">Der Brand verursacht eine starke Rauchentwicklung. Laut einer amtlichen Warnung zieht die Wolke in nord\u00f6stlicher Richtung bis \u00fcber die Autobahn 2 hinaus.<\/p>\n<ul class=\"text-18 leading-17 block pl-24 *:pb-16 *:before:inline-block *:before:size-8 *:before:bg-magenta *:before:mt-0 *:before:mr-12 *:before:mb-2 *:before:-ml-[20px]\">\n<li><strong class=\"font-bold\">Amtliche Warnung:<\/strong> <a href=\"https:\/\/braunschweig.t-online.de\/region\/braunschweig\/id_101419746\/wetterwarnung-braunschweig-sturmboeen-bis-75-km-h-dann-kommt-der-regen.html\" class=\"transition-colors cursor-pointer no-underline md:hover:text-magenta md:focus:text-magenta border-b border-solid border-current text-salemsfur md:hover:border-magenta\" data-tracking=\"{&quot;action&quot;:&quot;click&quot;,&quot;category&quot;:&quot;intextLink&quot;,&quot;label&quot;:&quot;\/region\/braunschweig\/id_101419746\/wetterwarnung-braunschweig-sturmboeen-bis-75-km-h-dann-kommt-der-regen.html&quot;}\" data-sctrack=\"BodyAnchor\" rel=\"nofollow noopener\" target=\"_blank\">Sturmb\u00f6en treffen Braunschweig \u2013 Anwohner sollten jetzt handeln<\/a><\/li>\n<li><strong class=\"font-bold\">Dieses Wochenende:<\/strong> <a href=\"https:\/\/braunschweig.t-online.de\/region\/braunschweig\/id_101418584\/stoppelfeldrennen-in-wendeburg-dieses-wochenende-startet-es-wieder-.html\" class=\"transition-colors cursor-pointer no-underline md:hover:text-magenta md:focus:text-magenta border-b border-solid border-current text-salemsfur md:hover:border-magenta\" data-tracking=\"{&quot;action&quot;:&quot;click&quot;,&quot;category&quot;:&quot;intextLink&quot;,&quot;label&quot;:&quot;\/region\/braunschweig\/id_101418584\/stoppelfeldrennen-in-wendeburg-dieses-wochenende-startet-es-wieder-.html&quot;}\" data-sctrack=\"BodyAnchor\" rel=\"nofollow noopener\" target=\"_blank\">Staub, Speed und Superfinale \u2013 so l\u00e4uft das Stoppelfeldrennen<\/a><\/li>\n<\/ul>\n<p class=\"text-18 leading-17 user-text-lg:text-22 user-text-xl:text-24\">Zwischen der Anschlussstelle Braunschweig-Flughafen und dem Autobahnkreuz Braunschweig-Nord kann der Rauch nach Angaben der Polizei die Sicht behindern. Die Integrierte Regionalleitstelle r\u00e4t Anwohnern \u00fcber die Warn-App NINA, vorsorglich Fenster und T\u00fcren zu schlie\u00dfen. Eine Gefahr bestehe nicht.<\/p>\n<p class=\"text-18 leading-17 user-text-lg:text-22 user-text-xl:text-24\">Die Einsatzkr\u00e4fte haben die Forststra\u00dfe zwischen Steinriedendamm und Bevenroder Stra\u00dfe f\u00fcr die L\u00f6scharbeiten auf einen Fahrstreifen verengt, berichtet die &#8222;Braunschweiger Zeitung&#8220;. Die Feuerwehr bittet in den sozialen Medien darum, den Bereich weitr\u00e4umig zu umfahren. Die Brandursache ist noch unbekannt.<\/p>\n","protected":false},"excerpt":{"rendered":"Wohnhaus brennt Rauchwolke zieht \u00fcber Braunschweig \u2013 Warnung Aktualisiert am 04.09.2026 &#8211; 08:48 UhrLesedauer: 1 Min. Eine dichte&hellip;\n","protected":false},"author":2,"featured_media":1279724,"comment_status":"","ping_status":"","sticky":false,"template":"","format":"standard","meta":{"footnotes":"","_share_on_mastodon":"0"},"categories":[1850],"tags":[722,6429,264059,3364,29,548,663,3934,985,250629,30,13,14,15,1411,121,264060,34171,12,672],"class_list":["post-1279723","post","type-post","status-publish","format-standard","has-post-thumbnail","category-braunschweig","tag-722","tag-braunschweig","tag-braunschweig-querum","tag-de","tag-deutschland","tag-eu","tag-europa","tag-europe","tag-feuerwehr","tag-gefahreninformation","tag-germany","tag-headlines","tag-nachrichten","tag-news","tag-niedersachsen","tag-polizei","tag-querum","tag-rauchwolke","tag-schlagzeilen","tag-whatsapp"],"share_on_mastodon":{"url":"https:\/\/pubeurope.com\/@de\/117211716638234636","error":""},"_links":{"self":[{"href":"https:\/\/www.europesays.com\/de\/wp-json\/wp\/v2\/posts\/1279723","targetHints":{"allow":["GET"]}}],"collection":[{"href":"https:\/\/www.europesays.com\/de\/wp-json\/wp\/v2\/posts"}],"about":[{"href":"https:\/\/www.europesays.com\/de\/wp-json\/wp\/v2\/types\/post"}],"author":[{"embeddable":true,"href":"https:\/\/www.europesays.com\/de\/wp-json\/wp\/v2\/users\/2"}],"replies":[{"embeddable":true,"href":"https:\/\/www.europesays.com\/de\/wp-json\/wp\/v2\/comments?post=1279723"}],"version-history":[{"count":0,"href":"https:\/\/www.europesays.com\/de\/wp-json\/wp\/v2\/posts\/1279723\/revisions"}],"wp:featuredmedia":[{"embeddable":true,"href":"https:\/\/www.europesays.com\/de\/wp-json\/wp\/v2\/media\/1279724"}],"wp:attachment":[{"href":"https:\/\/www.europesays.com\/de\/wp-json\/wp\/v2\/media?parent=1279723"}],"wp:term":[{"taxonomy":"category","embeddable":true,"href":"https:\/\/www.europesays.com\/de\/wp-json\/wp\/v2\/categories?post=1279723"},{"taxonomy":"post_tag","embeddable":true,"href":"https:\/\/www.europesays.com\/de\/wp-json\/wp\/v2\/tags?post=1279723"}],"curies":[{"name":"wp","href":"https:\/\/api.w.org\/{rel}","templated":true}]}}