{"id":1279727,"date":"2026-09-04T08:00:22","date_gmt":"2026-09-04T08:00:22","guid":{"rendered":"https:\/\/www.europesays.com\/de\/1279727\/"},"modified":"2026-09-04T08:00:22","modified_gmt":"2026-09-04T08:00:22","slug":"circus-verona-in-gladbeck-100-freikarten-fuer-familien","status":"publish","type":"post","link":"https:\/\/www.europesays.com\/de\/1279727\/","title":{"rendered":"Circus Verona in Gladbeck: 100 Freikarten f\u00fcr Familien"},"content":{"rendered":"<p><a title=\"Circus Verona in Gladbeck \u2013 Artistin mit Hunden in der Manege\" href=\"https:\/\/neue-gladbecker-zeitung.de\/circus-verona-in-gladbeck-100-freikarten-fuer-familien\/circus-verona-in-gladbeck-artistin-mit-hunden-in-der-manege_ergebnis\/\" rel=\"nofollow noopener\" target=\"_blank\"><img fetchpriority=\"high\" width=\"678\" height=\"381\" src=\"https:\/\/www.europesays.com\/de\/wp-content\/uploads\/2026\/09\/Circus-Verona-in-Gladbeck-\u2013-Artistin-mit-Hunden-in-der-Manege_ergebnis.webp\" class=\"attachment-mh-magazine-content size-mh-magazine-content wp-post-image\" alt=\"Artistin mit drei schwarzen Hunden bei einer Vorstellung des Circus Verona\" title=\"Circus Verona in Gladbeck \u2013 Artistin mit Hunden in der Manege\" loading=\"eager\" decoding=\"async\"  \/><\/a><br \/>\nCircus Verona gastiert vom 4. bis 13. September in Gladbeck. Foto: Circus Verona<\/p>\n<p><strong>Der Circus Verona gastiert vom 4. bis 13. September wieder in Gladbeck. Die Familie Tr\u00e4nkler hat f\u00fcr das Gastspiel eine besondere Aktion angek\u00fcndigt: Insgesamt 100 Freikarten sollen an Familien verschenkt werden, die sich einen Circusbesuch sonst m\u00f6glicherweise nicht leisten k\u00f6nnten.<\/strong><\/p>\n<p><strong>Gladbeck \u2013 04.09.2026 \u2013\u00a0<\/strong>Der Circus Verona schl\u00e4gt sein Zelt an der Johnstra\u00dfe 42 auf der Festwiese auf. Die Familie Tr\u00e4nkler gastiert nach eigenen Angaben seit vielen Jahren regelm\u00e4\u00dfig in Gladbeck und m\u00f6chte das Publikum in diesem Jahr mit einer komplett neuen Show begr\u00fc\u00dfen.<\/p>\n<p>&gt;&gt;&gt; <strong>Den NGZ-Newsletter:<\/strong>\u00a0<a href=\"https:\/\/neue-gladbecker-zeitung.de\/newsletter-der-ngz\/\" target=\"_blank\" rel=\"noopener nofollow\" data-category-full-path=\"\/staedte\/gladbeck\/\" data-paid-status=\"free\" data-article-publish-date=\"1595937600\">hier gratis abonnieren<\/a>\u00a0|\u00a0<strong>Folgen Sie uns<\/strong>\u00a0<strong>auch<\/strong>\u00a0auf\u00a0<a href=\"https:\/\/www.facebook.com\/NeueGladbeckerZeitung\/\" target=\"_blank\" rel=\"noopener nofollow\">Facebook<\/a>\u00a0und auf\u00a0<a href=\"https:\/\/www.instagram.com\/neuegladbeckerzeitung\/\" target=\"_blank\" rel=\"noopener nofollow\">Instagram<\/a>\u00a0|<br \/><strong>Hier erhalten Sie alle Nachrichten sofort im<\/strong>\u00a0<a href=\"https:\/\/whatsapp.com\/channel\/0029VaAJZdH8F2pIH21PF72X\" target=\"_blank\" rel=\"noopener nofollow\">WhatsApp-Kanal<\/a> | Unsere: <a href=\"https:\/\/neue-gladbecker-zeitung.de\/blaulicht\/\" target=\"_blank\" rel=\"noopener nofollow\">Polizei- und Feuerwehrartikel<\/a> &lt;&lt;&lt;<\/p>\n<p>So k\u00f6nnen sich Familien f\u00fcr die Freikarten bewerben<\/p>\n<p>Familien, die an der Aktion teilnehmen m\u00f6chten, k\u00f6nnen eine WhatsApp-Nachricht an die Circus-Hotline <strong>0163 \/ 51 06 221<\/strong> schicken. Darin sollen sie erz\u00e4hlen, warum gerade ihre Familie die Freikarten bekommen sollte.<\/p>\n<p>Mit der Aktion m\u00f6chte die Familie Tr\u00e4nkler nach eigenen Angaben auch Menschen einen gemeinsamen Circusbesuch erm\u00f6glichen, f\u00fcr die ein solcher Ausflug finanziell nicht selbstverst\u00e4ndlich ist.<\/p>\n<p>Bereits in den vergangenen Jahren hat der Circus Verona in Gladbeck gastiert. Die NGZ berichtete unter anderem \u00fcber <a href=\"https:\/\/neue-gladbecker-zeitung.de\/circus-verona-gastiert-in-gladbeck\/\" rel=\"nofollow noopener\" target=\"_blank\">das Gastspiel des Circus Verona im Jahr 2025<\/a> sowie \u00fcber <a href=\"https:\/\/neue-gladbecker-zeitung.de\/circus-verona-kommt-nach-gladbeck-zauber-der-manege\/\" rel=\"nofollow noopener\" target=\"_blank\">das Gastspiel im Jahr 2024<\/a>.<\/p>\n<p>Circus Verona vom 4. bis 13. September in Gladbeck<\/p>\n<p>Die Vorstellungen beginnen an den regul\u00e4ren Spieltagen jeweils um 16 Uhr. Am Sonntag, 13. September, findet die letzte Vorstellung bereits um 11 Uhr statt.<\/p>\n<p>Am Montag, Dienstag und Mittwoch, also am 7., 8. und 9. September, gibt es keine Vorstellungen.<\/p>\n<p>Auch an den Familientagen gibt es ein besonderes Angebot: Am Freitag, 4. September, sowie am Donnerstag, 10. September, und Freitag, 11. September, zahlen Erwachsene den Kinderpreis. Erm\u00e4\u00dfigungskarten gelten an diesen Tagen nicht.<\/p>\n<p>Die Termine des Circus Verona in Gladbeck<\/p>\n<p><strong>Freitag, 4. September:<\/strong> 16 Uhr<\/p>\n<p><strong>Samstag, 5. September:<\/strong> 16 Uhr<\/p>\n<p><strong>Sonntag, 6. September:<\/strong> 16 Uhr<\/p>\n<p><strong>Montag, 7. September:<\/strong> keine Vorstellung<\/p>\n<p><strong>Dienstag, 8. September:<\/strong> keine Vorstellung<\/p>\n<p><strong>Mittwoch, 9. September:<\/strong> keine Vorstellung<\/p>\n<p><strong>Donnerstag, 10. September:<\/strong> 16 Uhr<\/p>\n<p><strong>Freitag, 11. September:<\/strong> 16 Uhr<\/p>\n<p><strong>Samstag, 12. September:<\/strong> 16 Uhr<\/p>\n<p><strong>Sonntag, 13. September:<\/strong> 11 Uhr<\/p>\n<p>Familientage mit Kinderpreisen f\u00fcr Erwachsene<\/p>\n<p>Die drei Familientage sind <strong>Freitag, 4. September, Donnerstag, 10. September, und Freitag, 11. September<\/strong>. An diesen Tagen zahlen Erwachsene den Kinderpreis. Erm\u00e4\u00dfigungskarten k\u00f6nnen dann nicht eingesetzt werden.<\/p>\n<p>Wer sich f\u00fcr die Freikarten-Aktion interessiert, kann sich per WhatsApp unter <strong>0163 \/ 51 06 221<\/strong> an den Circus Verona wenden.<\/p>\n<p>Der Circus Verona gastiert an der <strong>Johnstra\u00dfe 42 auf der Festwiese in Gladbeck<\/strong>.<\/p>\n<p><a style=\"color: #ff0000;\" href=\"https:\/\/neue-gladbecker-zeitung.de\" rel=\"nofollow noopener\" target=\"_blank\">Zur Startseite<\/a><\/p>\n<p>\t<script async src=\"\/\/www.instagram.com\/embed.js\"><\/script><\/p>\n","protected":false},"excerpt":{"rendered":"Circus Verona gastiert vom 4. bis 13. September in Gladbeck. Foto: Circus Verona Der Circus Verona gastiert vom&hellip;\n","protected":false},"author":2,"featured_media":1279728,"comment_status":"","ping_status":"","sticky":false,"template":"","format":"standard","meta":{"footnotes":"","_share_on_mastodon":"0"},"categories":[1848],"tags":[264061,3364,29,548,663,3934,264062,5431,16063,3658,30,17275,13,264063,14,15,1209,12,3866,6330],"class_list":["post-1279727","post","type-post","status-publish","format-standard","has-post-thumbnail","category-gelsenkirchen","tag-circus-verona","tag-de","tag-deutschland","tag-eu","tag-europa","tag-europe","tag-familie-traenkler","tag-familien","tag-freikarten","tag-gelsenkirchen","tag-germany","tag-gladbeck","tag-headlines","tag-johnstrasse","tag-nachrichten","tag-news","tag-nordrhein-westfalen","tag-schlagzeilen","tag-veranstaltungen","tag-zirkus"],"share_on_mastodon":{"url":"https:\/\/pubeurope.com\/@de\/117211722833891423","error":""},"_links":{"self":[{"href":"https:\/\/www.europesays.com\/de\/wp-json\/wp\/v2\/posts\/1279727","targetHints":{"allow":["GET"]}}],"collection":[{"href":"https:\/\/www.europesays.com\/de\/wp-json\/wp\/v2\/posts"}],"about":[{"href":"https:\/\/www.europesays.com\/de\/wp-json\/wp\/v2\/types\/post"}],"author":[{"embeddable":true,"href":"https:\/\/www.europesays.com\/de\/wp-json\/wp\/v2\/users\/2"}],"replies":[{"embeddable":true,"href":"https:\/\/www.europesays.com\/de\/wp-json\/wp\/v2\/comments?post=1279727"}],"version-history":[{"count":0,"href":"https:\/\/www.europesays.com\/de\/wp-json\/wp\/v2\/posts\/1279727\/revisions"}],"wp:featuredmedia":[{"embeddable":true,"href":"https:\/\/www.europesays.com\/de\/wp-json\/wp\/v2\/media\/1279728"}],"wp:attachment":[{"href":"https:\/\/www.europesays.com\/de\/wp-json\/wp\/v2\/media?parent=1279727"}],"wp:term":[{"taxonomy":"category","embeddable":true,"href":"https:\/\/www.europesays.com\/de\/wp-json\/wp\/v2\/categories?post=1279727"},{"taxonomy":"post_tag","embeddable":true,"href":"https:\/\/www.europesays.com\/de\/wp-json\/wp\/v2\/tags?post=1279727"}],"curies":[{"name":"wp","href":"https:\/\/api.w.org\/{rel}","templated":true}]}}