{"id":1279743,"date":"2026-09-04T08:11:18","date_gmt":"2026-09-04T08:11:18","guid":{"rendered":"https:\/\/www.europesays.com\/de\/1279743\/"},"modified":"2026-09-04T08:11:18","modified_gmt":"2026-09-04T08:11:18","slug":"ploetzlich-kein-strom-kleine-panne-lockert-einschulungsfeier-der-i-doetze-in-bielefeld-auf","status":"publish","type":"post","link":"https:\/\/www.europesays.com\/de\/1279743\/","title":{"rendered":"Pl\u00f6tzlich kein Strom: Kleine Panne lockert Einschulungsfeier der i-D\u00f6tze in Bielefeld auf"},"content":{"rendered":"<p id=\"absatz1\" class=\"em_text\">Bielefeld-Brackwede. Das Warten hatte ein Ende: Am Donnerstag wurden in Bielefeld die neuen i-D\u00f6tze eingeschult. Die zentrale Einschulungsfeier der Stadt fand an der Queller Schule statt. Aufgeregte Kinder, stolze Eltern und bunte Schult\u00fcten sammelten sich in der Sporthalle der Schule.<\/p>\n<p id=\"absatz2\" class=\"em_text\">\u201eAn keinem anderen Tag im Jahr ist ein Raum so voller L\u00e4cheln wie heute\u201c, stellte Schulleiter Dominik Braus fest. An der Feier nahmen neben den neuen Schulkindern, ihren Eltern und den zust\u00e4ndigen Lehrkr\u00e4ften auch die Oberb\u00fcrgermeisterin Christiana Bauer und engagierte Vertreter in Sachen Bildung f\u00fcr die Stadt Bielefeld teil.<\/p>\n<p id=\"absatz3\" class=\"em_text\">Bauer, die am Freitag ihre eigene Tochter zur Einschulung begleiten wird, richtete sich in ihren Worten direkt an die Erstkl\u00e4ssler. Sie w\u00fcnsche ihnen f\u00fcr ihr neues Abenteuer viel Neugier und den Mut, Fragen zu stellen, Neues auszuprobieren und nicht aufzugeben, wenn etwas mal nicht nach Plan laufe. Zentral f\u00fcr eine gelungene Bildung sei neben dem Lernen von Lesen, Schreiben und Rechnen, eine starke Gemeinschaft in der Schule zu leben. Dies funktioniere \u00fcber den Unterricht hinaus und nicht ohne das Engagement vieler Lehrkr\u00e4fte, Eltern und Vereine.<\/p>\n<p>Warnwesten f\u00fcr alle Bielefelder i-D\u00f6tze<\/p>\n<p id=\"absatz4\" class=\"em_text\">Arnd Schilak schenkte f\u00fcr die Verkehrswacht allen 3.180 eingeschulten Bielefelder Kindern eine Warnweste. Die Zweitkl\u00e4ssler der Queller Schule hie\u00dfen ihre neuen Mitsch\u00fcler mit Musik willkommen. Die Stimmung wurde zudem von einem der kleinsten G\u00e4ste erheitert, der inmitten der Veranstaltung mit dem Ziehen eines Steckers die gesamte Soundanlage lahmlegte. <\/p>\n","protected":false},"excerpt":{"rendered":"Bielefeld-Brackwede. Das Warten hatte ein Ende: Am Donnerstag wurden in Bielefeld die neuen i-D\u00f6tze eingeschult. Die zentrale Einschulungsfeier&hellip;\n","protected":false},"author":2,"featured_media":1279744,"comment_status":"","ping_status":"","sticky":false,"template":"","format":"standard","meta":{"footnotes":"","_share_on_mastodon":"0"},"categories":[1841],"tags":[6041,1605,28242,76883,3364,29,264065,27676,264064,101152,30,9310,198715,736,25952,1613,1209,97186],"class_list":["post-1279743","post","type-post","status-publish","format-standard","has-post-thumbnail","category-bielefeld","tag-abenteuer","tag-bielefeld","tag-brackwede","tag-christiana-bauer","tag-de","tag-deutschland","tag-dominik-braus","tag-einschulung","tag-einschulungsfeier","tag-erstklaessler","tag-germany","tag-label_social","tag-meta_artikelklasse_nische","tag-meta_copyrights_nw","tag-meta_themen_uni_bildung","tag-meta_userneeds_informieremich","tag-nordrhein-westfalen","tag-schultuete"],"share_on_mastodon":{"url":"https:\/\/pubeurope.com\/@de\/117211764374089264","error":""},"_links":{"self":[{"href":"https:\/\/www.europesays.com\/de\/wp-json\/wp\/v2\/posts\/1279743","targetHints":{"allow":["GET"]}}],"collection":[{"href":"https:\/\/www.europesays.com\/de\/wp-json\/wp\/v2\/posts"}],"about":[{"href":"https:\/\/www.europesays.com\/de\/wp-json\/wp\/v2\/types\/post"}],"author":[{"embeddable":true,"href":"https:\/\/www.europesays.com\/de\/wp-json\/wp\/v2\/users\/2"}],"replies":[{"embeddable":true,"href":"https:\/\/www.europesays.com\/de\/wp-json\/wp\/v2\/comments?post=1279743"}],"version-history":[{"count":0,"href":"https:\/\/www.europesays.com\/de\/wp-json\/wp\/v2\/posts\/1279743\/revisions"}],"wp:featuredmedia":[{"embeddable":true,"href":"https:\/\/www.europesays.com\/de\/wp-json\/wp\/v2\/media\/1279744"}],"wp:attachment":[{"href":"https:\/\/www.europesays.com\/de\/wp-json\/wp\/v2\/media?parent=1279743"}],"wp:term":[{"taxonomy":"category","embeddable":true,"href":"https:\/\/www.europesays.com\/de\/wp-json\/wp\/v2\/categories?post=1279743"},{"taxonomy":"post_tag","embeddable":true,"href":"https:\/\/www.europesays.com\/de\/wp-json\/wp\/v2\/tags?post=1279743"}],"curies":[{"name":"wp","href":"https:\/\/api.w.org\/{rel}","templated":true}]}}