{"id":1279747,"date":"2026-09-04T08:13:16","date_gmt":"2026-09-04T08:13:16","guid":{"rendered":"https:\/\/www.europesays.com\/de\/1279747\/"},"modified":"2026-09-04T08:13:16","modified_gmt":"2026-09-04T08:13:16","slug":"politiker-fordern-loesung-fuer-verkehr-am-wuppertaler-freibad-maehlersbeck","status":"publish","type":"post","link":"https:\/\/www.europesays.com\/de\/1279747\/","title":{"rendered":"Politiker fordern L\u00f6sung f\u00fcr Verkehr am Wuppertaler Freibad M\u00e4hlersbeck"},"content":{"rendered":"<p class=\"text_ohne_einzug richtext text-em-55 !leading-serif mx-6 desktop:mx-0\">Die Stadtverwaltung soll eine tragf\u00e4hige L\u00f6sung f\u00fcr die Park- und Verkehrssituation rund um das Freibad M\u00e4hlersbeck finden. Diesen Auftrag gibt die Bezirksvertretung Oberbarmen den st\u00e4dtischen Planern. Einem entsprechenden Antrag der CDU-Fraktion stimmten die \u00fcbrigen Politiker des Stadtteilparlaments in der Sitzung am Dienstag einstimmig zu.<\/p>\n","protected":false},"excerpt":{"rendered":"Die Stadtverwaltung soll eine tragf\u00e4hige L\u00f6sung f\u00fcr die Park- und Verkehrssituation rund um das Freibad M\u00e4hlersbeck finden. Diesen&hellip;\n","protected":false},"author":2,"featured_media":1279748,"comment_status":"","ping_status":"","sticky":false,"template":"","format":"standard","meta":{"footnotes":"","_share_on_mastodon":"0"},"categories":[1840],"tags":[26442,10339,14769,42126,20151,3364,29,29460,10860,264066,248487,30,26375,49432,1209,17471,3624,79234,165050,8430,264068,15151,55749,264067,4418,57944],"class_list":["post-1279747","post","type-post","status-publish","format-standard","has-post-thumbnail","category-wuppertal","tag-anwohnerinnen","tag-antrag","tag-anwohner","tag-anwohnerin","tag-bezirksvertretung","tag-de","tag-deutschland","tag-flaechen","tag-freibad","tag-freibadbesuchs","tag-geparkter","tag-germany","tag-loesung","tag-maehlersbeck","tag-nordrhein-westfalen","tag-oberbarmen","tag-park","tag-parkende","tag-parkflaechen","tag-parkplaetze","tag-parkverbote","tag-politiker","tag-pruefen","tag-quartiersparkplatz","tag-wuppertal","tag-zugeparkt"],"share_on_mastodon":{"url":"https:\/\/pubeurope.com\/@de\/117211772029452143","error":""},"_links":{"self":[{"href":"https:\/\/www.europesays.com\/de\/wp-json\/wp\/v2\/posts\/1279747","targetHints":{"allow":["GET"]}}],"collection":[{"href":"https:\/\/www.europesays.com\/de\/wp-json\/wp\/v2\/posts"}],"about":[{"href":"https:\/\/www.europesays.com\/de\/wp-json\/wp\/v2\/types\/post"}],"author":[{"embeddable":true,"href":"https:\/\/www.europesays.com\/de\/wp-json\/wp\/v2\/users\/2"}],"replies":[{"embeddable":true,"href":"https:\/\/www.europesays.com\/de\/wp-json\/wp\/v2\/comments?post=1279747"}],"version-history":[{"count":0,"href":"https:\/\/www.europesays.com\/de\/wp-json\/wp\/v2\/posts\/1279747\/revisions"}],"wp:featuredmedia":[{"embeddable":true,"href":"https:\/\/www.europesays.com\/de\/wp-json\/wp\/v2\/media\/1279748"}],"wp:attachment":[{"href":"https:\/\/www.europesays.com\/de\/wp-json\/wp\/v2\/media?parent=1279747"}],"wp:term":[{"taxonomy":"category","embeddable":true,"href":"https:\/\/www.europesays.com\/de\/wp-json\/wp\/v2\/categories?post=1279747"},{"taxonomy":"post_tag","embeddable":true,"href":"https:\/\/www.europesays.com\/de\/wp-json\/wp\/v2\/tags?post=1279747"}],"curies":[{"name":"wp","href":"https:\/\/api.w.org\/{rel}","templated":true}]}}